{"id":17502,"date":"2023-10-09T19:08:54","date_gmt":"2023-10-10T01:08:54","guid":{"rendered":"https:\/\/www.aquilaguna.com\/?p=17502"},"modified":"2023-10-09T19:08:54","modified_gmt":"2023-10-10T01:08:54","slug":"fallida-explotacion-de-gas-shale-impulso-nuevas-vocaciones-economicas-en-todo-el-estado","status":"publish","type":"post","link":"https:\/\/www.aquilaguna.com\/index.php\/2023\/10\/09\/fallida-explotacion-de-gas-shale-impulso-nuevas-vocaciones-economicas-en-todo-el-estado\/","title":{"rendered":"Fallida explotaci\u00f3n de gas shale impuls\u00f3 nuevas vocaciones econ\u00f3micas en todo el Estado."},"content":{"rendered":"\n<p>Torre\u00f3n, Coahuila.- Cita el Gobernador Miguel\u00a0 Angel RIquelme Solis, que\u00a0 la fallida explotaci\u00f3n\u00a0 de\u00a0 gas\u00a0 shale en el territorio que le corresponde a\u00a0 Coahuila en\u00a0 la denominada Cuenca de Burgos, que impuls\u00f3 la b\u00fasqueda de nuevos derroteros o vocaciones econ\u00f3micos para todas y cada una de las regiones del Estado,\u00a0 y cuyos frutos \u00a0 ya se advierten\u00a0 en\u00a0 materia de generaci\u00f3n de empleos y el desarrollo subsecuente.<\/p>\n\n\n\n<p>Preguntado su experiencia que le gener\u00f3 impulsar, en el caso de la zona lagunero, la b\u00fasqueda de inversiones que lo llevaron al extranjero en especial a algunos pa\u00edses del oriente.<\/p>\n\n\n\n<p>Indic\u00f3 que, &#8220;hay una redirecci\u00f3n de la econom\u00eda de Coahuila, que fue provocada por el impedimento del Gobierno Federal para la extracci\u00f3n del gas shale, que era la consecuencia\u00a0 m\u00e1s pr\u00f3xima para el econom\u00eda del Estado&#8221;.<\/p>\n\n\n\n<p>&#8220;A ra\u00edz de eso, nos dedicamos a fortalecer los cl\u00fasters automotrices en todo\u00a0 la entidad y la cadena de proveedores, lo cual&#8221;, afirm\u00f3, &#8220;ha funcionando con la manufactura\u00a0 y la mano de obra que requiere no solo el cluster automotriz, sino la cadena y la subcadena de\u00a0 la proveedur\u00eda local&#8221;.\u00a0\u00a0<\/p>\n\n\n\n<p>Afirm\u00f3 que, &#8220;esto ha provocado\u00a0 que el fen\u00f3meno de la relocalizaci\u00f3n\u00a0 se haya ido asentando aqu\u00ed, en Coahuila\u00a0 de distintas formas&#8221;.<\/p>\n\n\n\n<p>&#8220;Ya no me va a tocar&#8221;, anticip\u00f3, &#8220;pero la regi\u00f3n entr\u00f3 tambi\u00e9n va a tener un repunte importante\u00a0 con todo y lo que est\u00e1 pasando con el tema de AHMSA&#8221;.\u00a0\u00a0\u00a0<\/p>\n\n\n\n<p>No dej\u00f3 de\u00a0 mencionar que,\u00a0&#8220;en Coahuila se empieza a fabricar veh\u00edculos el\u00e9ctricos, lo que forzosamente\u00a0 se tendr\u00e1 la necesidad de su proveedur\u00eda, de la cual, se tiene una amplia experiencia\u00a0 en esa regi\u00f3n centro y en la carbon\u00edfera&#8221;.\u00a0<\/p>\n\n\n\n<p>&#8220;Eso, creo\u00a0 ser\u00e1 para Manolo Jim\u00e9nez uno de sus retos, pero adem\u00e1s, ya muy direccionados que \u00a0 tiene a futuro para la entidad&#8221;.<\/p>\n\n\n\n<p>&#8220;Aqu\u00ed, creo que el espacio que me ha dado la ciudadan\u00eda primero como alcalde y luego como Gobernador era una responsabilidad\u00a0 muy amplia el poder generar una inercia positiva para la Laguna, y hoy, la hay&#8221;.<\/p>\n\n\n\n<p>Aqu\u00ed, dijo, &#8220;las casualidades no existen\u00a0 y hay un trabajo de la sociedad y el gobierno\u00a0 que est\u00e1 generando resultados positivos; mucho empleo, viene mucha inversi\u00f3n en la industrial, no solo para la comarca, sino para todo el Estado&#8221;.<\/p>\n\n\n\n<p>No dej\u00f3 de mencionar que, &#8220;Coahuila alcanz\u00f3 el ser el segundo Estado \u00a0 m\u00e1s exportador del pa\u00eds y va a seguir creciendo&#8221;.\u00a0<\/p>\n\n\n\n<p>Cit\u00f3 que en lo va la\u00a0 fabricaci\u00f3n de\u00a0 los veh\u00edculos el\u00e9ctricos,\u00a0 que aclar\u00f3, &#8220;no ser\u00e1n para consumo\u00a0 interno, sino para su exportaci\u00f3n, con lo que tal tema, va a crecer aun m\u00e1s&#8221;.<\/p>\n\n\n\n<p>Augur\u00f3 incluso que en los pr\u00f3ximos meses\u00a0 Coahuila\u00a0 alcanzar\u00e1 el ser\u00a0 el primer\u00a0 sitio \u00a0 en el pa\u00eds con dicho tema.<\/p>\n\n\n\n<p>Eso, afirmo, &#8220;es satisfactorio. Pero\u00a0 se debe palpar por el ciudadano. Son buenos tiempos para Coahuila. El noreste\u00a0 deber\u00eda aprovecharlo, no solo Coahuila&#8221;.<\/p>\n\n\n\n<p>Cit\u00f3 que los ocho nuevos parques industriales\u00a0 creados en Coahuila, de los cuales tres se encuentran en esta zona, son financiados por particulares,\u00a0 de \u00a0 familias, &#8220;que no le meten un peso bueno al malo. Saben lo que est\u00e1n haciendo&#8221;, citando a las familias Mel\u00e9ndez, los Ram\u00f3n y ahora, a los\u00a0 Manzur.\u00a0\u00a0<\/p>\n\n\n\n<p>&#8220;Esto, tiene un gran significado, pues la microeconom\u00eda se nos compone mucho. Hay m\u00e1s consumo, menos delincuencia&#8221;.<\/p>\n","protected":false},"excerpt":{"rendered":"<p>Torre\u00f3n, Coahuila.- Cita el Gobernador Miguel\u00a0 Angel RIquelme Solis, que\u00a0 la fallida explotaci\u00f3n\u00a0 de\u00a0 gas\u00a0 shale en el territorio que le corresponde a\u00a0 Coahuila en\u00a0 la denominada Cuenca de Burgos, que impuls\u00f3 la b\u00fasqueda de nuevos derroteros o vocaciones econ\u00f3micos para todas y cada una de las regiones del Estado,\u00a0 y cuyos frutos \u00a0 ya se advierten\u00a0 en\u00a0 materia de generaci\u00f3n de empleos y el desarrollo subsecuente. Preguntado su experiencia&#8230;<\/p>\n","protected":false},"author":2,"featured_media":0,"comment_status":"closed","ping_status":"","sticky":false,"template":"","format":"standard","meta":{"footnotes":""},"categories":[5,29,15],"tags":[],"class_list":["post-17502","post","type-post","status-publish","format-standard","hentry","category-coahuila","category-economia","category-gobierno-de-coahuila","wpcat-5-id","wpcat-29-id","wpcat-15-id"],"_links":{"self":[{"href":"https:\/\/www.aquilaguna.com\/index.php\/wp-json\/wp\/v2\/posts\/17502","targetHints":{"allow":["GET"]}}],"collection":[{"href":"https:\/\/www.aquilaguna.com\/index.php\/wp-json\/wp\/v2\/posts"}],"about":[{"href":"https:\/\/www.aquilaguna.com\/index.php\/wp-json\/wp\/v2\/types\/post"}],"author":[{"embeddable":true,"href":"https:\/\/www.aquilaguna.com\/index.php\/wp-json\/wp\/v2\/users\/2"}],"replies":[{"embeddable":true,"href":"https:\/\/www.aquilaguna.com\/index.php\/wp-json\/wp\/v2\/comments?post=17502"}],"version-history":[{"count":1,"href":"https:\/\/www.aquilaguna.com\/index.php\/wp-json\/wp\/v2\/posts\/17502\/revisions"}],"predecessor-version":[{"id":17503,"href":"https:\/\/www.aquilaguna.com\/index.php\/wp-json\/wp\/v2\/posts\/17502\/revisions\/17503"}],"wp:attachment":[{"href":"https:\/\/www.aquilaguna.com\/index.php\/wp-json\/wp\/v2\/media?parent=17502"}],"wp:term":[{"taxonomy":"category","embeddable":true,"href":"https:\/\/www.aquilaguna.com\/index.php\/wp-json\/wp\/v2\/categories?post=17502"},{"taxonomy":"post_tag","embeddable":true,"href":"https:\/\/www.aquilaguna.com\/index.php\/wp-json\/wp\/v2\/tags?post=17502"}],"curies":[{"name":"wp","href":"https:\/\/api.w.org\/{rel}","templated":true}]}}