{"id":17597,"date":"2023-10-16T18:09:05","date_gmt":"2023-10-17T00:09:05","guid":{"rendered":"https:\/\/www.aquilaguna.com\/?p=17597"},"modified":"2023-10-16T18:09:05","modified_gmt":"2023-10-17T00:09:05","slug":"llevan-el-programa-planta-y-cuida-a-villa-florida-y-al-canon-de-jimulco","status":"publish","type":"post","link":"https:\/\/www.aquilaguna.com\/index.php\/2023\/10\/16\/llevan-el-programa-planta-y-cuida-a-villa-florida-y-al-canon-de-jimulco\/","title":{"rendered":"Llevan el programa \u201cPlanta y Cuida\u201d a Villa Florida y al Ca\u00f1\u00f3n de Jimulco."},"content":{"rendered":"\n<p>Torre\u00f3n, Coahuila. A 16 de octubre de 2023.<\/p>\n\n\n\n<p>A trav\u00e9s del programa \u201cPlanta y Cuida\u201d, el personal de la Direcci\u00f3n General de<br>Medio Ambiente (DGMA) llev\u00f3 a cabo acciones de reforestaci\u00f3n y donaci\u00f3n de<br>185 \u00e1rboles y plantas en la colonia Villa Florida y el Ca\u00f1\u00f3n de Jimulco.<\/p>\n\n\n\n<p>Susana Estens de la Garza, titular de la dependencia, detall\u00f3 que en colaboraci\u00f3n<br>con alumnos de la Universidad Polit\u00e9cnica de la Regi\u00f3n Laguna y vecinos del<br>sector de Villa Florida se realiz\u00f3 la donaci\u00f3n y plantaci\u00f3n de 75 especies.<\/p>\n\n\n\n<p>Lo anterior en una plaza ubicada en la colonia mencionada, evento en el que los<br>ciudadanos del sector se comprometieron a realizar el mantenimiento y riego<br>continuo de las especies, pues ese espacio representa un lugar de esparcimiento<br>para las familias.<\/p>\n\n\n\n<p>Adem\u00e1s, como parte del 20 aniversario de la Reserva Ecol\u00f3gica Municipal Sierra y<br>Ca\u00f1\u00f3n de Jimulco, la dependencia particip\u00f3 con la donaci\u00f3n de 110 \u00e1rboles para<br>las personas que viven en los ejidos de aquel sector.<\/p>\n\n\n\n<p>El evento se llev\u00f3 a cabo en el Barreal de Guadalupe y las especies fueron<br>repartidas de acuerdo con la necesidad de los lugares.<\/p>\n\n\n\n<p>La funcionaria dijo que otro de los objetivos es involucrar a escuelas, colonias,<br>empresas y organizaciones en la reforestaci\u00f3n de las diferentes \u00e1reas de la<br>ciudad.<\/p>\n\n\n\n<p>Record\u00f3 que los \u00e1rboles y vegetaci\u00f3n son importantes pues producen ox\u00edgeno,<br>generan nutrientes, mitigan las altas temperaturas del calor y fungen como parte<br>del h\u00e1bitat de la fauna.<\/p>\n","protected":false},"excerpt":{"rendered":"<p>Torre\u00f3n, Coahuila. A 16 de octubre de 2023. A trav\u00e9s del programa \u201cPlanta y Cuida\u201d, el personal de la Direcci\u00f3n General deMedio Ambiente (DGMA) llev\u00f3 a cabo acciones de reforestaci\u00f3n y donaci\u00f3n de185 \u00e1rboles y plantas en la colonia Villa Florida y el Ca\u00f1\u00f3n de Jimulco. Susana Estens de la Garza, titular de la dependencia, detall\u00f3 que en colaboraci\u00f3ncon alumnos de la Universidad Polit\u00e9cnica de la Regi\u00f3n Laguna y vecinos&#8230;<\/p>\n","protected":false},"author":1,"featured_media":17598,"comment_status":"closed","ping_status":"closed","sticky":false,"template":"","format":"standard","meta":{"footnotes":""},"categories":[5,28,7],"tags":[],"class_list":["post-17597","post","type-post","status-publish","format-standard","has-post-thumbnail","hentry","category-coahuila","category-la-laguna","category-torreon","wpcat-5-id","wpcat-28-id","wpcat-7-id"],"_links":{"self":[{"href":"https:\/\/www.aquilaguna.com\/index.php\/wp-json\/wp\/v2\/posts\/17597","targetHints":{"allow":["GET"]}}],"collection":[{"href":"https:\/\/www.aquilaguna.com\/index.php\/wp-json\/wp\/v2\/posts"}],"about":[{"href":"https:\/\/www.aquilaguna.com\/index.php\/wp-json\/wp\/v2\/types\/post"}],"author":[{"embeddable":true,"href":"https:\/\/www.aquilaguna.com\/index.php\/wp-json\/wp\/v2\/users\/1"}],"replies":[{"embeddable":true,"href":"https:\/\/www.aquilaguna.com\/index.php\/wp-json\/wp\/v2\/comments?post=17597"}],"version-history":[{"count":1,"href":"https:\/\/www.aquilaguna.com\/index.php\/wp-json\/wp\/v2\/posts\/17597\/revisions"}],"predecessor-version":[{"id":17599,"href":"https:\/\/www.aquilaguna.com\/index.php\/wp-json\/wp\/v2\/posts\/17597\/revisions\/17599"}],"wp:featuredmedia":[{"embeddable":true,"href":"https:\/\/www.aquilaguna.com\/index.php\/wp-json\/wp\/v2\/media\/17598"}],"wp:attachment":[{"href":"https:\/\/www.aquilaguna.com\/index.php\/wp-json\/wp\/v2\/media?parent=17597"}],"wp:term":[{"taxonomy":"category","embeddable":true,"href":"https:\/\/www.aquilaguna.com\/index.php\/wp-json\/wp\/v2\/categories?post=17597"},{"taxonomy":"post_tag","embeddable":true,"href":"https:\/\/www.aquilaguna.com\/index.php\/wp-json\/wp\/v2\/tags?post=17597"}],"curies":[{"name":"wp","href":"https:\/\/api.w.org\/{rel}","templated":true}]}}