{"id":17600,"date":"2023-10-16T18:10:44","date_gmt":"2023-10-17T00:10:44","guid":{"rendered":"https:\/\/www.aquilaguna.com\/?p=17600"},"modified":"2023-10-16T18:10:45","modified_gmt":"2023-10-17T00:10:45","slug":"entregan-certificaciones-y-estimulos-economicos-a-escuelas-publicas-de-torreon","status":"publish","type":"post","link":"https:\/\/www.aquilaguna.com\/index.php\/2023\/10\/16\/entregan-certificaciones-y-estimulos-economicos-a-escuelas-publicas-de-torreon\/","title":{"rendered":"Entregan certificaciones y est\u00edmulos econ\u00f3micos a escuelas p\u00fablicas de Torre\u00f3n."},"content":{"rendered":"\n<p>Torre\u00f3n, Coahuila. A 16 de octubre de 2023.<\/p>\n\n\n\n<p>El alcalde de Torre\u00f3n, Rom\u00e1n Alberto Cepeda Gonz\u00e1lez, y el gobernador de<br>Coahuila, Miguel \u00c1ngel Riquelme Sol\u00eds, entregaron certificaciones y est\u00edmulos<br>econ\u00f3micos a escuelas p\u00fablicas de Torre\u00f3n, dentro del programa CERTE.<br>\u00a0<br>El presidente municipal expres\u00f3 su reconocimiento al gobernador Miguel \u00c1ngel<br>Riquelme Sol\u00eds, a los maestros, a los sindicatos, as\u00ed como a todo el sector<br>educativo por su labor.<br>\u00a0<br>Dijo que ha sido en favor de la educaci\u00f3n de Torre\u00f3n, de La Laguna y de<br>Coahuila, para seguir abonando a la educaci\u00f3n de M\u00e9xico.<br>\u00a0<br>\u201cApostarle a la educaci\u00f3n, seguir incentiv\u00e1ndola desde cualquier trinchera que<br>sea, siempre ser\u00e1 apostarle al futuro de Torre\u00f3n, de La Laguna, de Coahuila y de<br>M\u00e9xico\u201d, expres\u00f3 el edil.<br>\u00a0<br>Cepeda Gonz\u00e1lez dijo estar seguro de que en Coahuila se le seguir\u00e1 apostando a<br>la gente, en darle a la ni\u00f1ez y juventud certeza y seguridad, para que puedan<br>construir aqu\u00ed su futuro.<br>\u00a0<br>El gobernador de Coahuila, Miguel \u00c1ngel Riquelme Sol\u00eds, agradeci\u00f3 al alcalde<br>Rom\u00e1n Alberto Cepeda Gonz\u00e1lez, con quien dijo se han sumado esfuerzos para<br>atender todos los temas, pero en especial el del sector educativo.<br>\u00a0<br>En cuanto a las certificaciones, consider\u00f3 que lo m\u00e1s importante es el impulso<br>para que el estado contin\u00fae obteniendo los primeros lugares en los indicadores de<br>educaci\u00f3n.<br>\u00a0<br>\u201cReconozco el respaldo otorgado por el Sindicato Nacional de Trabajadores de la<br>Educaci\u00f3n\u201d, coment\u00f3.<br>\u00a0<br>Dijo que su gobierno se distingui\u00f3 por la estabilidad y tranquilidad, y fue gracias a<br>las maestras y maestros de Coahuila, as\u00ed como a su fuerza laboral.<br>\u00a0<br>Francisco Saracho Navarro, secretario de educaci\u00f3n de Coahuila, dijo que CERTE<br>es una certificaci\u00f3n que tiene sus inicios en la administraci\u00f3n del gobernador<br>Miguel \u00c1ngel Riquelme Sol\u00eds, y es un esfuerzo para reconocer el trabajo de los<br>directores, cuerpo docente y padres de familia en favor de las instituciones<br>educativas.<\/p>\n\n\n\n<p>&nbsp;<br>Se trata de la tercera entrega de certificados y est\u00edmulos econ\u00f3micos a escuelas<br>p\u00fablicas del estado; en el proceso se inscribieron 182 escuelas de las cuales 139<br>obtuvieron su certificaci\u00f3n en alguno de los cuatro niveles de acuerdo con la<br>puntuaci\u00f3n obtenida.<br>&nbsp;<br>El secretario explic\u00f3 que la inscripci\u00f3n fue abierta a educaci\u00f3n inicial, preescolar,<br>primaria y secundaria, con una convocatoria que fue emitida al inicio del ciclo<br>escolar, en la cual se contemplan diferentes dimensiones a evaluar como<br>equipamiento e infraestructura, \u00edndices de aprendizaje, personal docente<br>competitivo, colaboraci\u00f3n y corresponsabilidad de los padres de familia, as\u00ed como<br>liderazgo directivo y docente.<br>&nbsp;<br>Un total de 45 escuelas de la regi\u00f3n Laguna y Centro Desierto reciben certificaci\u00f3n<br>y apoyo econ\u00f3mico para el mejoramiento de cada instituci\u00f3n.<br>&nbsp;<br>Jaime V\u00e1zquez de la Garza, director de la escuela primaria Emiliano Zapata, dijo<br>que alcanzar la certificaci\u00f3n requiere de ejercer un liderazgo profesional para<br>encaminar cada uno de los procesos de la gesti\u00f3n escolar.<br>&nbsp;<br>Dijo que el proceso de certificaci\u00f3n CERTE ayud\u00f3 a las escuelas a adoptar<br>medidas permanentes para mejorar en los indicadores del logro de los<br>aprendizajes de los estudiantes y en la gobernabilidad interna.<br>&nbsp;<br>Acudieron al evento Ver\u00f3nica Mart\u00ednez Garc\u00eda, senadora de la Rep\u00fablica, Jos\u00e9<br>Antonio Guti\u00e9rrez Jard\u00f3n, diputado federal; Mario Cepeda Ram\u00edrez, diputado local;<br>Everardo Padr\u00f3n Garc\u00eda, secretario general de la secci\u00f3n 5 del SNTE; Arturo Diaz<br>Gonz\u00e1lez, secretario general de la secci\u00f3n 35 del SNTE; Isela Lacer\u00edo Luevano,<br>secretaria general de la secci\u00f3n 38 del SNTE; Jorge Alberto Salcido Portillo,<br>subsecretario de educaci\u00f3n b\u00e1sica y Margarita Loera Leza, directora del Instituto<br>de Desarrollo Docente de Investigaci\u00f3n, Evaluaci\u00f3n y Certificaci\u00f3n.<\/p>\n","protected":false},"excerpt":{"rendered":"<p>Torre\u00f3n, Coahuila. A 16 de octubre de 2023. El alcalde de Torre\u00f3n, Rom\u00e1n Alberto Cepeda Gonz\u00e1lez, y el gobernador deCoahuila, Miguel \u00c1ngel Riquelme Sol\u00eds, entregaron certificaciones y est\u00edmulosecon\u00f3micos a escuelas p\u00fablicas de Torre\u00f3n, dentro del programa CERTE.\u00a0El presidente municipal expres\u00f3 su reconocimiento al gobernador Miguel \u00c1ngelRiquelme Sol\u00eds, a los maestros, a los sindicatos, as\u00ed como a todo el sectoreducativo por su labor.\u00a0Dijo que ha sido en favor de la educaci\u00f3n&#8230;<\/p>\n","protected":false},"author":1,"featured_media":17601,"comment_status":"closed","ping_status":"closed","sticky":false,"template":"","format":"standard","meta":{"footnotes":""},"categories":[5,28,7],"tags":[],"class_list":["post-17600","post","type-post","status-publish","format-standard","has-post-thumbnail","hentry","category-coahuila","category-la-laguna","category-torreon","wpcat-5-id","wpcat-28-id","wpcat-7-id"],"_links":{"self":[{"href":"https:\/\/www.aquilaguna.com\/index.php\/wp-json\/wp\/v2\/posts\/17600","targetHints":{"allow":["GET"]}}],"collection":[{"href":"https:\/\/www.aquilaguna.com\/index.php\/wp-json\/wp\/v2\/posts"}],"about":[{"href":"https:\/\/www.aquilaguna.com\/index.php\/wp-json\/wp\/v2\/types\/post"}],"author":[{"embeddable":true,"href":"https:\/\/www.aquilaguna.com\/index.php\/wp-json\/wp\/v2\/users\/1"}],"replies":[{"embeddable":true,"href":"https:\/\/www.aquilaguna.com\/index.php\/wp-json\/wp\/v2\/comments?post=17600"}],"version-history":[{"count":1,"href":"https:\/\/www.aquilaguna.com\/index.php\/wp-json\/wp\/v2\/posts\/17600\/revisions"}],"predecessor-version":[{"id":17602,"href":"https:\/\/www.aquilaguna.com\/index.php\/wp-json\/wp\/v2\/posts\/17600\/revisions\/17602"}],"wp:featuredmedia":[{"embeddable":true,"href":"https:\/\/www.aquilaguna.com\/index.php\/wp-json\/wp\/v2\/media\/17601"}],"wp:attachment":[{"href":"https:\/\/www.aquilaguna.com\/index.php\/wp-json\/wp\/v2\/media?parent=17600"}],"wp:term":[{"taxonomy":"category","embeddable":true,"href":"https:\/\/www.aquilaguna.com\/index.php\/wp-json\/wp\/v2\/categories?post=17600"},{"taxonomy":"post_tag","embeddable":true,"href":"https:\/\/www.aquilaguna.com\/index.php\/wp-json\/wp\/v2\/tags?post=17600"}],"curies":[{"name":"wp","href":"https:\/\/api.w.org\/{rel}","templated":true}]}}