{"id":17612,"date":"2023-10-17T18:09:36","date_gmt":"2023-10-18T00:09:36","guid":{"rendered":"https:\/\/www.aquilaguna.com\/?p=17612"},"modified":"2023-10-17T18:09:36","modified_gmt":"2023-10-18T00:09:36","slug":"el-presidente-quiere-fastidiar-a-la-corte-julen-rementeria","status":"publish","type":"post","link":"https:\/\/www.aquilaguna.com\/index.php\/2023\/10\/17\/el-presidente-quiere-fastidiar-a-la-corte-julen-rementeria\/","title":{"rendered":"EL PRESIDENTE QUIERE FASTIDIAR A LA CORTE: JULEN REMENTER\u00cdA."},"content":{"rendered":"\n<ul class=\"wp-block-list\">\n<li><strong>Tenemos la obligaci\u00f3n todos los mexicanos de defender al Poder Judicial porque es ese brazo que permite dirimir los conflictos entre qui\u00e9n tiene la raz\u00f3n de un lado o del otro<\/strong><\/li>\n<\/ul>\n\n\n\n<p>El coordinador de las y los senadores del Partido Acci\u00f3n Nacional (PAN), Julen Rementer\u00eda del Puerto, destac\u00f3 que, como muchas cosas, el Presidente se equivoca al simplemente opinar de cosas que no deb\u00eda de opinar tan a la ligera, como es el caso de los temas de la Suprema Corte de Justicia de la Naci\u00f3n (SCJN), m\u00e1s cuando su intenci\u00f3n es controlar a la Corte.<\/p>\n\n\n\n<p>\u201cHoy est\u00e1 sucediendo una circunstancia en donde con este af\u00e1n\u2026, porque en el fondo lo que hay, y hay que decirlo, el Presidente lo que quiere es fastidiar a la Corte, fastidiar al Poder Judicial, eso es lo que hay en el fondo y a partir de ah\u00ed lo que est\u00e1 haciendo es, tratando de acabar con todas las instituciones. En este caso ya no es una instituci\u00f3n, en este caso estamos hablando de un poder aut\u00f3nomo, uno de los tres poderes de la naci\u00f3n, que es el Poder Judicial\u201d, declar\u00f3.<\/p>\n\n\n\n<p>En entrevista con los medios de comunicaci\u00f3n, el l\u00edder de la bancada panista resalt\u00f3 que el Poder Judicial puede ser reformable, como todas las instituciones, pero no con la iniciativa que propone el Ejecutivo federal, para tener una Corte a su modo.<\/p>\n\n\n\n<p>\u201cYo creo que tenemos obligaci\u00f3n todos los mexicanos de defender al Poder Judicial porque al final es ese brazo que permite dirimir los conflictos entre qui\u00e9n tiene la raz\u00f3n de un lado o del otro, y es a trav\u00e9s de los juicios del Poder Judicial, pero en esta ocasi\u00f3n claramente los trabajadores del Poder Judicial han dicho que estos fideicomisos no son para darle privilegios a los ministros ni a la c\u00fapula, sino son justamente para trabajadores, que tienen precisamente su fuente laboral adscrita a dicho poder\u201d, precis\u00f3.<\/p>\n\n\n\n<p>Rementer\u00eda del Puerto remarc\u00f3 que si se tiene un Poder Judicial fuerte, aut\u00f3nomo e independiente se puede aspirar a tener Estado de Derecho en M\u00e9xico, y si no es as\u00ed, simplemente se tiene sometido y se tendr\u00e1 como resultado una dictadura donde pareciera que es hacia all\u00e1 donde se quiere encaminar el gobierno desde Palacio Nacional.<\/p>\n","protected":false},"excerpt":{"rendered":"<p>El coordinador de las y los senadores del Partido Acci\u00f3n Nacional (PAN), Julen Rementer\u00eda del Puerto, destac\u00f3 que, como muchas cosas, el Presidente se equivoca al simplemente opinar de cosas que no deb\u00eda de opinar tan a la ligera, como es el caso de los temas de la Suprema Corte de Justicia de la Naci\u00f3n (SCJN), m\u00e1s cuando su intenci\u00f3n es controlar a la Corte. \u201cHoy est\u00e1 sucediendo una circunstancia&#8230;<\/p>\n","protected":false},"author":1,"featured_media":0,"comment_status":"closed","ping_status":"closed","sticky":false,"template":"","format":"standard","meta":{"footnotes":""},"categories":[17,51],"tags":[],"class_list":["post-17612","post","type-post","status-publish","format-standard","hentry","category-pan","category-senado","wpcat-17-id","wpcat-51-id"],"_links":{"self":[{"href":"https:\/\/www.aquilaguna.com\/index.php\/wp-json\/wp\/v2\/posts\/17612","targetHints":{"allow":["GET"]}}],"collection":[{"href":"https:\/\/www.aquilaguna.com\/index.php\/wp-json\/wp\/v2\/posts"}],"about":[{"href":"https:\/\/www.aquilaguna.com\/index.php\/wp-json\/wp\/v2\/types\/post"}],"author":[{"embeddable":true,"href":"https:\/\/www.aquilaguna.com\/index.php\/wp-json\/wp\/v2\/users\/1"}],"replies":[{"embeddable":true,"href":"https:\/\/www.aquilaguna.com\/index.php\/wp-json\/wp\/v2\/comments?post=17612"}],"version-history":[{"count":1,"href":"https:\/\/www.aquilaguna.com\/index.php\/wp-json\/wp\/v2\/posts\/17612\/revisions"}],"predecessor-version":[{"id":17613,"href":"https:\/\/www.aquilaguna.com\/index.php\/wp-json\/wp\/v2\/posts\/17612\/revisions\/17613"}],"wp:attachment":[{"href":"https:\/\/www.aquilaguna.com\/index.php\/wp-json\/wp\/v2\/media?parent=17612"}],"wp:term":[{"taxonomy":"category","embeddable":true,"href":"https:\/\/www.aquilaguna.com\/index.php\/wp-json\/wp\/v2\/categories?post=17612"},{"taxonomy":"post_tag","embeddable":true,"href":"https:\/\/www.aquilaguna.com\/index.php\/wp-json\/wp\/v2\/tags?post=17612"}],"curies":[{"name":"wp","href":"https:\/\/api.w.org\/{rel}","templated":true}]}}