{"id":17646,"date":"2023-10-18T17:48:45","date_gmt":"2023-10-18T23:48:45","guid":{"rendered":"https:\/\/www.aquilaguna.com\/?p=17646"},"modified":"2023-10-18T17:48:46","modified_gmt":"2023-10-18T23:48:46","slug":"con-un-enfoque-integral-el-hospital-universitario-de-saltillo-realiza-el-simposio-hus-cancer-de-mama","status":"publish","type":"post","link":"https:\/\/www.aquilaguna.com\/index.php\/2023\/10\/18\/con-un-enfoque-integral-el-hospital-universitario-de-saltillo-realiza-el-simposio-hus-cancer-de-mama\/","title":{"rendered":"Con un Enfoque Integral el Hospital Universitario de Saltillo Realiza el Simposio \u201cHUS C\u00e1ncer de Mama\u201d."},"content":{"rendered":"\n<p>SALTILLO, Coahuila. 18 de octubre de 2023. Como parte de las actividades por la<br>conmemoraci\u00f3n por el D\u00eda Internacional de la Lucha contra el C\u00e1ncer de Mama,<br>que se celebra el 19 de octubre, la Universidad Aut\u00f3noma de Coahuila a trav\u00e9s del<br>Hospital Universitario de Saltillo (HUS) llev\u00f3 a cabo el Simposio \u201cHUS C\u00e1ncer de<br>Mama\u201d en la Sala \u201cDr. Miguel Talam\u00e1s Dieck\u201d del nosocomio.<\/p>\n\n\n\n<p>Este simposio fue organizado por el Servicio de Cirug\u00eda del HUS y estuvo dirigido<br>a personal m\u00e9dico y de enfermer\u00eda y p\u00fablico en general con el objetivo de difundir<br>el estado actual del conocimiento del C\u00e1ncer de mama, as\u00ed como crear conciencia<br>sobre la detecci\u00f3n temprana, diagn\u00f3stico, tratamiento y rehabilitaci\u00f3n de esta<br>patolog\u00eda.<\/p>\n\n\n\n<p>Se llevaron a cabo diversas conferencias en las que se abordaron temas<br>relacionados con el tratamiento, el impacto psicol\u00f3gico, las cirug\u00edas y la<br>rehabilitaci\u00f3n en pacientes con c\u00e1ncer de mama; la primera ponencia fue<br>\u201cGeneralidades y Tratamiento de C\u00e1ncer de mama\u201d a cargo del Dr. Hermes Marco<br>Tulio Alvarado, Cirujano Onc\u00f3logo del HUS, quien se centr\u00f3 en aspectos<br>generales y en el tratamiento del c\u00e1ncer de mama.<\/p>\n\n\n\n<p>Hizo hincapi\u00e9 en la concienciaci\u00f3n sobre la detecci\u00f3n temprana desde las etapas<br>iniciales de la enfermedad, con el fin de controlar o incluso eliminar el c\u00e1ncer;<br>aunque no proporcion\u00f3 datos espec\u00edficos sobre qu\u00e9 estados ocupan los primeros<br>lugares en mortalidad, mencion\u00f3 que generalmente, los estados del norte del pa\u00eds<br>tienen una alta incidencia de esta enfermedad.<\/p>\n\n\n\n<p>As\u00ed mismo, se llev\u00f3 a cabo la conferencia \u201cInterpretaci\u00f3n del perfil Gen\u00e9tico en<br>C\u00e1ncer de mama\u201d impartido por la Dra. Gabriela Ortiz Dra. Gabriela Ortiz Cruz,<br>jefa de Ense\u00f1anza e Investigaci\u00f3n, quien se centr\u00f3 en el empleo de la gen\u00e9tica y<br>la gen\u00f3mica en el contexto del c\u00e1ncer de mama, estudios que pueden ser<br>utilizados en el diagn\u00f3stico como en la orientaci\u00f3n del tratamiento.<\/p>\n\n\n\n<p>Estas opciones, adaptadas a la situaci\u00f3n particular del paciente, pueden<br>significativamente mejorar la respuesta al tratamiento, el pron\u00f3stico y reducir el<br>riesgo de recurrencia del c\u00e1ncer, estas t\u00e9cnicas de diagn\u00f3stico y caracterizaci\u00f3n<br>gen\u00e9tica son ampliamente accesibles y no deben considerarse como algo distante,<br>dijo.<\/p>\n\n\n\n<p>Con el tema \u201cCirug\u00eda Reconstructiva en C\u00e1ncer de mama\u201d a cargo del Dr. Oscar<br>Romero Arguello, residente m\u00e9dico de Cirug\u00eda, explic\u00f3 que en la actualidad se<br>aborda el tema de la cirug\u00eda oncopl\u00e1stica, destacando los notables avances en<br>cirug\u00eda a lo largo de los a\u00f1os, pues se enfoca en resolver efectos adversos tras la<br>extirpaci\u00f3n de tumores, as\u00ed como en garantizar una restauraci\u00f3n armoniosa de la<br>gl\u00e1ndula mamaria.<\/p>\n\n\n\n<p>Agreg\u00f3 que en el campo de la Cirug\u00eda Oncopl\u00e1stica, se busca extraer la mayor<br>cantidad de tumor posible con una base oncol\u00f3gica, al tiempo que se ofrece a las<br>pacientes un tratamiento est\u00e9tico que mejore tanto la cuesti\u00f3n oncol\u00f3gica como la<br>anat\u00f3mica, teniendo en cuenta las implicaciones emocionales y psicol\u00f3gicas de<br>las pacientes.<\/p>\n\n\n\n<p>Por su parte, el m\u00e9dico interno de pregrado, Jorge R\u00edos Duarte present\u00f3 su<br>ponencia \u201cRehabilitaci\u00f3n en Pacientes con C\u00e1ncer de mama\u201d en la que destac\u00f3 la<br>importancia de educar a las pacientes sobre la disponibilidad de opciones que<br>pueden mejorar su calidad de vida y reducir las posibles limitaciones causadas por<br>el tratamiento del c\u00e1ncer de mama.<\/p>\n\n\n\n<p>Se\u00f1al\u00f3 que se busca informar sobre las posibles discapacidades derivadas del<br>tratamiento, no para generar temor, sino para mostrar que existen opciones de<br>tratamiento que pueden ayudar a las pacientes a tener una calidad de vida lo m\u00e1s<br>cercana posible a su estado anterior a la cirug\u00eda.<\/p>\n\n\n\n<p>As\u00ed como, Marcela Calder\u00f3n del departamento de psicolog\u00eda cl\u00ednica con su<br>presentaci\u00f3n \u201cImpacto emocional en pacientes con c\u00e1ncer de mama\u201d, se\u00f1al\u00f3 la<br>importancia de considerar el aspecto psicol\u00f3gico en el impacto que una persona<br>experimenta al recibir un diagn\u00f3stico de este tipo, por lo que el objetivo es<br>fomentar una visi\u00f3n m\u00e1s completa e integradora entre el personal sociosanitario,<br>que abarque no solo a los m\u00e9dicos, sino a todos los profesionales que colaboran<br>en los distintos centros de salud para brindar un servicio de mayor calidad a las<br>personas que enfrentan enfermedades de este tipo.<\/p>\n\n\n\n<p>\u201cAcompa\u00f1amiento en paciente terminal de C\u00e1ncer de mama\u201d a cargo de la Dra.<br>Daniela Delgado Salgado, onc\u00f3loga del HUS, se\u00f1ala el enfoque multidisciplinario<br>del Hospital Universitario de Saltillo y su Servicio de Cirug\u00eda que reflejan su<br>compromiso genuino con la salud y el bienestar de las pacientes y sus familias.<\/p>\n","protected":false},"excerpt":{"rendered":"<p>SALTILLO, Coahuila. 18 de octubre de 2023. Como parte de las actividades por laconmemoraci\u00f3n por el D\u00eda Internacional de la Lucha contra el C\u00e1ncer de Mama,que se celebra el 19 de octubre, la Universidad Aut\u00f3noma de Coahuila a trav\u00e9s delHospital Universitario de Saltillo (HUS) llev\u00f3 a cabo el Simposio \u201cHUS C\u00e1ncer deMama\u201d en la Sala \u201cDr. Miguel Talam\u00e1s Dieck\u201d del nosocomio. Este simposio fue organizado por el Servicio de Cirug\u00eda&#8230;<\/p>\n","protected":false},"author":1,"featured_media":17647,"comment_status":"closed","ping_status":"closed","sticky":false,"template":"","format":"standard","meta":{"footnotes":""},"categories":[2],"tags":[],"class_list":["post-17646","post","type-post","status-publish","format-standard","has-post-thumbnail","hentry","category-uadec","wpcat-2-id"],"_links":{"self":[{"href":"https:\/\/www.aquilaguna.com\/index.php\/wp-json\/wp\/v2\/posts\/17646","targetHints":{"allow":["GET"]}}],"collection":[{"href":"https:\/\/www.aquilaguna.com\/index.php\/wp-json\/wp\/v2\/posts"}],"about":[{"href":"https:\/\/www.aquilaguna.com\/index.php\/wp-json\/wp\/v2\/types\/post"}],"author":[{"embeddable":true,"href":"https:\/\/www.aquilaguna.com\/index.php\/wp-json\/wp\/v2\/users\/1"}],"replies":[{"embeddable":true,"href":"https:\/\/www.aquilaguna.com\/index.php\/wp-json\/wp\/v2\/comments?post=17646"}],"version-history":[{"count":1,"href":"https:\/\/www.aquilaguna.com\/index.php\/wp-json\/wp\/v2\/posts\/17646\/revisions"}],"predecessor-version":[{"id":17648,"href":"https:\/\/www.aquilaguna.com\/index.php\/wp-json\/wp\/v2\/posts\/17646\/revisions\/17648"}],"wp:featuredmedia":[{"embeddable":true,"href":"https:\/\/www.aquilaguna.com\/index.php\/wp-json\/wp\/v2\/media\/17647"}],"wp:attachment":[{"href":"https:\/\/www.aquilaguna.com\/index.php\/wp-json\/wp\/v2\/media?parent=17646"}],"wp:term":[{"taxonomy":"category","embeddable":true,"href":"https:\/\/www.aquilaguna.com\/index.php\/wp-json\/wp\/v2\/categories?post=17646"},{"taxonomy":"post_tag","embeddable":true,"href":"https:\/\/www.aquilaguna.com\/index.php\/wp-json\/wp\/v2\/tags?post=17646"}],"curies":[{"name":"wp","href":"https:\/\/api.w.org\/{rel}","templated":true}]}}