{"id":17676,"date":"2023-10-19T17:53:49","date_gmt":"2023-10-19T23:53:49","guid":{"rendered":"https:\/\/www.aquilaguna.com\/?p=17676"},"modified":"2023-10-19T17:53:49","modified_gmt":"2023-10-19T23:53:49","slug":"habra-en-coahuila-multiples-eventos-conmemorativos-al-dia-de-muertos","status":"publish","type":"post","link":"https:\/\/www.aquilaguna.com\/index.php\/2023\/10\/19\/habra-en-coahuila-multiples-eventos-conmemorativos-al-dia-de-muertos\/","title":{"rendered":"HABR\u00c1 EN COAHUILA M\u00daLTIPLES EVENTOS CONMEMORATIVOS AL D\u00cdA DE MUERTOS."},"content":{"rendered":"\n<p>Saltillo, Coahuila de Zaragoza; a 18 de Octubre de 2023.- En los diferentes Pueblos M\u00e1gicos y municipios de nuestro estado, se llevar\u00e1n a cabo eventos para conmemorar el tradicional D\u00eda de Muertos, como altares de muertos, concursos y desfiles de catrinas y de catrines, calaveras gigantes, callejoneadas y alumbradas en panteones locales, a finales de octubre e inicios del mes de noviembre.<\/p>\n\n\n\n<p>Saltillo efectuar\u00e1 el Festival de las \u00c1nimas del Desierto 2023, con m\u00e1s de 50 eventos durante 12 d\u00edas de octubre y noviembre, entre ellos el Mega Altar de Muertos en el barrio de Santa Anita.&nbsp;<\/p>\n\n\n\n<p>Adem\u00e1s habr\u00e1 otro Altar Monumental en las escalinatas del Parque Las Maravillas, en coordinaci\u00f3n con sociedad civil y universidades.<\/p>\n\n\n\n<p>Torre\u00f3n celebrar\u00e1 su Segundo Festival Cultural del D\u00eda de Muertos con danza folcl\u00f3rica, m\u00fasica, concurso de altares y exposiciones art\u00edsticas el 28 de octubre.<\/p>\n\n\n\n<p>En la Regi\u00f3n Centro-Desierto, el Municipio de San Buenaventura llevar\u00e1 a cabo el Festival de Muertos y Concurso de Catrinas Vivientes el martes 31 de octubre; al d\u00eda siguiente har\u00e1 el Concurso de Altares de Muertos en la Plaza Principal. Mientras que Monclova efectuar\u00e1 la Alumbrada 2023.<\/p>\n\n\n\n<p>Nadadores celebrar\u00e1 \u201cLas Tradiciones de D\u00eda de Muertos se viven en Nadadores\u201d el 31 de octubre en la Plaza Principal, con exposici\u00f3n de altar de muertos, calaveras y catrinas art\u00edsticas.&nbsp;<\/p>\n\n\n\n<p>El 2 de noviembre por la tarde ser\u00e1 la Alumbrada en el pante\u00f3n de las Victorias y el Concurso de Catrinas y Catrines Vivientes por la noche.<\/p>\n\n\n\n<p>El Municipio de San Juan de Sabinas realizar\u00e1 el festival \u201cLa Grandeza de Nuestras Tradiciones\u201d, del 29 de octubre al 2 de noviembre, en el Parque La Chimenea, con callejoneadas, grupos musicales, Voladores de Papantla, La Guelaguetza, Mega Altar de Muertos; as\u00ed como exhibici\u00f3n de Alebrijes, Calaveras Gigantes, muestra artesanal y gastron\u00f3mica, y juegos mec\u00e1nicos.<\/p>\n\n\n\n<p>Por otro lado, en el marco de su 14 Aniversario de creaci\u00f3n, el Museo de la Katrina en Saltillo desarrolla una serie de eventos, y este 21 de octubre presentar\u00e1 el espect\u00e1culo Noche de Leyendas, en el Pante\u00f3n \u201cDe San Antonio\u201d en Parras.<\/p>\n\n\n\n<p>Adem\u00e1s, tendr\u00e1 Concurso y Exposici\u00f3n de Altares de Muertos el 29 de octubre en el exterior de las instalaciones del Museo en Saltillo. El 1 de noviembre ser\u00e1 el Marat\u00f3n Noche de Leyendas, y a la medianoche cantar\u00e1n Las Ma\u00f1anitas al Museo por su aniversario. Para informes de costos, consultar las redes sociales del museo.<\/p>\n\n\n\n<p>Las ciudades de Piedras Negras y Sabinas tendr\u00e1n concursos de altares de muertos el 29 de octubre y el 1 de noviembre, respectivamente.<\/p>\n\n\n\n<p><strong>PUEBLOS M\u00c1GICOS<\/strong><\/p>\n\n\n\n<p>Cuatro Ci\u00e9negas tendr\u00e1 el s\u00e1bado 28 de octubre el Concurso de Catrinas 2023 en la Plaza Principal; Candela tendr\u00e1 su Alumbrada 2023, con un concurso de catrinas y catrines, as\u00ed como concurso de tumbas decoradas el viernes 3 noviembre.<\/p>\n\n\n\n<p>Parras de la Fuente presentar\u00e1 el Festival del Ausente, del 1 al 4 noviembre, con exhibici\u00f3n de tapetes en alusi\u00f3n al D\u00eda de Muertos, Callejoneada de Catrinas y Concurso de Altar de Muertos de la Universidad Tecnol\u00f3gica de Parras.<\/p>\n","protected":false},"excerpt":{"rendered":"<p>Saltillo, Coahuila de Zaragoza; a 18 de Octubre de 2023.- En los diferentes Pueblos M\u00e1gicos y municipios de nuestro estado, se llevar\u00e1n a cabo eventos para conmemorar el tradicional D\u00eda de Muertos, como altares de muertos, concursos y desfiles de catrinas y de catrines, calaveras gigantes, callejoneadas y alumbradas en panteones locales, a finales de octubre e inicios del mes de noviembre. Saltillo efectuar\u00e1 el Festival de las \u00c1nimas del&#8230;<\/p>\n","protected":false},"author":1,"featured_media":17677,"comment_status":"closed","ping_status":"closed","sticky":false,"template":"","format":"standard","meta":{"footnotes":""},"categories":[5,15,34],"tags":[],"class_list":["post-17676","post","type-post","status-publish","format-standard","has-post-thumbnail","hentry","category-coahuila","category-gobierno-de-coahuila","category-turismo","wpcat-5-id","wpcat-15-id","wpcat-34-id"],"_links":{"self":[{"href":"https:\/\/www.aquilaguna.com\/index.php\/wp-json\/wp\/v2\/posts\/17676","targetHints":{"allow":["GET"]}}],"collection":[{"href":"https:\/\/www.aquilaguna.com\/index.php\/wp-json\/wp\/v2\/posts"}],"about":[{"href":"https:\/\/www.aquilaguna.com\/index.php\/wp-json\/wp\/v2\/types\/post"}],"author":[{"embeddable":true,"href":"https:\/\/www.aquilaguna.com\/index.php\/wp-json\/wp\/v2\/users\/1"}],"replies":[{"embeddable":true,"href":"https:\/\/www.aquilaguna.com\/index.php\/wp-json\/wp\/v2\/comments?post=17676"}],"version-history":[{"count":1,"href":"https:\/\/www.aquilaguna.com\/index.php\/wp-json\/wp\/v2\/posts\/17676\/revisions"}],"predecessor-version":[{"id":17678,"href":"https:\/\/www.aquilaguna.com\/index.php\/wp-json\/wp\/v2\/posts\/17676\/revisions\/17678"}],"wp:featuredmedia":[{"embeddable":true,"href":"https:\/\/www.aquilaguna.com\/index.php\/wp-json\/wp\/v2\/media\/17677"}],"wp:attachment":[{"href":"https:\/\/www.aquilaguna.com\/index.php\/wp-json\/wp\/v2\/media?parent=17676"}],"wp:term":[{"taxonomy":"category","embeddable":true,"href":"https:\/\/www.aquilaguna.com\/index.php\/wp-json\/wp\/v2\/categories?post=17676"},{"taxonomy":"post_tag","embeddable":true,"href":"https:\/\/www.aquilaguna.com\/index.php\/wp-json\/wp\/v2\/tags?post=17676"}],"curies":[{"name":"wp","href":"https:\/\/api.w.org\/{rel}","templated":true}]}}