{"id":17687,"date":"2023-10-20T17:42:53","date_gmt":"2023-10-20T23:42:53","guid":{"rendered":"https:\/\/www.aquilaguna.com\/?p=17687"},"modified":"2023-10-20T17:42:54","modified_gmt":"2023-10-20T23:42:54","slug":"participa-pronnif-coahuila-en-la-onceava-conferencia-nacional-de-procuradoras-y-procuradores-de-proteccion-de-ninas-ninos-y-adolescentes","status":"publish","type":"post","link":"https:\/\/www.aquilaguna.com\/index.php\/2023\/10\/20\/participa-pronnif-coahuila-en-la-onceava-conferencia-nacional-de-procuradoras-y-procuradores-de-proteccion-de-ninas-ninos-y-adolescentes\/","title":{"rendered":"PARTICIPA PRONNIF COAHUILA EN LA ONCEAVA CONFERENCIA NACIONAL DE PROCURADORAS Y PROCURADORES DE PROTECCI\u00d3N DE NI\u00d1AS, NI\u00d1OS Y ADOLESCENTES."},"content":{"rendered":"\n<p>Saltillo, Coahuila de Zaragoza; a 20 de Octubre de 2023.- La titular de la Procuradur\u00eda para Ni\u00f1os, Ni\u00f1as y la Familia del Estado (PRONNIF), Mar\u00eda Leticia S\u00e1nchez Campos, particip\u00f3 en la 11\u00aa Conferencia Nacional de Procuradoras y Procuradores de Protecci\u00f3n de Ni\u00f1as, Ni\u00f1os y Adolescentes, que se llev\u00f3 a cabo del 18 al 20 de octubre en el Estado de Quer\u00e9taro.<\/p>\n\n\n\n<p>Esto a fin de promover la protecci\u00f3n de los derechos de ni\u00f1as, ni\u00f1os y adolescentes, as\u00ed como fomentar el intercambio de experiencias, conocimientos, buenas pr\u00e1cticas y fortalecer el sistema de procuraci\u00f3n de justicia.<\/p>\n\n\n\n<p>Durante el encuentro se analizaron temas relacionados con la agenda nacional de la infancia, representaci\u00f3n jur\u00eddica de adolescentes en conflicto con la Ley, prevenci\u00f3n del trabajo infantil, paradigmas del C\u00f3digo Nacional de Procedimientos Civiles y Familiares, Alerta Amber y medidas de protecci\u00f3n de Fiscal\u00edas, sentencias relevantes de la Corte Interamericana, Organismos de Naciones Unidas, sistema de protecci\u00f3n de Colombia, sustracci\u00f3n internacional de menores, y retos actuales de infancia en M\u00e9xico.<\/p>\n\n\n\n<p>Se cont\u00f3 con la participaci\u00f3n de expertos juristas especializados en infancias y adolescencias, a trav\u00e9s de conferencias magistrales, talleres y paneles.<\/p>\n\n\n\n<p>Aunado a ello, abordaron temas como la creaci\u00f3n de Procuradur\u00edas Municipales para un primer contacto con las familias; la atenci\u00f3n a ni\u00f1as, ni\u00f1os y adolescentes en situaci\u00f3n de migraci\u00f3n externa e interna; la homologaci\u00f3n de la adopci\u00f3n en todo el pa\u00eds y la difusi\u00f3n del Programa Nacional de Familias de Acogida para extenderlo a nivel nacional.<\/p>\n\n\n\n<p>\u201cEs para mi un placer representar el trabajo que d\u00eda a d\u00eda se realiza para la protecci\u00f3n y garant\u00eda de los derechos humanos de las ni\u00f1as, ni\u00f1os y adolescentes de Coahuila.<\/p>\n\n\n\n<p>\u201cAs\u00ed como compartir con las y los procuradores de otros Estados del pa\u00eds las buenas pr\u00e1cticas y los resultados efectivos con los que posicionamos a nuestro Estado como un referente nacional en temas como la adopci\u00f3n, la restituci\u00f3n de derechos y el inter\u00e9s superior de la ni\u00f1ez\u201d, concluy\u00f3 S\u00e1nchez Campos, Procuradora de Coahuila.<\/p>\n","protected":false},"excerpt":{"rendered":"<p>Saltillo, Coahuila de Zaragoza; a 20 de Octubre de 2023.- La titular de la Procuradur\u00eda para Ni\u00f1os, Ni\u00f1as y la Familia del Estado (PRONNIF), Mar\u00eda Leticia S\u00e1nchez Campos, particip\u00f3 en la 11\u00aa Conferencia Nacional de Procuradoras y Procuradores de Protecci\u00f3n de Ni\u00f1as, Ni\u00f1os y Adolescentes, que se llev\u00f3 a cabo del 18 al 20 de octubre en el Estado de Quer\u00e9taro. Esto a fin de promover la protecci\u00f3n de los&#8230;<\/p>\n","protected":false},"author":1,"featured_media":17688,"comment_status":"closed","ping_status":"closed","sticky":false,"template":"","format":"standard","meta":{"footnotes":""},"categories":[5,15,30],"tags":[],"class_list":["post-17687","post","type-post","status-publish","format-standard","has-post-thumbnail","hentry","category-coahuila","category-gobierno-de-coahuila","category-pronif","wpcat-5-id","wpcat-15-id","wpcat-30-id"],"_links":{"self":[{"href":"https:\/\/www.aquilaguna.com\/index.php\/wp-json\/wp\/v2\/posts\/17687","targetHints":{"allow":["GET"]}}],"collection":[{"href":"https:\/\/www.aquilaguna.com\/index.php\/wp-json\/wp\/v2\/posts"}],"about":[{"href":"https:\/\/www.aquilaguna.com\/index.php\/wp-json\/wp\/v2\/types\/post"}],"author":[{"embeddable":true,"href":"https:\/\/www.aquilaguna.com\/index.php\/wp-json\/wp\/v2\/users\/1"}],"replies":[{"embeddable":true,"href":"https:\/\/www.aquilaguna.com\/index.php\/wp-json\/wp\/v2\/comments?post=17687"}],"version-history":[{"count":1,"href":"https:\/\/www.aquilaguna.com\/index.php\/wp-json\/wp\/v2\/posts\/17687\/revisions"}],"predecessor-version":[{"id":17689,"href":"https:\/\/www.aquilaguna.com\/index.php\/wp-json\/wp\/v2\/posts\/17687\/revisions\/17689"}],"wp:featuredmedia":[{"embeddable":true,"href":"https:\/\/www.aquilaguna.com\/index.php\/wp-json\/wp\/v2\/media\/17688"}],"wp:attachment":[{"href":"https:\/\/www.aquilaguna.com\/index.php\/wp-json\/wp\/v2\/media?parent=17687"}],"wp:term":[{"taxonomy":"category","embeddable":true,"href":"https:\/\/www.aquilaguna.com\/index.php\/wp-json\/wp\/v2\/categories?post=17687"},{"taxonomy":"post_tag","embeddable":true,"href":"https:\/\/www.aquilaguna.com\/index.php\/wp-json\/wp\/v2\/tags?post=17687"}],"curies":[{"name":"wp","href":"https:\/\/api.w.org\/{rel}","templated":true}]}}