{"id":17701,"date":"2023-10-20T18:41:44","date_gmt":"2023-10-21T00:41:44","guid":{"rendered":"https:\/\/www.aquilaguna.com\/?p=17701"},"modified":"2023-10-20T18:41:44","modified_gmt":"2023-10-21T00:41:44","slug":"afirma-rector-de-uadec-que-esta-cuenta-con-marco-juridico-necesario-para-dirimir-conflictos-de-la-comunidad-universitaria","status":"publish","type":"post","link":"https:\/\/www.aquilaguna.com\/index.php\/2023\/10\/20\/afirma-rector-de-uadec-que-esta-cuenta-con-marco-juridico-necesario-para-dirimir-conflictos-de-la-comunidad-universitaria\/","title":{"rendered":"Afirma Rector de UAdec, que \u00e9sta cuenta con marco jur\u00eddico necesario para dirimir conflictos de la comunidad universitaria."},"content":{"rendered":"\n<p>Torre\u00f3n, Coahuila.- Afirma el Rector de la Universidad Aut\u00f3noma de Coahuila, Salvador Hern\u00e1ndez V\u00e9lez, que esta instituci\u00f3n cuenta desde hace ya casi 50 a\u00f1os, con el marco jur\u00eddico necesario\u00a0 para agotar y dirimir\u00a0 todo conflicto que se suscite en esa comunidad universitaria,\u00a0 tras desconocer hasta ahora, de\u00a0 notificaci\u00f3n alguna\u00a0 por parte de \u00a0 otras instancias como\u00a0 ser\u00eda el caso del Poder Judicial Federal a trav\u00e9s de alg\u00fan Amparo\u00a0 solicitado por la Directora de la Preparatoria Venustiano Carranza\u00a0 que\u00a0 est\u00e1\u00a0 se encuentra sujeta a proceso de remoci\u00f3n de tal cargo.<\/p>\n\n\n\n<p>Abordado, el Rector Hern\u00e1ndez V\u00e9lez, indic\u00f3 lo anterior al comentar el tema que ha ocupado\u00a0 la atenci\u00f3n de la comunidad\u00a0 universitaria,\u00a0 y que ha registrado incluso la intervenci\u00f3n, quiz\u00e1s oficiosa de algunas asociaciones civiles no universitarias\u00a0 en torno al conflicto mencionado.<\/p>\n\n\n\n<p>Indic\u00f3 que en el caso citado que\u00a0 se suscita\u00a0 en\u00a0 PVC, se acord\u00f3 por la Comisi\u00f3n de Honor y Justicia de la Unidad Torre\u00f3n, continuar con el procedimiento\u00a0 de un refer\u00e9ndum en la escuela mencionada, para definir la situaci\u00f3n de su directora -Jessica Zapata-,\u00a0 la cual, se dijo, ya interpuso una demanda de Amparo.<\/p>\n\n\n\n<p>Declin\u00f3 emitir opini\u00f3n alguna sobre tal decisi\u00f3n, si es que se ha efectuado, toda vez \u00a0 que lo desconoce, pues\u00a0 no se ha recibido notificaci\u00f3n judicial alguna al respecto y sobre todo,\u00a0&#8220;ante las instancias\u00a0 ella, interpuso una impugnaci\u00f3n ante instancias de la Universidad, misma a la que se\u00a0 le dio entrada de inmediato, y abierto el espacio para su an\u00e1lisis&#8221;.\u00a0<\/p>\n\n\n\n<p>&#8220;La Comisi\u00f3n de Honor y Justicia de la Universidad, la tiene que analizar. Yo no s\u00e9 si ella est\u00e9 o no tramitando alg\u00fan Amparo&#8221;.<\/p>\n\n\n\n<p>&#8220;Esa es otro cuesti\u00f3n. Nosotros, tal proceso lo tenemos as\u00ed como est\u00e1&#8221;.<\/p>\n\n\n\n<p>Indic\u00f3, que por otra parte, &#8220;nosotros, como UAdeC, hemos tenido muchos Amparos, y cuando a la hora que \u00a0 los jueces juzgan\u00a0 este tipo de casos, tienen que hacerlo \u00a0 de acuerdo a nuestra Normatividad universitaria y en segundo lugar, lo que ellos tienen que\u00a0 juzgar es con base en si hay o no violaci\u00f3n a alg\u00fan Derecho fundamental,\u00a0 que tienen que ser cuidados en cualquier instancia, pero hasta hoy, a nosotros no nos ha llegado notificaci\u00f3n de\u00a0 solicitud de Amparo alguna al respecto&#8221;.<\/p>\n\n\n\n<p>En torno a\u00a0 pretendidas injerencias de\u00a0 personas y organizaciones\u00a0 extrauniversitarias en este conflicto\u00a0 el Rector\u00a0 dijo, &#8220;mire Usted, nosotros tenemos alrededor de\u00a0 111\u00a0 elecciones\u00a0 anualmente y entonces pues\u00a0 hay una en la\u00a0 elecci\u00f3n\u00a0 citada, y esto, es normal, toda vez que ya tenemos antecedentes de este tipo de situaciones&#8221;<\/p>\n\n\n\n<p>Cito luego como ejemplo, las registradas\u00a0 en la Facultad de Jurisprudencia,\u00a0 en la Facultad de M\u00fasica y en la de\u00a0 Ciencias Qu\u00edmicas\u00a0 -todas en la Unidad Norte-,\u00a0 &#8220;y en las tres se llevaron a cabo los procesos eleccionarios, si bien, dos directores y una directora\u00a0 involucrados en \u00a0 ello, renunciaron a sus cargos antes de que se\u00a0 llevara a cabo votaci\u00f3n alguna&#8221;.<\/p>\n\n\n\n<p>Se refiri\u00f3 luego al\u00a0 voto universal y secreto, \u00a0 &#8220;que igual\u00a0 valor\u00a0tiene tanto para estudiantes como docentes, \u00a0 hace posible elecciones\u00a0 transparentes\u00a0 y \u00a0 aportan certeza democr\u00e1tica\u00a0 en la elecci\u00f3n de sus directivos,  luego la\u00a0 figura de segunda vuelta que tiene\u00a0 la UAdeC en su Estatuto y la figura de Plebiscito, est\u00e1n m\u00e1s que \u00a0establecidas en nuestro Estatuto desde 1975&#8221;.<\/p>\n\n\n\n<p>Afirm\u00f3 que tales figuras, &#8220;no las tiene ni la Constituci\u00f3n, para elecciones constitucionales. Si bien\u00a0 se dice que estas las van a incorporar\u00a0 a las leyes electorales, pero eso dicen, ya que nunca lo han hecho \u00a0 y la UAdeC \u00a0 las tiene ya desde\u00a0 hace casi 50 a\u00f1os, amen de que se han ejercicio muchas veces&#8221;.<\/p>\n\n\n\n<p>Con relaci\u00f3n a su propio proceso sucesorio, una vez que culmina su segundo mandato\u00a0 el pr\u00f3ximo mes de febrero, el Rector Hernandez Velez, tema que\u00a0 seg\u00fan\u00a0 mentideros pol\u00edticos,\u00a0 se dice que\u00a0 este correr\u00e1 a cargo de un &#8220;gran elector&#8221; quien defina\u00a0 tal inc\u00f3gnita, diciendo al respecto que, &#8220;se dicen muchas cosas, pero al final, el votante universitario, incluso de registrarse solo un candidato de los muchos que se mencionan, podr\u00e1 optar por el de su preferencia, y si fuera una sola opci\u00f3n la presentada,\u00a0 queda\u00a0 el camino de votar por nuevas elecciones&#8221;.\u00a0<\/p>\n\n\n\n<p>&#8220;As\u00ed lo\u00a0 mandata\u00a0 el Estatuto Universitario\u00a0 vigente&#8221;,\u00a0 recalc\u00f3 el entrevistado.<\/p>\n\n\n\n<p><strong>AGUINALDOS.<\/strong><\/p>\n\n\n\n<p>En otra tema,\u00a0 del mayor inter\u00e9s de la comunidad universitaria, resulta ser\u00a0 la situaci\u00f3n financiera de la UAdeC, ante el cumplimiento ineludible del pago de una de las prestaciones laborales m\u00e1s importantes para sus trabajadores y docentes, el aguinaldo anual.<\/p>\n\n\n\n<p>Al respecto manifest\u00f3 que, &#8220;nos han dicho que vamos bien en esa cuesti\u00f3n y Blas Flores, Secretario de Finanzas en el Estado\u00a0 nos dijo que \u00a0 los aguinaldos ya estaban apartados, no solo para la Universidades, tecnol\u00f3gicas, polit\u00e9cnicas y\u00a0 trabajadores del Gobierno del Estado&#8221;.<\/p>\n\n\n\n<p>Debido al\u00a0 al proceso de transici\u00f3n\u00a0 que registra el Gobierno estatal,\u00a0 que llega a su t\u00e9rmino el d\u00eda \u00faltimo del pr\u00f3ximo mes, tal prestaci\u00f3n,\u00a0 &#8220;tiene que estar\u00a0 ya terminada&#8221;.<\/p>\n\n\n\n<p>De ah\u00ed que\u00a0 indic\u00f3 que, &#8220;no hay motivo para intranquilidades, pues\u00a0 procesar\u00a0 tal tema, lleva buen camino y eso, lo puedo decir, porque ellos ya nos lo dijeron&#8221;.<\/p>\n","protected":false},"excerpt":{"rendered":"<p>Torre\u00f3n, Coahuila.- Afirma el Rector de la Universidad Aut\u00f3noma de Coahuila, Salvador Hern\u00e1ndez V\u00e9lez, que esta instituci\u00f3n cuenta desde hace ya casi 50 a\u00f1os, con el marco jur\u00eddico necesario\u00a0 para agotar y dirimir\u00a0 todo conflicto que se suscite en esa comunidad universitaria,\u00a0 tras desconocer hasta ahora, de\u00a0 notificaci\u00f3n alguna\u00a0 por parte de \u00a0 otras instancias como\u00a0 ser\u00eda el caso del Poder Judicial Federal a trav\u00e9s de alg\u00fan Amparo\u00a0 solicitado por&#8230;<\/p>\n","protected":false},"author":2,"featured_media":0,"comment_status":"closed","ping_status":"","sticky":false,"template":"","format":"standard","meta":{"footnotes":""},"categories":[5,7,2],"tags":[],"class_list":["post-17701","post","type-post","status-publish","format-standard","hentry","category-coahuila","category-torreon","category-uadec","wpcat-5-id","wpcat-7-id","wpcat-2-id"],"_links":{"self":[{"href":"https:\/\/www.aquilaguna.com\/index.php\/wp-json\/wp\/v2\/posts\/17701","targetHints":{"allow":["GET"]}}],"collection":[{"href":"https:\/\/www.aquilaguna.com\/index.php\/wp-json\/wp\/v2\/posts"}],"about":[{"href":"https:\/\/www.aquilaguna.com\/index.php\/wp-json\/wp\/v2\/types\/post"}],"author":[{"embeddable":true,"href":"https:\/\/www.aquilaguna.com\/index.php\/wp-json\/wp\/v2\/users\/2"}],"replies":[{"embeddable":true,"href":"https:\/\/www.aquilaguna.com\/index.php\/wp-json\/wp\/v2\/comments?post=17701"}],"version-history":[{"count":1,"href":"https:\/\/www.aquilaguna.com\/index.php\/wp-json\/wp\/v2\/posts\/17701\/revisions"}],"predecessor-version":[{"id":17702,"href":"https:\/\/www.aquilaguna.com\/index.php\/wp-json\/wp\/v2\/posts\/17701\/revisions\/17702"}],"wp:attachment":[{"href":"https:\/\/www.aquilaguna.com\/index.php\/wp-json\/wp\/v2\/media?parent=17701"}],"wp:term":[{"taxonomy":"category","embeddable":true,"href":"https:\/\/www.aquilaguna.com\/index.php\/wp-json\/wp\/v2\/categories?post=17701"},{"taxonomy":"post_tag","embeddable":true,"href":"https:\/\/www.aquilaguna.com\/index.php\/wp-json\/wp\/v2\/tags?post=17701"}],"curies":[{"name":"wp","href":"https:\/\/api.w.org\/{rel}","templated":true}]}}