{"id":17770,"date":"2023-10-24T20:51:41","date_gmt":"2023-10-25T02:51:41","guid":{"rendered":"https:\/\/www.aquilaguna.com\/?p=17770"},"modified":"2023-10-24T20:51:41","modified_gmt":"2023-10-25T02:51:41","slug":"reitera-doctora-sandra-lopez-aspiracion-de-ser-proxima-rectora-de-uadec","status":"publish","type":"post","link":"https:\/\/www.aquilaguna.com\/index.php\/2023\/10\/24\/reitera-doctora-sandra-lopez-aspiracion-de-ser-proxima-rectora-de-uadec\/","title":{"rendered":"Reitera Doctora Sandra L\u00f3pez aspiraci\u00f3n de ser pr\u00f3xima Rectora de UAdeC."},"content":{"rendered":"\n<p>Torre\u00f3n, Coahuila.- Reitera\u00a0 su aspiraci\u00f3n de figurar como\u00a0 aspirante\u00a0 a la Rector\u00eda\u00a0 de la Universidad Aut\u00f3noma de Coahuila, en la contienda por designar a quien suceda en tal encomienda al Ingeniero Salvador Hern\u00e1ndez V\u00e9lez, el \u00a0 ya cercano mes de febrero del a\u00f1o\u00a0 2024, la titular de la Coordinaci\u00f3n de\u00a0 la Unidad Torre\u00f3n\u00a0 Doctora Sandra L\u00f3pez Chavarria.<\/p>\n\n\n\n<p>La funcionaria universitaria es por ahora,\u00a0 una de las dos funcionarias universitarias que en Torre\u00f3n, han\u00a0 alzado la mano como pretendientes a la postulaci\u00f3n mencionada,\u00a0 \u00a0 ya la que aparece hay\u00a0 muchos otros aspirantes\u00a0 a tal encargo.<\/p>\n\n\n\n<p>Preguntada sobre tal aspiraci\u00f3n, la Doctora L\u00f3pez Chavarria manifest\u00f3 que, &#8220;es leg\u00edtimo,\u00a0 ya que la reforma que se hizo en el Estatuto Universitario\u00a0 para tener paridad, es muy importante y creo que eso, nos da la oportunidad, si bien siempre la hemos tenido, pero adem\u00e1s \u00a0 de que nosotros mismas tengamos esa confianza de poder participar&#8221;.<\/p>\n\n\n\n<p>&#8220;Dentro de mi proyecto de vida, s\u00ed est\u00e1 llegar\u00a0 a la Rector\u00eda. Tengo 26 al servicio de la Universidad, fui\u00a0 Directora de la Facultad de Contadur\u00eda y Administraci\u00f3n, la mas grande\u00a0 de la Unidad Torre\u00f3n, durante el\u00a0 per\u00edodo 2003\/2009.<\/p>\n\n\n\n<p>Esta pretensi\u00f3n, reiter\u00f3, &#8220;forma parte de un proyecto de vida. Espero que sea pronto\u00a0 y se cumpla, si se me da la\u00a0 oportunidad&#8221;.<\/p>\n\n\n\n<p>Consider\u00f3 que cuenta con la trayectoria acad\u00e9mica y administrativa\u00a0 necesaria para poder \u00a0 fincar tal pretensi\u00f3n. &#8220;Son 26 a\u00f1os en la vida universitaria, adem\u00e1s de que aqu\u00ed ha sido mi formaci\u00f3n profesionales, acad\u00e9mica&#8221;.<\/p>\n\n\n\n<p>&#8220;Conozco a la Universidad, he transcurrido en ella, m\u00e1s de la mitad de mi vida&#8221;.<\/p>\n\n\n\n<p>No dej\u00f3 de considerar\u00a0 que es en la Unidad Torre\u00f3n, donde se\u00a0 concentra\u00a0 mas del 38% de todos sus miembros, tal fuerza es sin duda uno de los factores que podr\u00edan \u00a0 actuar a su favor.<\/p>\n\n\n\n<p>&#8220;Mi aspiraci\u00f3n es leg\u00edtima y adem\u00e1s\u00a0 tiene con que&#8221;.<\/p>\n\n\n\n<p>En cuanto a que estar\u00eda ofreciendo a los universitarios todos, de alcanzar la prendida postulaci\u00f3n \u00a0 que se encuentra sujeta a m\u00faltiples factores de intereses, manifest\u00f3 que, &#8220;tendr\u00edamos much\u00edsimas cosas en la que trabajar, principalmente en fortalecer la posici\u00f3n de las mujeres&#8221;.<\/p>\n\n\n\n<p>&#8220;El hecho de que una mujer quedara al frente de la Rector\u00eda, significar\u00eda\u00a0 un cambio en todos sus aspectos, primero porque el sentido de las mujeres del cuidado, de la honradez, de que las cosas\u00a0 sucedan, y lo vemos en las direcciones que son presididas por mujeres, sobre como\u00a0 trabajan&#8221;.<\/p>\n\n\n\n<p>&#8220;No demerito el trabajo de los hombres&#8221;, dijo, &#8220;pero las\u00a0 caracter\u00edsticas\u00a0 de\u00a0 la mujer, en como ejercemos el liderazgo en tales posiciones. Creo que la Universidad de Coahuila\u00a0 merece la oportunidad\u00a0 de tener a una mujer al frente\u00a0 y poder trabajar con una comunidad tan fuerte como es la nuestra&#8221;.<\/p>\n\n\n\n<p>Preguntada si tiene conocimiento, acercamiento o haya dado a conocer\u00a0 sus pretensiones\u00a0 al nuevo gobernador electo, manifest\u00f3 que, &#8220;pues no he tenido la\u00a0 oportunidad de platicar con \u00e9l al respecto, pero conoce\u00a0 mi trabajo, por lo que espero\u00a0 ya\u00a0 lo\u00a0 est\u00e9 considerado&#8221;.<\/p>\n\n\n\n<p><strong>CELEBRACI\u00d3N.<\/strong><\/p>\n\n\n\n<p>En\u00a0 otro tema, la  Coordinadora, Doctora L\u00f3pez Chavarria, recalca\u00a0 la importancia que tiene en la vida universitaria\u00a0 los 50 a\u00f1os transcurridos \u00a0 a partir de la fundaci\u00f3n de la Facultad de Medicina en esta ciudad,  tiempo dedicado a la formaci\u00f3n de profesionales de la salud,\u00a0 en el sentido \u00faltimo de la tarea educativa\u00a0 y en la que la instituci\u00f3n ha alcanzado \u00a0 reconocimientos\u00a0 de\u00a0 la mayor\u00a0 importancia en los rankings\u00a0 nacionales de excelencia en este pa\u00eds, entre las universidades p\u00fablicas y privadas, amen de la importancia de contar con dos \u00e1reas hospitalarias\u00a0 como es el caso del Hospital General y el Infantil Universitario como soporte de campo.<\/p>\n\n\n\n<p>En cuanto al n\u00famero de egresados, la funcionaria, estim\u00f3 que se han gestado en la\u00a0 Facultad celebrante, por lo menos 45 generaciones de m\u00e9dicos, aportados a la sociedad, profesionales que hoy est\u00e1n al servicio de la poblaci\u00f3n en general.\u00a0\u00a0\u00a0<\/p>\n\n\n\n<p>Adem\u00e1s, recibimos, dijo, &#8220;a muchos profesionales de la salud que procedentes de otras regiones y ciudades\u00a0 del pa\u00eds, llegan a esta Facultad\u00a0 a cursar \u00a0 tomar especialidades m\u00e9dicas&#8221;, pues dijo,\u00a0 &#8220;contamos con un muy importante Centro de Investigaci\u00f3n a\u00a0 el que apenas, a un a\u00f1o adquirido su autonom\u00eda respecto al Hospital General Universitario\u00a0 donde se gest\u00f3&#8221;.<\/p>\n\n\n\n<p>Lo anterior, dijo, &#8220;habla de la importancia de esta instituci\u00f3n, que cumple ya\u00a0 con uno de los objetivos de la Universidad, que es\u00a0 no solo incluye la formaci\u00f3n de profesionales, sino tambi\u00e9n la generaci\u00f3n\u00a0 y dispersi\u00f3n de nuevos conocimientos&#8221;.<\/p>\n\n\n\n<p>Anticip\u00f3 en este \u00faltimo tema que, &#8220;se trabaja ya en montar un laboratorio muy importante, con apoyo del Gobierno Federal, lo que resulta muy importante pues\u00a0 complementar\u00e1 una \u00e1rea muy importante en nuevas investigaciones&#8221;.<\/p>\n","protected":false},"excerpt":{"rendered":"<p>Torre\u00f3n, Coahuila.- Reitera\u00a0 su aspiraci\u00f3n de figurar como\u00a0 aspirante\u00a0 a la Rector\u00eda\u00a0 de la Universidad Aut\u00f3noma de Coahuila, en la contienda por designar a quien suceda en tal encomienda al Ingeniero Salvador Hern\u00e1ndez V\u00e9lez, el \u00a0 ya cercano mes de febrero del a\u00f1o\u00a0 2024, la titular de la Coordinaci\u00f3n de\u00a0 la Unidad Torre\u00f3n\u00a0 Doctora Sandra L\u00f3pez Chavarria. La funcionaria universitaria es por ahora,\u00a0 una de las dos funcionarias universitarias que&#8230;<\/p>\n","protected":false},"author":2,"featured_media":0,"comment_status":"closed","ping_status":"","sticky":false,"template":"","format":"standard","meta":{"footnotes":""},"categories":[5,7,2],"tags":[],"class_list":["post-17770","post","type-post","status-publish","format-standard","hentry","category-coahuila","category-torreon","category-uadec","wpcat-5-id","wpcat-7-id","wpcat-2-id"],"_links":{"self":[{"href":"https:\/\/www.aquilaguna.com\/index.php\/wp-json\/wp\/v2\/posts\/17770","targetHints":{"allow":["GET"]}}],"collection":[{"href":"https:\/\/www.aquilaguna.com\/index.php\/wp-json\/wp\/v2\/posts"}],"about":[{"href":"https:\/\/www.aquilaguna.com\/index.php\/wp-json\/wp\/v2\/types\/post"}],"author":[{"embeddable":true,"href":"https:\/\/www.aquilaguna.com\/index.php\/wp-json\/wp\/v2\/users\/2"}],"replies":[{"embeddable":true,"href":"https:\/\/www.aquilaguna.com\/index.php\/wp-json\/wp\/v2\/comments?post=17770"}],"version-history":[{"count":1,"href":"https:\/\/www.aquilaguna.com\/index.php\/wp-json\/wp\/v2\/posts\/17770\/revisions"}],"predecessor-version":[{"id":17771,"href":"https:\/\/www.aquilaguna.com\/index.php\/wp-json\/wp\/v2\/posts\/17770\/revisions\/17771"}],"wp:attachment":[{"href":"https:\/\/www.aquilaguna.com\/index.php\/wp-json\/wp\/v2\/media?parent=17770"}],"wp:term":[{"taxonomy":"category","embeddable":true,"href":"https:\/\/www.aquilaguna.com\/index.php\/wp-json\/wp\/v2\/categories?post=17770"},{"taxonomy":"post_tag","embeddable":true,"href":"https:\/\/www.aquilaguna.com\/index.php\/wp-json\/wp\/v2\/tags?post=17770"}],"curies":[{"name":"wp","href":"https:\/\/api.w.org\/{rel}","templated":true}]}}