{"id":17779,"date":"2023-10-24T21:17:05","date_gmt":"2023-10-25T03:17:05","guid":{"rendered":"https:\/\/www.aquilaguna.com\/?p=17779"},"modified":"2023-10-24T21:17:05","modified_gmt":"2023-10-25T03:17:05","slug":"lucha-del-poder-judicial-es-por-autonomia","status":"publish","type":"post","link":"https:\/\/www.aquilaguna.com\/index.php\/2023\/10\/24\/lucha-del-poder-judicial-es-por-autonomia\/","title":{"rendered":"Lucha del Poder Judicial es por autonom\u00eda."},"content":{"rendered":"\n<p>Torre\u00f3n, Coahuila.- El licenciado\u00a0 Luis Alfonso Hern\u00e1ndez\u00a0 del Castillo, Oficial Judicial en uno de los Tribunales Colegiados en materia\u00a0 administrativa y penal\u00a0 ubicados en edificio sito\u00a0 sobre el Bulevar Independencia,\u00a0 \u00a0 manifest\u00f3, &#8220;nuestra lucha no es por pesos, es por la autonom\u00eda, por mantener esta\u00a0 en el Poder Judicial&#8221;.<\/p>\n\n\n\n<p>Abordado cuando \u00a0 se dispon\u00eda a dispersar entre la ciudadan\u00eda volantes que\u00a0 contiene\u00a0 explicaci\u00f3n sobre los motivos\u00a0 de\u00a0 la lucha que sostienen contra los embates que registra el Poder Judicial Federal,\u00a0 diciendo que este material contiene\u00a0 explicaciones sobre lo que se pretende hacer, y la importancia que tiene el Poder Judicial, como equilibrio de poderes y como impartidor de justicia.<\/p>\n\n\n\n<p>Expres\u00f3, &#8220;somos \u00f3rganos terminales, a los que la ciudadan\u00eda\u00a0 viene, porque nadie se levanta con la intenci\u00f3n de acudir a un Juzgado, toda vez que la raz\u00f3n de ser es que se eval\u00fae  y se juzgue\u00a0 la raz\u00f3n de ser,\u00a0 sobre el trabajo\u00a0 de las autoridades\u00a0 para con los ciudadanos&#8221;.<\/p>\n\n\n\n<p>El tema, reiter\u00f3, &#8220;no es econ\u00f3mico, no representamos\u00a0 ni siquiera el dos por ciento del tema presupuestal de la Federaci\u00f3n&#8221;.<\/p>\n\n\n\n<p>&#8220;Entonces por lo que nosotros pugnamos es respeto para nuestro trabajo, nuestra labor, porque realmente desde hace alg\u00fan tiempo\u00a0 \u00a0 hay un ataque de otros poderes que\u00a0 hacen \u00a0 sistem\u00e1ticamente al poder Judicial federal&#8221;.<\/p>\n\n\n\n<p>Lo que nosotros pretendemos, dijo, &#8220;es que\u00a0 se nos respete y garantice el libre ejercicio, de nuestra labor que es la impartici\u00f3n de justicia y la no intromisi\u00f3n de otros poderes&#8221;.<\/p>\n\n\n\n<p>&#8220;Ello afectar\u00eda gravemente esta acci\u00f3n al Poder Judicial, sabido es que\u00a0 este genera el equilibrio en la balanza de los tres Poderes\u00a0 lo que repercutir\u00e1 en la sociedad&#8221;.\u00a0<\/p>\n\n\n\n<p>&#8220;Nuestra Rep\u00fablica\u00a0 se conform\u00f3 bajo tres Poderes, que son el ejecutivo, el legislativo y el judicial y este \u00faltimo es tan importante como cualquiera de los otros dos, de ah\u00ed que creo que se tiene que garantizar su independencia\u00a0 y libre operatividad para poder garantizar\u00a0 el no ejercicio de acci\u00f3n arbitraria alguna en contra de los ciudadanos&#8221;.<\/p>\n\n\n\n<p>Record\u00f3 luego a Jos\u00e9 Mar\u00eda Morelos y Pav\u00f3n y su pensamiento sobre, &#8220;el Juicio\u00a0 juicio de Amparo, que\u00a0 no \u00a0 todos los sistemas legales lo tienen, y que no es otro que el de garantizar a la ciudadan\u00eda el tener un medio, un recurso\u00a0 para quejarse y detener las arbitrariedades de cualquiera de los Poderes constituidos, incluido\u00a0 el propio Poder Judicial&#8221;.<\/p>\n\n\n\n<p>En temas locales, dijo, &#8220;nosotros somos los\u00a0 obligados para determinar si las autoridades del fuero com\u00fan actuaron bien o mal en ejercicio de sus funciones,\u00a0 para garantizar derechos humanos y civiles de los justiciables&#8221;.<\/p>\n","protected":false},"excerpt":{"rendered":"<p>Torre\u00f3n, Coahuila.- El licenciado\u00a0 Luis Alfonso Hern\u00e1ndez\u00a0 del Castillo, Oficial Judicial en uno de los Tribunales Colegiados en materia\u00a0 administrativa y penal\u00a0 ubicados en edificio sito\u00a0 sobre el Bulevar Independencia,\u00a0 \u00a0 manifest\u00f3, &#8220;nuestra lucha no es por pesos, es por la autonom\u00eda, por mantener esta\u00a0 en el Poder Judicial&#8221;. Abordado cuando \u00a0 se dispon\u00eda a dispersar entre la ciudadan\u00eda volantes que\u00a0 contiene\u00a0 explicaci\u00f3n sobre los motivos\u00a0 de\u00a0 la lucha que&#8230;<\/p>\n","protected":false},"author":2,"featured_media":0,"comment_status":"closed","ping_status":"","sticky":false,"template":"","format":"standard","meta":{"footnotes":""},"categories":[5,31,102,7],"tags":[],"class_list":["post-17779","post","type-post","status-publish","format-standard","hentry","category-coahuila","category-gobierno-federal","category-poder-judicial","category-torreon","wpcat-5-id","wpcat-31-id","wpcat-102-id","wpcat-7-id"],"_links":{"self":[{"href":"https:\/\/www.aquilaguna.com\/index.php\/wp-json\/wp\/v2\/posts\/17779","targetHints":{"allow":["GET"]}}],"collection":[{"href":"https:\/\/www.aquilaguna.com\/index.php\/wp-json\/wp\/v2\/posts"}],"about":[{"href":"https:\/\/www.aquilaguna.com\/index.php\/wp-json\/wp\/v2\/types\/post"}],"author":[{"embeddable":true,"href":"https:\/\/www.aquilaguna.com\/index.php\/wp-json\/wp\/v2\/users\/2"}],"replies":[{"embeddable":true,"href":"https:\/\/www.aquilaguna.com\/index.php\/wp-json\/wp\/v2\/comments?post=17779"}],"version-history":[{"count":1,"href":"https:\/\/www.aquilaguna.com\/index.php\/wp-json\/wp\/v2\/posts\/17779\/revisions"}],"predecessor-version":[{"id":17780,"href":"https:\/\/www.aquilaguna.com\/index.php\/wp-json\/wp\/v2\/posts\/17779\/revisions\/17780"}],"wp:attachment":[{"href":"https:\/\/www.aquilaguna.com\/index.php\/wp-json\/wp\/v2\/media?parent=17779"}],"wp:term":[{"taxonomy":"category","embeddable":true,"href":"https:\/\/www.aquilaguna.com\/index.php\/wp-json\/wp\/v2\/categories?post=17779"},{"taxonomy":"post_tag","embeddable":true,"href":"https:\/\/www.aquilaguna.com\/index.php\/wp-json\/wp\/v2\/tags?post=17779"}],"curies":[{"name":"wp","href":"https:\/\/api.w.org\/{rel}","templated":true}]}}