{"id":17781,"date":"2023-10-24T21:22:43","date_gmt":"2023-10-25T03:22:43","guid":{"rendered":"https:\/\/www.aquilaguna.com\/?p=17781"},"modified":"2023-10-24T21:22:43","modified_gmt":"2023-10-25T03:22:43","slug":"trabajadores-del-poder-judicial-federal-manifestaron-inconformidad-en-torno-a-posible-extincion-de-fideicomisos","status":"publish","type":"post","link":"https:\/\/www.aquilaguna.com\/index.php\/2023\/10\/24\/trabajadores-del-poder-judicial-federal-manifestaron-inconformidad-en-torno-a-posible-extincion-de-fideicomisos\/","title":{"rendered":"Trabajadores del Poder Judicial Federal manifestaron inconformidad en torno a posible extinci\u00f3n de fideicomisos."},"content":{"rendered":"\n<p>Torre\u00f3n, Coahuila.- Funcionarios\u00a0 y  trabajadores\u00a0 del Poder Judicial Federal\u00a0 que\u00a0 laboran en Juzgados y Tribunales\u00a0 que operan en esta ciudad, sostuvieron\u00a0 un paro general de actividades, y \u00a0 manifestaron su repudio e inconformidad \u00a0 con pancartas con leyendas alusivas\u00a0 ubic\u00e1ndose los portadores solo en el camell\u00f3n central del Bulevar Independencia, sin generar bloqueo vial alguno.\u00a0<\/p>\n\n\n\n<p>El paro, con el que culmin\u00f3 manifestaciones y suspensi\u00f3n parcial de actividades es a partir del d\u00eda 18 del presente, \u00a0 estimando los participantes, que las acciones vendieras, de orden pol\u00edtico o legal,\u00a0 estar\u00e1 sujeto a las decisiones\u00a0 que hoy se tomen en el Senado de la Rep\u00fablica en torno a la\u00a0 extinci\u00f3n\u00a0 de los 13 de 14 fideicomisos en juego, y que les deber\u00e1n de dar a conocer sus los l\u00edderes de este movimiento.\u00a0<\/p>\n\n\n\n<p>En esta ocasi\u00f3n, a los lemas de protesta exhibidos en improvisadas pancartas, se sum\u00f3 la distribuci\u00f3n entre el p\u00fablico, volantes en el que se profundizan los motivos de la protesta, y cuyo proceso \u00a0 no concluir\u00e1, pues entrevistados algunos de\u00a0 los\u00a0 participantes, dijeron que est\u00e1n en espera de las decisiones\u00a0 de\u00a0 los mandos\u00a0 que ellos siguen para determinar\u00a0 que acciones de resistencia o de\u00a0 rechazo\u00a0 estar\u00e1n realizando los dias y semanas subsecuentes, tanto en la acci\u00f3n pol\u00edtica, como en la judicial.<\/p>\n\n\n\n<p>En este tenor, \u00a0 dijo que tales determinaciones\u00a0 pudieran conocerlas ma\u00f1ana,\u00a0 en tanto que &#8220;seguir\u00e1n luchando&#8221; y analizando los \u00a0 impactos que registra ya el Poder Judicial ante el embate reiterado &#8220;de otro poder&#8221;, con lo que se rompe\u00a0 el equilibrio de poderes \u00a0 sobre los cuales se ciment\u00f3 la Rep\u00fablica\u00a0 Mexicana.<\/p>\n\n\n\n<p>En este paro, se afectaron  a lo largo de 24 horas,\u00a0 la emisi\u00f3n de sentencias\u00a0 de asuntos que no implican cierta urgencia, aclarando que, &#8220;hay algunos que requieren acci\u00f3n inmediata como es el caso de los contenidos en el Art\u00edculo 22 Constitucional,\u00a0 como lo ser\u00eda\u00a0 una privaci\u00f3n ilegal de la libertad fuera de procedimiento, una negativa de medicamento, atenci\u00f3n m\u00e9dica, cuestiones que impliquen riesgo para la libertad personal,\u00a0tortura,\u00a0incomunicaci\u00f3n&#8221;.<\/p>\n\n\n\n<p>&#8220;En este d\u00eda, se registr\u00f3 la operaci\u00f3n de un juzgado de guardia que atendi\u00f3 cualquier\u00a0 urgencia de este orden&#8221;, se indic\u00f3.\u00a0<\/p>\n\n\n\n<p>Se espera que este dia 25 de octubre, los paristas vuelvan a la normalidad de sus labores.<\/p>\n","protected":false},"excerpt":{"rendered":"<p>Torre\u00f3n, Coahuila.- Funcionarios\u00a0 y trabajadores\u00a0 del Poder Judicial Federal\u00a0 que\u00a0 laboran en Juzgados y Tribunales\u00a0 que operan en esta ciudad, sostuvieron\u00a0 un paro general de actividades, y \u00a0 manifestaron su repudio e inconformidad \u00a0 con pancartas con leyendas alusivas\u00a0 ubic\u00e1ndose los portadores solo en el camell\u00f3n central del Bulevar Independencia, sin generar bloqueo vial alguno.\u00a0 El paro, con el que culmin\u00f3 manifestaciones y suspensi\u00f3n parcial de actividades es a partir&#8230;<\/p>\n","protected":false},"author":2,"featured_media":0,"comment_status":"closed","ping_status":"","sticky":false,"template":"","format":"standard","meta":{"footnotes":""},"categories":[5,28,102,7],"tags":[],"class_list":["post-17781","post","type-post","status-publish","format-standard","hentry","category-coahuila","category-la-laguna","category-poder-judicial","category-torreon","wpcat-5-id","wpcat-28-id","wpcat-102-id","wpcat-7-id"],"_links":{"self":[{"href":"https:\/\/www.aquilaguna.com\/index.php\/wp-json\/wp\/v2\/posts\/17781","targetHints":{"allow":["GET"]}}],"collection":[{"href":"https:\/\/www.aquilaguna.com\/index.php\/wp-json\/wp\/v2\/posts"}],"about":[{"href":"https:\/\/www.aquilaguna.com\/index.php\/wp-json\/wp\/v2\/types\/post"}],"author":[{"embeddable":true,"href":"https:\/\/www.aquilaguna.com\/index.php\/wp-json\/wp\/v2\/users\/2"}],"replies":[{"embeddable":true,"href":"https:\/\/www.aquilaguna.com\/index.php\/wp-json\/wp\/v2\/comments?post=17781"}],"version-history":[{"count":1,"href":"https:\/\/www.aquilaguna.com\/index.php\/wp-json\/wp\/v2\/posts\/17781\/revisions"}],"predecessor-version":[{"id":17782,"href":"https:\/\/www.aquilaguna.com\/index.php\/wp-json\/wp\/v2\/posts\/17781\/revisions\/17782"}],"wp:attachment":[{"href":"https:\/\/www.aquilaguna.com\/index.php\/wp-json\/wp\/v2\/media?parent=17781"}],"wp:term":[{"taxonomy":"category","embeddable":true,"href":"https:\/\/www.aquilaguna.com\/index.php\/wp-json\/wp\/v2\/categories?post=17781"},{"taxonomy":"post_tag","embeddable":true,"href":"https:\/\/www.aquilaguna.com\/index.php\/wp-json\/wp\/v2\/tags?post=17781"}],"curies":[{"name":"wp","href":"https:\/\/api.w.org\/{rel}","templated":true}]}}