{"id":17847,"date":"2023-10-27T21:37:36","date_gmt":"2023-10-28T03:37:36","guid":{"rendered":"https:\/\/www.aquilaguna.com\/?p=17847"},"modified":"2023-10-27T21:37:36","modified_gmt":"2023-10-28T03:37:36","slug":"preserva-tradiciones-uadec-con-el-tercer-festival-de-los-muertos","status":"publish","type":"post","link":"https:\/\/www.aquilaguna.com\/index.php\/2023\/10\/27\/preserva-tradiciones-uadec-con-el-tercer-festival-de-los-muertos\/","title":{"rendered":"Preserva Tradiciones UAdeC con el Tercer Festival de los Muertos."},"content":{"rendered":"\n<p>SALTILLO, Coahuila. 27 de octubre de 2023. Cel prop\u00f3sito de contribuir a la<br>preservaci\u00f3n y divulgaci\u00f3n de las tradiciones m\u00e1s significativas de la identidad<br>nacional, como lo es, el d\u00eda de muertos, la Universidad Aut\u00f3noma de Coahuila a<br>trav\u00e9s de la Coordinaci\u00f3n de Difusi\u00f3n y Patrimonio Cultural, escuelas y facultades<br>de la Unidad Saltillo, llevaron a cabo en la Unidad Camporredondo el Tercer<br>Festival de los Muertos.<\/p>\n\n\n\n<p>Es importante destacar que entre los j\u00f3venes estudiantes universitarios se<br>promueven actividades art\u00edstico-musicales para que se fomente el arraigo,<br>conocimiento y valor de las tradiciones mexicanas, adem\u00e1s de ofrecer escenarios<br>a los talentos art\u00edsticos que favorezca su desarrollo y crecimiento.<\/p>\n\n\n\n<p>Participaron la Coordinaci\u00f3n de Unidad Saltillo, las Escuela de Bachilleres Dr.<br>Mariano Narv\u00e1ez, el Ateneo Fuente, Superior de M\u00fasica, las facultades de<br>Ciencias F\u00edsico Matem\u00e1ticas, Mercadotecnia, de Ciencias de la Comunicaci\u00f3n,<br>Psicolog\u00eda, Ciencia, Educaci\u00f3n y Humanidades, Trabajo Social, los institutos de<br>Ense\u00f1anza Abierta, de Lenguas Extranjeras y del Valle Arizpe.<\/p>\n\n\n\n<p>Con un amplio programa art\u00edstico y musical se integr\u00f3 para ofrecer a la comunidad<br>universitaria y al p\u00fablico en general una gama de actividades en donde el talento y<br>la sensibilidad de las y los j\u00f3venes universitarios qued\u00f3 de manifiesto una vez<br>m\u00e1s, entre ellos el grupo de danza folcl\u00f3rica -danza de Matlachines- del Instituto<br>de Valle Arizpe, Grupo de baile de la preparatoria &#8220;Dr. Mariano Narv\u00e1ez&#8221;, Baile<br>moderno UAdeC, Danza \u00e1rabe UAdeC, Grupo Americanto.<\/p>\n\n\n\n<p>El concurso de Catrines y Catrinas, la Orquesta de Guitarras de Coahuila de la<br>Escuela Superior de M\u00fasica de la UAdeC, callejoneada con las tunas de la<br>Universidad, Leyendas a cargo de Mario Villanueva, exposici\u00f3n &#8220;Xoloitzcuintle:<br>Una luz en el inframundo&#8221; a cargo de alumnos de la preparatoria &#8220;Dr. Mariano<br>Narv\u00e1ez&#8221;, obra de teatro &#8220;Trascendencia&#8221; a cargo de alumnos de la preparatoria<br>&#8220;Dr. Mariano Narv\u00e1ez&#8221; y la Camerata Femenil Cuatro Lunas de la Escuela<br>Superior de M\u00fasica.<\/p>\n\n\n\n<p>En la ceremonia de inauguraci\u00f3n participaron el coordinador de Unidad Saltillo,<br>Julio Saucedo Zul, y los directores de las escuelas participantes y la coordinadora<br>de difusi\u00f3n cultural, Ana Sofia Rodr\u00edguez Cepeda quien en su mensaje resalt\u00f3 el<br>papel que jugaron los estudiantes y los directivos de las escuelas y facultades por<br>su participaci\u00f3n en la elaboraci\u00f3n de todos los elementos utilizados en este<br>festival.<\/p>\n\n\n\n<p>Agreg\u00f3 que esta celebraci\u00f3n es un v\u00ednculo de comunicaci\u00f3n entre el pasado y el<br>presente, por lo que la Universidad difunde y trabaja por conservar las tradiciones<br>y cultura de los mexicanos, al tiempo que se fortalece la unidad universitaria<br>mediante un sano esparcimiento que da rienda suelta a la imaginaci\u00f3n art\u00edstica y<br>talento universitario.<\/p>\n","protected":false},"excerpt":{"rendered":"<p>SALTILLO, Coahuila. 27 de octubre de 2023. Cel prop\u00f3sito de contribuir a lapreservaci\u00f3n y divulgaci\u00f3n de las tradiciones m\u00e1s significativas de la identidadnacional, como lo es, el d\u00eda de muertos, la Universidad Aut\u00f3noma de Coahuila atrav\u00e9s de la Coordinaci\u00f3n de Difusi\u00f3n y Patrimonio Cultural, escuelas y facultadesde la Unidad Saltillo, llevaron a cabo en la Unidad Camporredondo el TercerFestival de los Muertos. Es importante destacar que entre los j\u00f3venes estudiantes&#8230;<\/p>\n","protected":false},"author":1,"featured_media":17848,"comment_status":"closed","ping_status":"closed","sticky":false,"template":"","format":"standard","meta":{"footnotes":""},"categories":[2],"tags":[],"class_list":["post-17847","post","type-post","status-publish","format-standard","has-post-thumbnail","hentry","category-uadec","wpcat-2-id"],"_links":{"self":[{"href":"https:\/\/www.aquilaguna.com\/index.php\/wp-json\/wp\/v2\/posts\/17847","targetHints":{"allow":["GET"]}}],"collection":[{"href":"https:\/\/www.aquilaguna.com\/index.php\/wp-json\/wp\/v2\/posts"}],"about":[{"href":"https:\/\/www.aquilaguna.com\/index.php\/wp-json\/wp\/v2\/types\/post"}],"author":[{"embeddable":true,"href":"https:\/\/www.aquilaguna.com\/index.php\/wp-json\/wp\/v2\/users\/1"}],"replies":[{"embeddable":true,"href":"https:\/\/www.aquilaguna.com\/index.php\/wp-json\/wp\/v2\/comments?post=17847"}],"version-history":[{"count":1,"href":"https:\/\/www.aquilaguna.com\/index.php\/wp-json\/wp\/v2\/posts\/17847\/revisions"}],"predecessor-version":[{"id":17849,"href":"https:\/\/www.aquilaguna.com\/index.php\/wp-json\/wp\/v2\/posts\/17847\/revisions\/17849"}],"wp:featuredmedia":[{"embeddable":true,"href":"https:\/\/www.aquilaguna.com\/index.php\/wp-json\/wp\/v2\/media\/17848"}],"wp:attachment":[{"href":"https:\/\/www.aquilaguna.com\/index.php\/wp-json\/wp\/v2\/media?parent=17847"}],"wp:term":[{"taxonomy":"category","embeddable":true,"href":"https:\/\/www.aquilaguna.com\/index.php\/wp-json\/wp\/v2\/categories?post=17847"},{"taxonomy":"post_tag","embeddable":true,"href":"https:\/\/www.aquilaguna.com\/index.php\/wp-json\/wp\/v2\/tags?post=17847"}],"curies":[{"name":"wp","href":"https:\/\/api.w.org\/{rel}","templated":true}]}}