{"id":17871,"date":"2023-10-29T18:34:03","date_gmt":"2023-10-30T00:34:03","guid":{"rendered":"https:\/\/www.aquilaguna.com\/?p=17871"},"modified":"2023-10-29T18:34:03","modified_gmt":"2023-10-30T00:34:03","slug":"aqui-laguna-263","status":"publish","type":"post","link":"https:\/\/www.aquilaguna.com\/index.php\/2023\/10\/29\/aqui-laguna-263\/","title":{"rendered":"Aqu\u00ed Laguna."},"content":{"rendered":"\n<p>\u00a1N\u00e9mesis!\u00a0 La que arrastra, a lo largo de la semana que concluye y la que sin duda, se le prolongar\u00e1\u00a0 \u00a0 \u00a0 sobre su gobierno\u00a0 al Presidente Andr\u00e9s Manuel L\u00f3pez Obrador, con el agua,\u00a0 no solo en la Laguna de Coahuila y Durango, con\u00a0 aun\u00a0 inconcluso Proyecto de\u00a0 Agua Saludable,\u00a0y el agua procedente de la\u00a0 tamaulipeca Presa El Cuchillo \u00a0 para el abasto de la\u00a0 zona metropolitana de Monterrey, ambas objeto de intervenci\u00f3n \u00a0 gubernamental\u00a0 sujetas pues\u00a0 a las condiciones mas que especiales que el actual gobierno federal aplica en tales proyectos, con escasa o nula intervenci\u00f3n estatal y mucho, pero mucho menos el municipal \u00a0 seg\u00fan los hemos visto desarrollar\u00a0 sin que lleguen aun,\u00a0 a \u00a0 buen fin alguno, y desde luego que registrada desde el pasado fin de semana,\u00a0 en la que sin intervenci\u00f3n de mano\u00a0 humana alguna, la naturaleza,\u00a0 coloc\u00f3 sobre\u00a0 Acapulco y\u00a0 por lo menos 10 municipio aleda\u00f1os.<\/p>\n\n\n\n<p>As\u00ed hemos visto a trav\u00e9s\u00a0 primero de escasas im\u00e1genes difundidas por muy diversos Medios, el horror que produce\u00a0 entre\u00a0 los pobladores afectados  v\u00edctimas\u00a0 \u00a0 del terror c\u00f3smico, que por largas y penosas horas impuso el fen\u00f3meno consistente\u00a0 en lluvias y r\u00e1fagas y viento\u00a0 a velocidades \u00a0 de consideraci\u00f3n, que literalmente barrieron con todo lo que se present\u00f3 a su paso, para\u00a0 luego\u00a0 realizar un\u00a0 recuento de la devastaci\u00f3n que ha borrado\u00a0 literal y figuradamente\u00a0 \u00a0 la orgullosa escenograf\u00eda que\u00a0 identificada la Bah\u00eda de Acapulco, considerada\u00a0 hasta hace algunos a\u00f1os, como una de las mas bellas del mundo,\u00a0 y a la que solo le hacia competencia \u00a0 la de N\u00e1poles, con todo y la peligrosa\u00a0 custodia que \u00a0 sobre este tiene el\u00a0 imponente Vesubio.<\/p>\n\n\n\n<p>A tal sitio lleg\u00f3 enlodado, empeque\u00f1ecido \u00a0 y con el lodo\u00a0 hasta las\u00a0 rodillas \u00a0 nuestro poderoso\u00a0 Presidente y su comitiva y en\u00a0 el sitio de la tragedia permaneci\u00f3 al parecer, solo unas horas, luego de haber ocupado solo del trayecto carretero que va de M\u00e9xico a Acapulco diez horas. Y regres\u00f3 raudo, pero ya posiblemente en helic\u00f3ptero,\u00a0 a la ciudad de M\u00e9xico y abrir a tiempo su\u00a0 programa matinal \u00a0 con un tema central que no fue de modo alguno\u00a0 OTIS y su tr\u00e1gico saldo, sino que \u00e9l mismo figura en el segundo sitio de un ranking\u00a0 de \u00a0 los presidentes mas populares del mundo  \u00a1h\u00e1game Usted Favor!. Ah y adem\u00e1s, \u00a0 con otro de su n\u00e9mesis \u2018&#8221;cu\u00e1nto gana Loret de Mola\u2019&#8221;, \u00a0 hoy mismo se conoci\u00f3 que AMLO visitar\u00eda Acapulco, como lo hizo por algunas horas al municipio\u00a0 municipio de\u00a0 Lerdo, casi subrepticia, con la sola compa\u00f1\u00eda del Gobernador de Durango,\u00a0 ser\u00e1 para tener tema, ma\u00f1ana en su programa matinal, cual si el tema del proyecto\u00a0 Agua Saludable, fuera\u00a0 asunto\u00a0 secreto de estado&#8230;<\/p>\n\n\n\n<p>Hasta \u00a0 este mismo domingo el recuento de\u00a0 los da\u00f1os registrados en el tema de vidas humanas sumaba 49 y \u00a0de desaparecidos, es decir \u00a0 en el recuento\u00a0 \u2018&#8221;oficial\u2019&#8221;, que se genera en medio de suspicacia de manera\u00a0 por dem\u00e1s lenta,\u00a0 y que contrasta con\u00a0 el innumerables\u00a0 personas,\u00a0 que buscan\u00a0 desesperados apoyo, y la ayuda\u00a0 de quien sea,\u00a0 para ubicar, vivos o muertos a sus\u00a0 seres queridos en medio\u00a0 de la desolaci\u00f3n\u00a0 que significa\u00a0 quedar totalmente incomunicados, por\u00a0 aire, mar y tierra, sin agua \u00a0 ni v\u00edveres, que generaron luego el saqueado de todo comestible seguido de la rapi\u00f1a que se\u00a0 entiende, pero no se justifica, debido a la ausencia\u00a0 total tambi\u00e9n, de fuerza publica ll\u00e1mese esta fuerza militar, Guardia Civil, polic\u00edas estatales, municipales, etc.,  o al menos\u00a0 de gobernantes que hicieran posible persuaci\u00f3n, o disuaci\u00f3n\u00a0 alguna para\u00a0 que tal hecho no tuviera lugar, a casi ocho d\u00edas de la tragedia.<\/p>\n\n\n\n<p>Los vientos huracanados,\u00a0 pusieron tambi\u00e9n al descubierto, casi cual si fuera otro damnificado mas, al Gobierno Federal si se analiza \u00a0 la escasa, lenta y pobre respuesta ante un fen\u00f3meno y da\u00f1os de\u00a0 tal magnitud. Esa \u00a0 pat\u00e9tica\u00a0 imagen de nuestro Presidente \u00a0 de copiloto, con sus Secretarios de Marina, de la SEDENA\u00a0 y de\u00a0 Seguridad Nacional, viajando de &#8220;raid&#8221; en\u00a0 la caja\u00a0 con redilas de la camioneta\u00a0 en la que\u00a0 \u00a0 viajaba de copiloto, ubic{o en su justa dimensi\u00f3n,\u00a0 \u00a0 la imagen \u00a0 del \u00a0 grupo que gobierna este pa\u00eds \u00bfeso es lo que nos merecemos?\u00a0<\/p>\n\n\n\n<p>El tiempo, ese tirano, se agota el t\u00e9rmino de la presente administraci\u00f3n,\u00a0 siendo en la fecha del d\u00eda 9 del mes de noviembre, ya a nuestras puertas, cuando\u00a0 el Congreso del Estado reciba el documento \u00a0 con el cual, el Gobernador Miguel Angel Riquelme Solis,\u00a0 concluya el sexenio que le toc\u00f3 presidir a partir del 2018, abriendo con ello en los 15 d\u00edas siguientes, la presentaci\u00f3n\u00a0 de los titulares de los principales cargos \u00a0 que constituyeron su gabinete, y en este\u00a0 par\u00e9ntesis, se abre tambi\u00e9n, los tiempos que anticipadamente ha prometido el Gobernador electo Manolo Jim\u00e9nez Salinas, de quienes estar\u00e1n a su lado al inicio de la nueva administraci\u00f3n estatal. La verdad es que\u00a0 entre la clase\u00a0 pol\u00edtica regional, que avanz\u00f3\u00a0 en crecimiento y posiciones a lo largo de lo que ya se estar\u00e1 llamado &#8220;el riquelmismo&#8221; con una clara\u00a0 divisi\u00f3n del Moreirato, toda vez que es entre los laguneros los que podr\u00edan ser considerados\u00a0 en la linea de formaci\u00f3n y participaci\u00f3n con el Gobernador Riquelme Solis y conocer, si tendr\u00e1 alguno de ellos, sobrevivencia pol\u00edtica alguna en\u00a0 la administraci\u00f3n\u00a0 en espera, las inc\u00f3gnitas estar\u00e1n pues despejadas el menos\u00a0 \u00a0 en lo que corresponde a la formaci\u00f3n del pr\u00f3ximo gabinete\u00a0 estatal, si bien, entre bromas y de veras,\u00a0 se anticipan los mentideros\u00a0 pol\u00edticos, que\u00a0la clase pol\u00edtica lagunera quedara muy, pero muy\u00a0 alejada de los principales cargos, mas all\u00e1, de los \u00a0&#8220;comprometidos&#8221; de que se habla con integrantes de\u00a0 una sucesi\u00f3n tersa, y que se les imputa al Licenciado Eduardo Olmos Castro, y\u00a0 \u00a0 como elemento transicional\u00a0 al diputados pluri Lauro\u00a0 Villarreal<\/p>\n\n\n\n<p>.En cuanto a las candidaturas para\u00a0 alcaldes, alcaldes repetidores,\u00a0 candidatos a\u00a0 diputados federales, diputados federales, cabildos,\u00a0 y las Senadurias, por no decir la elaboraci\u00f3n de las famosos listados\u00a0 de pluris. Veremos&#8230;<\/p>\n\n\n\n<p>Y no se diga con los de enfrente,\u00a0 que ilusionados, tratando de superar\u00a0 sus propias limitaciones y las que sus contrincantes,\u00a0 les \u00a0 inventen, vemos como surgen un d\u00eda\u00a0si y otro tambi\u00e9n aspirantes por doquier para alzarse como candidatos \u00a0 bajo las siglas de MORENA y sus aliados, sin que ofrezcan en sus trayectorias personales y pol\u00edtica menos algo que ofrecer al electorado, y ya ven cuenta, y vaya que si, solo\u00a0 ver con lo que pasa en la\u00a0 el vecino Nuevo Le\u00f3n, que con todo y su gran pujanza econ\u00f3mica, naufraga en\u00a0 las ambiciones y\u00a0 la codicias\u00a0 su gobernadorcito,  que resbala una y otra vez \u00a0 demeritando\u00a0 \u00a0 no solo el arte de la polic\u00eda, sino la pol\u00edtica misma, con su fallido\u00a0 chapulineo\u00a0 con el que ubic\u00f3\u00a0 en\u00a0 singular crisis \u00a0 pol\u00edtica \u00a0 al Estado orgullo del norte,\u00a0 y pensar que quiere ser presidente.<\/p>\n\n\n\n<p>Y ojo,\u00a0 vientos de fronda\u00a0 soplan sobre la UAdeC,\u00a0 al menos\u00a0 en alguna\u00a0 se\u00f1aladas facultades de la Unidad Torre\u00f3n, generadas tambi\u00e9n por\u00a0 las ilusiones, ambiciones e intereses que genera la inminente sucesi\u00f3n de su Rector. En este marco, dicen, se inscribe el conflicto que se registra en la Preparatoria Venustiano Carranza -1,700 estudiantes-, sobre cuya comunidad pesa la realizaci\u00f3n de un\u00a0 referendum\u00a0 que ratifique o lance de tal sitio a su Directora, Jessica Zapata\u00a0 quien \u00a0 abri\u00f3 una impugnaci\u00f3n ante tal decisi\u00f3n de la Comisi\u00f3n de Honor y Justicia que conoce el caso, eso es\u00a0 lo que\u00a0 registra el proceso interno citado, pero\u00a0 trasciende que\u00a0 en el fondo no es el cargo\u00a0el que esta en juego, sino que\u00a0 hay una mano que\u00a0 mece tal cuna,\u00a0 con la que se anticipa\u00a0 la movilizaci\u00f3n de\u00a0 \u00a0 intereses por el control y dominio del campus universitario, no solo\u00a0 esa prepa, sino en el resto de as Unidades y acci\u00f3n que imputan \u00bfSabe Usted, por quien?, se afirma \u00a0 que\u00a0 tal situaci\u00f3n es agitada por la mano del Rector\u00a0 de la Universidad Tecnol\u00f3gica, el controversial Licenciado Carlos Centeno, pues se afirma que los secretarios administrativos y acad\u00e9micos de la PVC, pertenecen a sus fuerzas\u00a0 que mantiene en la unidad Torre\u00f3n y una vez que su hermana, directora de la Facultad de\u00a0 Derecho\u00a0 ha hecho p\u00fablicas sus ilusiones, de figurar como aspirante a la Rector\u00eda\u00a0 de la UAdeC, que ahora ocupa, el Ingeniero Salvador\u00a0 Hern\u00e1ndez Velez.<\/p>\n\n\n\n<p>En esta ciudad,\u00a0 el s\u00e1bado \u00a0 pasado, concluy\u00f3 la vida de la Licenciada Laura Reyes Retana,\u00a0 que se desempe\u00f1aba como S\u00edndica del Ayuntamiento de Torre\u00f3n en funciones, luego de un largo padecimiento card\u00edaco. A la licenciada Reyes Retana,\u00a0 se le recuerda como funcionaria estatal, pero mas por su paso en la\u00a0 militancia\u00a0 pol\u00edtica\u00a0 o partidista, en donde sum\u00f3 a una diputaci\u00f3n local, una del orden federal y concluir\u00a0 tal trayecto bajo las siglas del PRI, al ser derrotada\u00a0 en sus aspiraciones,\u00a0 de ser alcaldesa de este municipio, frente a su adversario panista Guillermo Anaya. Hoy descansa en Paz.<\/p>\n","protected":false},"excerpt":{"rendered":"<p>\u00a1N\u00e9mesis!\u00a0 La que arrastra, a lo largo de la semana que concluye y la que sin duda, se le prolongar\u00e1\u00a0 \u00a0 \u00a0 sobre su gobierno\u00a0 al Presidente Andr\u00e9s Manuel L\u00f3pez Obrador, con el agua,\u00a0 no solo en la Laguna de Coahuila y Durango, con\u00a0 aun\u00a0 inconcluso Proyecto de\u00a0 Agua Saludable,\u00a0y el agua procedente de la\u00a0 tamaulipeca Presa El Cuchillo \u00a0 para el abasto de la\u00a0 zona metropolitana de Monterrey, ambas&#8230;<\/p>\n","protected":false},"author":2,"featured_media":0,"comment_status":"closed","ping_status":"","sticky":false,"template":"","format":"standard","meta":{"footnotes":""},"categories":[8],"tags":[],"class_list":["post-17871","post","type-post","status-publish","format-standard","hentry","category-aqui-laguna","wpcat-8-id"],"_links":{"self":[{"href":"https:\/\/www.aquilaguna.com\/index.php\/wp-json\/wp\/v2\/posts\/17871","targetHints":{"allow":["GET"]}}],"collection":[{"href":"https:\/\/www.aquilaguna.com\/index.php\/wp-json\/wp\/v2\/posts"}],"about":[{"href":"https:\/\/www.aquilaguna.com\/index.php\/wp-json\/wp\/v2\/types\/post"}],"author":[{"embeddable":true,"href":"https:\/\/www.aquilaguna.com\/index.php\/wp-json\/wp\/v2\/users\/2"}],"replies":[{"embeddable":true,"href":"https:\/\/www.aquilaguna.com\/index.php\/wp-json\/wp\/v2\/comments?post=17871"}],"version-history":[{"count":1,"href":"https:\/\/www.aquilaguna.com\/index.php\/wp-json\/wp\/v2\/posts\/17871\/revisions"}],"predecessor-version":[{"id":17872,"href":"https:\/\/www.aquilaguna.com\/index.php\/wp-json\/wp\/v2\/posts\/17871\/revisions\/17872"}],"wp:attachment":[{"href":"https:\/\/www.aquilaguna.com\/index.php\/wp-json\/wp\/v2\/media?parent=17871"}],"wp:term":[{"taxonomy":"category","embeddable":true,"href":"https:\/\/www.aquilaguna.com\/index.php\/wp-json\/wp\/v2\/categories?post=17871"},{"taxonomy":"post_tag","embeddable":true,"href":"https:\/\/www.aquilaguna.com\/index.php\/wp-json\/wp\/v2\/tags?post=17871"}],"curies":[{"name":"wp","href":"https:\/\/api.w.org\/{rel}","templated":true}]}}