{"id":17885,"date":"2023-10-30T18:53:59","date_gmt":"2023-10-31T00:53:59","guid":{"rendered":"https:\/\/www.aquilaguna.com\/?p=17885"},"modified":"2023-10-30T18:53:59","modified_gmt":"2023-10-31T00:53:59","slug":"hablan-del-pensamiento-cientifico-y-vida-cotidiana-en-la-catedra-salvador-hernandez-velez","status":"publish","type":"post","link":"https:\/\/www.aquilaguna.com\/index.php\/2023\/10\/30\/hablan-del-pensamiento-cientifico-y-vida-cotidiana-en-la-catedra-salvador-hernandez-velez\/","title":{"rendered":"Hablan del Pensamiento Cient\u00edfico y Vida Cotidiana en la C\u00e1tedra &#8220;Salvador Hern\u00e1ndez V\u00e9lez\u201d."},"content":{"rendered":"\n<p>SALTILLO, Coahuila. 30 de octubre de 2023. En la Sala de Seminarios \u201cEmilio J.<br>Talam\u00e1s\u201d en Unidad Camporredondo de la Universidad Aut\u00f3noma de Coahuila, se<br>realiz\u00f3 el Tercer Encuentro de la C\u00e1tedra Libre y Permanente Salvador Hern\u00e1ndez<br>V\u00e9lez \u201cLa construcci\u00f3n social del conocimiento cient\u00edfico\u201d, que es un espacio para<br>la reflexi\u00f3n y el an\u00e1lisis.<\/p>\n\n\n\n<p>El tema del panel fue \u201cPensamiento cient\u00edfico y vida cotidiana. Experiencias y<br>contextos de aplicaci\u00f3n\u201d, con la participaci\u00f3n de la Dra. M\u00f3nica Lizeth Ch\u00e1vez de<br>la Facultad de Ciencias Qu\u00edmicas, el Dr. Jorge Sadi Dur\u00f3n de la Facultad de<br>Ciencias Pol\u00edticas y Sociales y la Dra. Sagrario Cort\u00e9s Gaona del Instituto de<br>Ciencias y Humanidades \u201cLic. Salvador Gonz\u00e1lez Lobo\u201d.<\/p>\n\n\n\n<p>Durante su intervenci\u00f3n el rector Salvador Hern\u00e1ndez V\u00e9lez, explic\u00f3 que el<br>hombre tiene conciencia de la geometr\u00eda desde que empez\u00f3 a cazar, ejemplo de<br>ello la creaci\u00f3n de la flecha, que tiene forma de tri\u00e1ngulo, as\u00ed mismo, aprendieron<br>a domesticar el fuego y a cocinar sus alimentos.<\/p>\n\n\n\n<p>Comparti\u00f3 que el hombre invent\u00f3 las matem\u00e1ticas cuando tuvo la necesidad de<br>medir y de contar, por lo que todo proceso cient\u00edfico viene de un proceso social,<br>pues el hombre ha generado diferentes tipos de conocimientos, el cotidiano, el<br>cient\u00edfico y el filos\u00f3fico.<\/p>\n\n\n\n<p>Por su parte, la Dra. M\u00f3nica Lizeth Ch\u00e1vez de la Facultad de Ciencias Qu\u00edmicas,<br>se\u00f1al\u00f3 que no hay avance en el conocimiento sino hay una necesidad clara, pues<br>es a trav\u00e9s de la observaci\u00f3n que se busca encontrar las necesidades que tiene la<br>sociedad.<\/p>\n\n\n\n<p>Destac\u00f3 que la ciencia actualmente est\u00e1 enfocada en problem\u00e1ticas reales, por<br>ello, es importante situarse en los contextos, ya que cada lugar tiene necesidades<br>distintas y para hacer ciencia hay que estar contextualizados y ver que le hace<br>falta a las comunidades.<\/p>\n\n\n\n<p>Mientras que, el Dr. Jorge Sadi Dur\u00f3n de la Facultad de Ciencias Pol\u00edticas y<br>Sociales, coment\u00f3 que la ciencia se usa todos los d\u00edas, esto debido a que es un<br>constructo de la cultura, lo que le da sentido y significado a lo que los humanos<br>convertimos en realidad.<\/p>\n\n\n\n<p>As\u00ed mismo, expres\u00f3 que las personas somos capaces de adaptarnos a lo que nos<br>enfrentamos, por ejemplo si una persona es ciega aprender\u00e1 a leer en braille, si se<br>es mudo usar\u00e1 el lenguaje de se\u00f1as y adquirir\u00e1n los conocimientos que les<br>permitan desenvolverse.<\/p>\n\n\n\n<p>La Dra. Sagrario Cort\u00e9s Gaona del Instituto de Ciencias y Humanidades \u201cLic.<br>Salvador Gonz\u00e1lez Lobo\u201d, dijo que el universo est\u00e1 compuesto de elementos que<br>se interpretan y forman una din\u00e1mica global que es la hol\u00edstica, la cual llega para<br>el desarrollo integral de cada uno de los seres humanos y de la sociedad.<\/p>\n\n\n\n<p>Enfatiz\u00f3 en que todo est\u00e1 en constante cambio y que la hol\u00edstica matem\u00e1tica es un<br>estudio de un concepto a fondo a trav\u00e9s de problemas reales, por lo que es<br>necesario entender el proceso matem\u00e1tico y con ello afrontar situaciones de la<br>vida real.<\/p>\n\n\n\n<p>Al finalizar el panel, se abri\u00f3 un espacio de preguntas y respuestas con el p\u00fablico<br>asistente, quienes tuvieron la oportunidad de interactuar con los panelistas y<br>resolver sus dudas.<\/p>\n","protected":false},"excerpt":{"rendered":"<p>SALTILLO, Coahuila. 30 de octubre de 2023. En la Sala de Seminarios \u201cEmilio J.Talam\u00e1s\u201d en Unidad Camporredondo de la Universidad Aut\u00f3noma de Coahuila, serealiz\u00f3 el Tercer Encuentro de la C\u00e1tedra Libre y Permanente Salvador Hern\u00e1ndezV\u00e9lez \u201cLa construcci\u00f3n social del conocimiento cient\u00edfico\u201d, que es un espacio parala reflexi\u00f3n y el an\u00e1lisis. El tema del panel fue \u201cPensamiento cient\u00edfico y vida cotidiana. Experiencias ycontextos de aplicaci\u00f3n\u201d, con la participaci\u00f3n de la Dra&#8230;.<\/p>\n","protected":false},"author":1,"featured_media":17886,"comment_status":"closed","ping_status":"closed","sticky":false,"template":"","format":"standard","meta":{"footnotes":""},"categories":[2],"tags":[],"class_list":["post-17885","post","type-post","status-publish","format-standard","has-post-thumbnail","hentry","category-uadec","wpcat-2-id"],"_links":{"self":[{"href":"https:\/\/www.aquilaguna.com\/index.php\/wp-json\/wp\/v2\/posts\/17885","targetHints":{"allow":["GET"]}}],"collection":[{"href":"https:\/\/www.aquilaguna.com\/index.php\/wp-json\/wp\/v2\/posts"}],"about":[{"href":"https:\/\/www.aquilaguna.com\/index.php\/wp-json\/wp\/v2\/types\/post"}],"author":[{"embeddable":true,"href":"https:\/\/www.aquilaguna.com\/index.php\/wp-json\/wp\/v2\/users\/1"}],"replies":[{"embeddable":true,"href":"https:\/\/www.aquilaguna.com\/index.php\/wp-json\/wp\/v2\/comments?post=17885"}],"version-history":[{"count":1,"href":"https:\/\/www.aquilaguna.com\/index.php\/wp-json\/wp\/v2\/posts\/17885\/revisions"}],"predecessor-version":[{"id":17887,"href":"https:\/\/www.aquilaguna.com\/index.php\/wp-json\/wp\/v2\/posts\/17885\/revisions\/17887"}],"wp:featuredmedia":[{"embeddable":true,"href":"https:\/\/www.aquilaguna.com\/index.php\/wp-json\/wp\/v2\/media\/17886"}],"wp:attachment":[{"href":"https:\/\/www.aquilaguna.com\/index.php\/wp-json\/wp\/v2\/media?parent=17885"}],"wp:term":[{"taxonomy":"category","embeddable":true,"href":"https:\/\/www.aquilaguna.com\/index.php\/wp-json\/wp\/v2\/categories?post=17885"},{"taxonomy":"post_tag","embeddable":true,"href":"https:\/\/www.aquilaguna.com\/index.php\/wp-json\/wp\/v2\/tags?post=17885"}],"curies":[{"name":"wp","href":"https:\/\/api.w.org\/{rel}","templated":true}]}}