{"id":17928,"date":"2023-11-01T19:56:33","date_gmt":"2023-11-02T01:56:33","guid":{"rendered":"https:\/\/www.aquilaguna.com\/?p=17928"},"modified":"2023-11-01T19:56:33","modified_gmt":"2023-11-02T01:56:33","slug":"la-uadec-celebra-y-preserva-la-tradicion-del-dia-de-muertos","status":"publish","type":"post","link":"https:\/\/www.aquilaguna.com\/index.php\/2023\/11\/01\/la-uadec-celebra-y-preserva-la-tradicion-del-dia-de-muertos\/","title":{"rendered":"La UAdeC Celebra y Preserva la Tradici\u00f3n del D\u00eda de Muertos."},"content":{"rendered":"\n<p>SALTILLO, Coahuila. 1 de noviembre de 2023. Al cumplir con una de sus tareas<br>sustantivas, que es la preservaci\u00f3n y difusi\u00f3n de la cultura, la Universidad<br>Aut\u00f3noma de Coahuila a trav\u00e9s de sus Escuelas, Facultades, Institutos y<br>Dependencias, llev\u00f3 a cabo diversas actividades para celebrar la tradici\u00f3n<br>mexicana del D\u00eda de Muertos, que tiene lugar cada 2 de noviembre.<\/p>\n\n\n\n<p>La coordinaci\u00f3n de Difusi\u00f3n y Patrimonio Cultural coordin\u00f3 el Festival de los<br>Muertos en la Unidad Camporredondo, en donde participaron escuelas y<br>dependencias para que la poblaci\u00f3n en general y comunidad universitaria<br>disfrutaran de los foros Cempas\u00fachil, Copal y Camino de Luz, as\u00ed como del<br>Concurso de Catr\u00edn y Catrina, relatos de leyendas y el altar monumental.<\/p>\n\n\n\n<p>De igual manera la Infoteca Arteaga llev\u00f3 a cabo el Festival de la Muerte 2023,<br>que cont\u00f3 con altar de muertos, exposici\u00f3n de catrinas y concierto; la Infoteca<br>Central &#8220;Dr. Alejandro D\u00e1vila Flores&#8221;, llev\u00f3 a cabo un Taller de Mini Altares y la<br>Infoteca de la Salud organiz\u00f3 un Concurso de Catrinas y Catrines.<\/p>\n\n\n\n<p>Por otro lado, la Facultad de Enfermer\u00eda Unidad Saltillo, realiz\u00f3 un concurso de<br>puertas decoradas con tem\u00e1tica de D\u00eda de Muertos y en las Facultades de<br>Jurisprudencia, Econom\u00eda y Ciencias Sociales, se montaron altares y las y los<br>alumnos se vistieron de catrinas y catrines.<\/p>\n\n\n\n<p>Adem\u00e1s, la Facultad de Artes Pl\u00e1sticas en colaboraci\u00f3n con el Ateneo Fuente y la<br>Alianza Francesa de Saltillo, instal\u00f3 un altar y realiz\u00f3 un concurso de catrinas y<br>catrines; la Facultad de Sistemas llev\u00f3 a cabo su Segundo Festival de la Catrina y<br>el Catr\u00edn.<\/p>\n\n\n\n<p>As\u00ed mismo, en las Escuelas de Bachilleres, Ateneo Fuente, \u201cDr. Mariano Narv\u00e1ez<br>Gonz\u00e1lez\u201d y Aguanueva, inauguraron altar de muertos, al igual que el Hospital<br>Universitario de Saltillo y la Coordinaci\u00f3n General de Relaciones Internacionales,<br>que rindi\u00f3 un homenaje a quien fuera secretario general de la Universidad, Miguel<br>\u00c1ngel Rodr\u00edguez Calder\u00f3n.<\/p>\n\n\n\n<p>Por otro lado, el Recinto Cultural Universitario \u201cAurora Morales de L\u00f3pez\u201d,<br>inaugur\u00f3 un altar colectivo dedicado a la memoria del maestro universitario y<br>promotor cultural, Alfonso V\u00e1zquez Sotelo y cont\u00f3 con una exposici\u00f3n pl\u00e1stica.<\/p>\n\n\n\n<p>El D\u00eda de Muertos se considera una celebraci\u00f3n a la memoria y un ritual que<br>privilegia el recuerdo sobre el olvido, en la visi\u00f3n ind\u00edgena implica el retorno<br>transitorio de las \u00e1nimas de los difuntos, quienes regresan a casa, al mundo de los<br>vivos, para convivir con los familiares y para nutrirse de la esencia del alimento<br>que se les ofrece en los altares puestos en su honor.<\/p>\n\n\n\n<p>Los altares pueden ser de dos, tres o siete niveles, contienen distintos elementos<br>como sal, agua, papel picado que representa al viento, copal e incienso, pan de<br>muerto, velas y veladoras, flores, calaveras de az\u00facar, fruta, vino, mole y toda la<br>comida que al ser querido en vida le gustaba, adem\u00e1s de la foto u objetos de<br>quien o quienes se le honra en el altar como un ritual que convoca a la memoria.<\/p>\n","protected":false},"excerpt":{"rendered":"<p>SALTILLO, Coahuila. 1 de noviembre de 2023. Al cumplir con una de sus tareassustantivas, que es la preservaci\u00f3n y difusi\u00f3n de la cultura, la UniversidadAut\u00f3noma de Coahuila a trav\u00e9s de sus Escuelas, Facultades, Institutos yDependencias, llev\u00f3 a cabo diversas actividades para celebrar la tradici\u00f3nmexicana del D\u00eda de Muertos, que tiene lugar cada 2 de noviembre. La coordinaci\u00f3n de Difusi\u00f3n y Patrimonio Cultural coordin\u00f3 el Festival de losMuertos en la Unidad&#8230;<\/p>\n","protected":false},"author":1,"featured_media":17929,"comment_status":"closed","ping_status":"closed","sticky":false,"template":"","format":"standard","meta":{"footnotes":""},"categories":[2],"tags":[],"class_list":["post-17928","post","type-post","status-publish","format-standard","has-post-thumbnail","hentry","category-uadec","wpcat-2-id"],"_links":{"self":[{"href":"https:\/\/www.aquilaguna.com\/index.php\/wp-json\/wp\/v2\/posts\/17928","targetHints":{"allow":["GET"]}}],"collection":[{"href":"https:\/\/www.aquilaguna.com\/index.php\/wp-json\/wp\/v2\/posts"}],"about":[{"href":"https:\/\/www.aquilaguna.com\/index.php\/wp-json\/wp\/v2\/types\/post"}],"author":[{"embeddable":true,"href":"https:\/\/www.aquilaguna.com\/index.php\/wp-json\/wp\/v2\/users\/1"}],"replies":[{"embeddable":true,"href":"https:\/\/www.aquilaguna.com\/index.php\/wp-json\/wp\/v2\/comments?post=17928"}],"version-history":[{"count":1,"href":"https:\/\/www.aquilaguna.com\/index.php\/wp-json\/wp\/v2\/posts\/17928\/revisions"}],"predecessor-version":[{"id":17930,"href":"https:\/\/www.aquilaguna.com\/index.php\/wp-json\/wp\/v2\/posts\/17928\/revisions\/17930"}],"wp:featuredmedia":[{"embeddable":true,"href":"https:\/\/www.aquilaguna.com\/index.php\/wp-json\/wp\/v2\/media\/17929"}],"wp:attachment":[{"href":"https:\/\/www.aquilaguna.com\/index.php\/wp-json\/wp\/v2\/media?parent=17928"}],"wp:term":[{"taxonomy":"category","embeddable":true,"href":"https:\/\/www.aquilaguna.com\/index.php\/wp-json\/wp\/v2\/categories?post=17928"},{"taxonomy":"post_tag","embeddable":true,"href":"https:\/\/www.aquilaguna.com\/index.php\/wp-json\/wp\/v2\/tags?post=17928"}],"curies":[{"name":"wp","href":"https:\/\/api.w.org\/{rel}","templated":true}]}}