{"id":17931,"date":"2023-11-01T20:03:22","date_gmt":"2023-11-02T02:03:22","guid":{"rendered":"https:\/\/www.aquilaguna.com\/?p=17931"},"modified":"2023-11-01T20:03:23","modified_gmt":"2023-11-02T02:03:23","slug":"dedica-el-congreso-del-estado-altar-de-muertos-al-maestro-eloy-cerecero-sandoval","status":"publish","type":"post","link":"https:\/\/www.aquilaguna.com\/index.php\/2023\/11\/01\/dedica-el-congreso-del-estado-altar-de-muertos-al-maestro-eloy-cerecero-sandoval\/","title":{"rendered":"Dedica el Congreso del Estado Altar de Muertos al maestro Eloy Cerecero Sandoval."},"content":{"rendered":"\n<p>Saltillo, Coahuila de Zaragoza, noviembre de 2023.- El Congreso del<br>Estado inaugur\u00f3 un altar del D\u00eda de Muertos, dedicado a los fieles<br>difuntos y para recordar, con respeto y admiraci\u00f3n, al maestro Eloy<br>Cerecero Sandoval, destacado pintor, autor del mural del Vest\u00edbulo del<br>Sal\u00f3n de Sesiones, obra realizada en 1980 para homenajear a don<br>Miguel Ramos Arizpe, \u201cPadre de la Federaci\u00f3n Mexicana\u201d.<\/p>\n\n\n\n<p>En la inauguraci\u00f3n del altar estuvieron presentes, el Presidente de la<br>Junta de Gobierno, diputado Eduardo Olmos Castro; el Secretario de<br>Gobierno, Licenciado Fernando de las Fuentes Hern\u00e1ndez; la Secretaria<br>de Cultura, Ana Sof\u00eda Garc\u00eda Camil; diputadas y diputados de la LXII<br>Legislatura; la se\u00f1ora Yolanda Alvarado de Cerecero, viuda del<br>maestro homenajeado as\u00ed como sus hijos, e invitados especiales.<\/p>\n\n\n\n<p>En este acto, la diputada Mar\u00eda Eugenia Calder\u00f3n Amezcua,<br>Coordinadora de la Comisi\u00f3n Educaci\u00f3n, Cultura, Familias, Desarrollo<br>Humano y Actividades C\u00edvicas, manifest\u00f3 que los or\u00edgenes de la<br>tradici\u00f3n del d\u00eda de muertos son anteriores a la llegada de los<br>espa\u00f1oles y el altar es un elemento fundamental en esta celebraci\u00f3n.<\/p>\n\n\n\n<p>\u201cHonramos este d\u00eda con nuestras tradiciones a los files fieles difuntos y<br>recordamos con respeto, cari\u00f1o y admiraci\u00f3n, al \u201cCreador em\u00e9rito el<br>Estado de Coahuila 2016\u201d, al pintor Eloy Cerecero Sandoval\u201d dijo<br>Calder\u00f3n Amezcua.<\/p>\n\n\n\n<p>Por su parte la Secretaria de Cultura Garc\u00eda Camil destac\u00f3: \u201cPara los<br>mexicanos, la muerte es, inherente y culturalmente la extensi\u00f3n de la<br>vida, de tal manera que justamente el 7 de noviembre pr\u00f3ximo, se<br>conmemorar\u00e1n 20 a\u00f1os en que la festividad ind\u00edgena del D\u00eda de<br>Muertos de M\u00e9xico, fue proclamada por la UNESCO como \u2018Obra<br>Maestra del Patrimonio Cultural e Intangible de la Humanidad\u201d.<\/p>\n\n\n\n<p>A\u00f1adi\u00f3 que esta proclamaci\u00f3n se dio en el marco de la definici\u00f3n<br>temprana del concepto patrimonio intangible, para reconocer que esta<\/p>\n\n\n\n<p>manifestaci\u00f3n de la cultura mexicana es tan basta, que se defini\u00f3<br>como una expresi\u00f3n tradicional integradora, representativa y<br>comunitaria, cuyas ra\u00edces son m\u00e1s antiguas, incluso, a la llegada de los<br>espa\u00f1oles y sus matices, son meramente ind\u00edgenas y aut\u00f3ctonos.<\/p>\n\n\n\n<p>Garc\u00eda Camil agradeci\u00f3 al Congreso del Estado el homenaje a don Eloy<br>Cerecero quien tuvo una obra pl\u00e1stica prolija, \u201cun ser humano<br>apreciado por muchos de nosotros, por quien guardo un afecto<br>sincero, pero tambi\u00e9n admiraci\u00f3n al artista, a su t\u00e9cnica, a su vida\u201d.<\/p>\n\n\n\n<p>A nombre de la familia, hizo uso de la palabra el hijo del maestro Eloy,<br>Alejandro Cerecero, quien expres\u00f3: \u201cEst\u00e1n por cumplirse tres meses de<br>tu partida, y el hueco que has dejado es cada vez m\u00e1s grande, porque<br>no solamente fuiste un padre ejemplar, sino tambi\u00e9n un compa\u00f1ero<br>con quien expresamos nuestras inquietudes\u201d.A\u00f1adi\u00f3: \u201cque triste, pero<br>que mejor espacio para recordarte, aqu\u00ed bajo este mural distintivo de<br>tu trabajo, estilo y empe\u00f1o\u201d.<\/p>\n\n\n\n<p>El dise\u00f1o y montaje del altar estuvo a cargo del licenciado en artes<br>pl\u00e1sticas, Ismael C\u00e1rdenas y en su representaci\u00f3n pronunci\u00f3 un<br>mensaje Dina Gabriela Gaona.<\/p>\n","protected":false},"excerpt":{"rendered":"<p>Saltillo, Coahuila de Zaragoza, noviembre de 2023.- El Congreso delEstado inaugur\u00f3 un altar del D\u00eda de Muertos, dedicado a los fielesdifuntos y para recordar, con respeto y admiraci\u00f3n, al maestro EloyCerecero Sandoval, destacado pintor, autor del mural del Vest\u00edbulo delSal\u00f3n de Sesiones, obra realizada en 1980 para homenajear a donMiguel Ramos Arizpe, \u201cPadre de la Federaci\u00f3n Mexicana\u201d. En la inauguraci\u00f3n del altar estuvieron presentes, el Presidente de laJunta de Gobierno,&#8230;<\/p>\n","protected":false},"author":1,"featured_media":17932,"comment_status":"closed","ping_status":"closed","sticky":false,"template":"","format":"standard","meta":{"footnotes":""},"categories":[5,21],"tags":[],"class_list":["post-17931","post","type-post","status-publish","format-standard","has-post-thumbnail","hentry","category-coahuila","category-congreso-del-estado","wpcat-5-id","wpcat-21-id"],"_links":{"self":[{"href":"https:\/\/www.aquilaguna.com\/index.php\/wp-json\/wp\/v2\/posts\/17931","targetHints":{"allow":["GET"]}}],"collection":[{"href":"https:\/\/www.aquilaguna.com\/index.php\/wp-json\/wp\/v2\/posts"}],"about":[{"href":"https:\/\/www.aquilaguna.com\/index.php\/wp-json\/wp\/v2\/types\/post"}],"author":[{"embeddable":true,"href":"https:\/\/www.aquilaguna.com\/index.php\/wp-json\/wp\/v2\/users\/1"}],"replies":[{"embeddable":true,"href":"https:\/\/www.aquilaguna.com\/index.php\/wp-json\/wp\/v2\/comments?post=17931"}],"version-history":[{"count":1,"href":"https:\/\/www.aquilaguna.com\/index.php\/wp-json\/wp\/v2\/posts\/17931\/revisions"}],"predecessor-version":[{"id":17933,"href":"https:\/\/www.aquilaguna.com\/index.php\/wp-json\/wp\/v2\/posts\/17931\/revisions\/17933"}],"wp:featuredmedia":[{"embeddable":true,"href":"https:\/\/www.aquilaguna.com\/index.php\/wp-json\/wp\/v2\/media\/17932"}],"wp:attachment":[{"href":"https:\/\/www.aquilaguna.com\/index.php\/wp-json\/wp\/v2\/media?parent=17931"}],"wp:term":[{"taxonomy":"category","embeddable":true,"href":"https:\/\/www.aquilaguna.com\/index.php\/wp-json\/wp\/v2\/categories?post=17931"},{"taxonomy":"post_tag","embeddable":true,"href":"https:\/\/www.aquilaguna.com\/index.php\/wp-json\/wp\/v2\/tags?post=17931"}],"curies":[{"name":"wp","href":"https:\/\/api.w.org\/{rel}","templated":true}]}}