{"id":17954,"date":"2023-11-03T20:02:44","date_gmt":"2023-11-04T02:02:44","guid":{"rendered":"https:\/\/www.aquilaguna.com\/?p=17954"},"modified":"2023-11-03T20:02:44","modified_gmt":"2023-11-04T02:02:44","slug":"xochiquetzalli-celebrara-su-31-aniversario-en-el-teatro-isauro-martinez","status":"publish","type":"post","link":"https:\/\/www.aquilaguna.com\/index.php\/2023\/11\/03\/xochiquetzalli-celebrara-su-31-aniversario-en-el-teatro-isauro-martinez\/","title":{"rendered":"\u201cXochiquetzalli\u201d celebrar\u00e1 su 31 Aniversario en el Teatro Isauro Mart\u00ednez."},"content":{"rendered":"\n<p>TORRE\u00d3N, Coahuila. 3 de noviembre de 2023. El grupo de danza \u201cXochiquetzalli\u201d<br>del Departamento de Difusi\u00f3n Cultural de la Universidad Aut\u00f3noma de Coahuila, celebrar\u00e1<br>su 31 Aniversario, este s\u00e1bado 4 de noviembre en el Teatro Isauro Mart\u00ednez, en el que<br>rendir\u00e1 un homenaje al Maestro Carlos Berumen, quien fuera un baluarte de la danza.<br>Para esta ocasi\u00f3n, el grupo de danza, cuyo nombre en n\u00e1huatl significa &#8220;Flor preciosa&#8221;,<br>estar\u00e1 conformado por m\u00e1s de 45 bailarinas y bailarines bajo la direcci\u00f3n del maestro<br>Juan Carlos Avi\u00f1a, quienes dar\u00e1n una gran muestra al p\u00fablico lagunero de su gran<br>profesionalismo, alta calidad esc\u00e9nica, con la ejecuci\u00f3n del ballet, vestuario, m\u00fasica e<br>interpretaci\u00f3n.<\/p>\n\n\n\n<p>Para el maestro Juan Carlos, el grupo \u201cXochiquetzalli\u201d, es el m\u00e1s grande proyecto de su<br>vida, y fue creado con la firme convicci\u00f3n y el prop\u00f3sito de llevar su talento y arte, a todos<br>los p\u00fablicos posibles.<\/p>\n\n\n\n<p>Emprendi\u00f3 esta historia un 21 de septiembre de 1992, con una trayectoria que a\u00f1o tras<br>a\u00f1o se ha convertido en un camino de logros y de \u00e9xitos, rindiendo homenaje al arduo<br>trabajo de dedicaci\u00f3n personal y profesional, que lo ha llevado a erigirse como uno de los<br>proyectos culturales de mayor presencia a nivel regional, estatal y nacional.<\/p>\n\n\n\n<p>Juan Carlos Avi\u00f1a, pertenece a cuatro de las m\u00e1s importantes asociaciones de esta<br>disciplina, entre ellos al Consejo Internacional de Organizaciones de Festivales de Folclor<br>y de las Artes Tradicionales (CIOFF), el cual es colaborador oficial de la UNESCO.<\/p>\n\n\n\n<p>El Departamento de Difusi\u00f3n Cultural (DDC) de la UAdeC Unidad Torre\u00f3n, invita a todo el<br>p\u00fablico lagunero a que formen parte de la celebraci\u00f3n del 31 Aniversario del grupo de<br>danza folcl\u00f3rica \u201cXochiquetzalli\u201d, este s\u00e1bado 4 de noviembre, a las 18:00 horas en el<br>Teatro Isauro Mart\u00ednez.<\/p>\n","protected":false},"excerpt":{"rendered":"<p>TORRE\u00d3N, Coahuila. 3 de noviembre de 2023. El grupo de danza \u201cXochiquetzalli\u201ddel Departamento de Difusi\u00f3n Cultural de la Universidad Aut\u00f3noma de Coahuila, celebrar\u00e1su 31 Aniversario, este s\u00e1bado 4 de noviembre en el Teatro Isauro Mart\u00ednez, en el querendir\u00e1 un homenaje al Maestro Carlos Berumen, quien fuera un baluarte de la danza.Para esta ocasi\u00f3n, el grupo de danza, cuyo nombre en n\u00e1huatl significa &#8220;Flor preciosa&#8221;,estar\u00e1 conformado por m\u00e1s de 45 bailarinas&#8230;<\/p>\n","protected":false},"author":1,"featured_media":17955,"comment_status":"closed","ping_status":"closed","sticky":false,"template":"","format":"standard","meta":{"footnotes":""},"categories":[7,2],"tags":[],"class_list":["post-17954","post","type-post","status-publish","format-standard","has-post-thumbnail","hentry","category-torreon","category-uadec","wpcat-7-id","wpcat-2-id"],"_links":{"self":[{"href":"https:\/\/www.aquilaguna.com\/index.php\/wp-json\/wp\/v2\/posts\/17954","targetHints":{"allow":["GET"]}}],"collection":[{"href":"https:\/\/www.aquilaguna.com\/index.php\/wp-json\/wp\/v2\/posts"}],"about":[{"href":"https:\/\/www.aquilaguna.com\/index.php\/wp-json\/wp\/v2\/types\/post"}],"author":[{"embeddable":true,"href":"https:\/\/www.aquilaguna.com\/index.php\/wp-json\/wp\/v2\/users\/1"}],"replies":[{"embeddable":true,"href":"https:\/\/www.aquilaguna.com\/index.php\/wp-json\/wp\/v2\/comments?post=17954"}],"version-history":[{"count":1,"href":"https:\/\/www.aquilaguna.com\/index.php\/wp-json\/wp\/v2\/posts\/17954\/revisions"}],"predecessor-version":[{"id":17956,"href":"https:\/\/www.aquilaguna.com\/index.php\/wp-json\/wp\/v2\/posts\/17954\/revisions\/17956"}],"wp:featuredmedia":[{"embeddable":true,"href":"https:\/\/www.aquilaguna.com\/index.php\/wp-json\/wp\/v2\/media\/17955"}],"wp:attachment":[{"href":"https:\/\/www.aquilaguna.com\/index.php\/wp-json\/wp\/v2\/media?parent=17954"}],"wp:term":[{"taxonomy":"category","embeddable":true,"href":"https:\/\/www.aquilaguna.com\/index.php\/wp-json\/wp\/v2\/categories?post=17954"},{"taxonomy":"post_tag","embeddable":true,"href":"https:\/\/www.aquilaguna.com\/index.php\/wp-json\/wp\/v2\/tags?post=17954"}],"curies":[{"name":"wp","href":"https:\/\/api.w.org\/{rel}","templated":true}]}}