{"id":17996,"date":"2023-11-06T18:39:25","date_gmt":"2023-11-07T00:39:25","guid":{"rendered":"https:\/\/www.aquilaguna.com\/?p=17996"},"modified":"2023-11-06T18:39:25","modified_gmt":"2023-11-07T00:39:25","slug":"coahuila-cumplio-con-totalmente-con-pago-de-servicios-de-deuda-durante-administracion-que-esta-por-terminar","status":"publish","type":"post","link":"https:\/\/www.aquilaguna.com\/index.php\/2023\/11\/06\/coahuila-cumplio-con-totalmente-con-pago-de-servicios-de-deuda-durante-administracion-que-esta-por-terminar\/","title":{"rendered":"Coahuila cumpli\u00f3 con totalmente con pago de servicios de deuda durante administraci\u00f3n que est\u00e1 por terminar."},"content":{"rendered":"\n<p>Torre\u00f3n, Coahuila- El Gobernador Miguel\u00a0 Angel Riquelme Solis\u00a0 expres\u00f3 que tras haber alcanzado\u00a0 dos buenas reestructuraciones del la\u00a0 Deuda P\u00fablica de Coahuila con los Bancos acreedores,\u00a0 si bien no se abon\u00f3 monto alguno al capital de la misma a lo largo de su administraci\u00f3n, s\u00ed se cumpli\u00f3 de manera puntual, el pago del servicio de la misma, es decir los intereses correspondientes que\u00a0 anualmente \u00a0 ascienden a una \u00a0 una suma estimada en 4,500 millones de pesos.<\/p>\n\n\n\n<p>Esto fue posible, afirm\u00f3 el gobernante luego que su administraci\u00f3n\u00a0 logr\u00f3 sumar como recaudaci\u00f3n de ingresos propios,\u00a0 una suma superior a los 9 mil millones de pesos, que dej\u00f3 as\u00ed margen para destinar\u00a0 los recursos mencionados, tras cumplir con el compromiso\u00a0 bancario mencionado, al ejercicio de proyectos y obras en diversos temas enfrentados en su gesti\u00f3n.<\/p>\n\n\n\n<p>El recurrente tema de la deuda p\u00fablica, del que se ha hecho slogan \u00a0 de propaganda pol\u00edtica por parte de adversarios y no\u00a0 fue\u00a0 transitado como lo explic\u00f3 este d\u00eda\u00a0 el gobernante,  heredero del tema y del monto\u00a0 adeudado.<\/p>\n\n\n\n<p>Inform\u00f3 adem\u00e1s, de que ser\u00e1 en el transcurso del presente mes cuando se conozcan\u00a0 los resultados que arrojen la recaudaci\u00f3n \u00a0 generada\u00a0 en el Estado , ingreso en ascenso generalmente en\u00a0 estos meses finales del a\u00f1o\u00a0 y con ello se podr\u00e1 indicar de la cobertura de compromisos laborales como es el pago de aguinaldos, nomina\u00a0 estatal del presente mes, as\u00ed como el monto \u00a0 de la deuda de proveedores y otros, compromisos en tr\u00e1nsito, con todo y que el Gobierno Federal, le anunci\u00f3 el recorte de 1,500 millones de pesos, de las Participaciones\u00a0 Federales, que\u00a0 le fueran asignadas a Coahuila para su ejercicio en este 2023.<\/p>\n\n\n\n<p>Destac\u00f3 en su\u00a0 an\u00e1lisis que Coahuila tiene a la fecha\u00a0 deuda \u00a0a corto plazo, y que adem\u00e1s, con el aprobado aumento al Impuesto Sobre N\u00f3minas, que\u00a0 pas\u00f3 del 2, al 3%, condiciones que deja a su sucesor, el Ingeniero Manolo Jim\u00e9nez Salinas\u00a0 en condiciones\u00a0 que\u00a0 imponga su ejercicio o gesti\u00f3n que inicia a a partir del primero de diciembre pr\u00f3ximo.<\/p>\n\n\n\n<p>El Gobernador\u00a0 Riquelme Solis, ratific\u00f3\u00a0 que ser\u00e1 este jueves 9 de\u00a0 noviembre, cuando se presente en el Congreso del Estado para\u00a0 dar paso a su VI y ultimo Informe de Gobierno, anticipando que en d\u00edas pr\u00f3ximos, estar\u00e1 entregando\u00a0 la obra que corresponde a la Velaria del Centro de Convenciones de Torre\u00f3n.<\/p>\n\n\n\n<p>As\u00ed tambi\u00e9n, que en las pr\u00f3ximas semanas,\u00a0 invitar\u00e1 al gobernador electo\u00a0 Manolo Jim\u00e9nez Salinas a\u00a0 una de las ultimas reuniones\u00a0 del subcomit\u00e9 t\u00e9cnico regional, reuniones y estrategias\u00a0 que singularizaron\u00a0 al r\u00e9gimen que el\u00a0 preside en\u00a0 Coahuila.<\/p>\n\n\n\n<p><strong>POSDATA.<\/strong><\/p>\n\n\n\n<p>En otro momento y tema, el gobernador Riquelme Solis inform\u00f3 que sigue adelante, sin\u00a0 problema alguno,\u00a0 el proceso de entrega recepci\u00f3n de su gobierno y el que encabezar\u00e1 a partir del primero de diciembre el Ingeniero Manolo Jim\u00e9nez Saracho.<\/p>\n","protected":false},"excerpt":{"rendered":"<p>Torre\u00f3n, Coahuila- El Gobernador Miguel\u00a0 Angel Riquelme Solis\u00a0 expres\u00f3 que tras haber alcanzado\u00a0 dos buenas reestructuraciones del la\u00a0 Deuda P\u00fablica de Coahuila con los Bancos acreedores,\u00a0 si bien no se abon\u00f3 monto alguno al capital de la misma a lo largo de su administraci\u00f3n, s\u00ed se cumpli\u00f3 de manera puntual, el pago del servicio de la misma, es decir los intereses correspondientes que\u00a0 anualmente \u00a0 ascienden a una \u00a0 una&#8230;<\/p>\n","protected":false},"author":2,"featured_media":0,"comment_status":"closed","ping_status":"","sticky":false,"template":"","format":"standard","meta":{"footnotes":""},"categories":[5,29,15],"tags":[],"class_list":["post-17996","post","type-post","status-publish","format-standard","hentry","category-coahuila","category-economia","category-gobierno-de-coahuila","wpcat-5-id","wpcat-29-id","wpcat-15-id"],"_links":{"self":[{"href":"https:\/\/www.aquilaguna.com\/index.php\/wp-json\/wp\/v2\/posts\/17996","targetHints":{"allow":["GET"]}}],"collection":[{"href":"https:\/\/www.aquilaguna.com\/index.php\/wp-json\/wp\/v2\/posts"}],"about":[{"href":"https:\/\/www.aquilaguna.com\/index.php\/wp-json\/wp\/v2\/types\/post"}],"author":[{"embeddable":true,"href":"https:\/\/www.aquilaguna.com\/index.php\/wp-json\/wp\/v2\/users\/2"}],"replies":[{"embeddable":true,"href":"https:\/\/www.aquilaguna.com\/index.php\/wp-json\/wp\/v2\/comments?post=17996"}],"version-history":[{"count":1,"href":"https:\/\/www.aquilaguna.com\/index.php\/wp-json\/wp\/v2\/posts\/17996\/revisions"}],"predecessor-version":[{"id":17997,"href":"https:\/\/www.aquilaguna.com\/index.php\/wp-json\/wp\/v2\/posts\/17996\/revisions\/17997"}],"wp:attachment":[{"href":"https:\/\/www.aquilaguna.com\/index.php\/wp-json\/wp\/v2\/media?parent=17996"}],"wp:term":[{"taxonomy":"category","embeddable":true,"href":"https:\/\/www.aquilaguna.com\/index.php\/wp-json\/wp\/v2\/categories?post=17996"},{"taxonomy":"post_tag","embeddable":true,"href":"https:\/\/www.aquilaguna.com\/index.php\/wp-json\/wp\/v2\/tags?post=17996"}],"curies":[{"name":"wp","href":"https:\/\/api.w.org\/{rel}","templated":true}]}}