{"id":18026,"date":"2023-11-08T20:34:23","date_gmt":"2023-11-09T02:34:23","guid":{"rendered":"https:\/\/www.aquilaguna.com\/?p=18026"},"modified":"2023-11-08T20:34:23","modified_gmt":"2023-11-09T02:34:23","slug":"aqui-laguna-266","status":"publish","type":"post","link":"https:\/\/www.aquilaguna.com\/index.php\/2023\/11\/08\/aqui-laguna-266\/","title":{"rendered":"Aqu\u00ed Laguna."},"content":{"rendered":"\n<p>\u00a1No hay\u00a0 fecha\u00a0 que no se cumpla, ni\u00a0 plazo que no llegue! Y as\u00ed este\u00a0 9 de noviembre, en t\u00e9rminos formales, de facto, el r\u00e9gimen del Ingeniero Miguel Angel Riquelme Solis, arriba a la l\u00ednea de tiempo que la ley marca para\u00a0 el mando de\u00a0 los gobernadores en Coahuila. Tal t\u00e9rmino tendr\u00e1\u00a0 la formalidad protocolaria al realizarse a partir de las 10:00 horas\u00a0 en la sede del Congreso del Estado,\u00a0 sitio a donde \u00a0 la clase pol\u00edtica toda, de color distinto, aliados por necesidad en un denominado Frente Amplio\u00a0 la que tendr\u00e1 necesariamente que retirarse pues agot\u00f3 su\u00a0 periodo\u00a0 de tiempo fijado por la ley y sin duda tambi\u00e9n\u00a0 \u00a0 quienes est\u00e1n por abordar el barco al mando del Gobernador electo Manolo Jim\u00e9nez Solis. El resto del mes en curso, ser\u00e1 destinado a agotar la agenda de despedida, de recibir\u00a0 los reconocimientos logrados a pulso,\u00a0 y tambi\u00e9n, porque \u00a0 as\u00ed es siempre, el surgimiento de las primeras cr\u00edticas que \u00a0 generen sus detractores, de los resentidos, de quienes creyendo merecer m\u00e1s,\u00a0 no lograron tanto, etc., etc.,\u00a0 bajo el mando del lagunero y\u00a0 \u00a0de especulaciones que se espera\u00a0 empiecen a despejarse a partir de ma\u00f1ana mismo,\u00a0 al t\u00e9rmino de la ceremonia \u00a0 en donde el Gobernador Riquelme\u00a0 Solis dirigir\u00e1\u00a0 mensaje a los coahuilenses.<\/p>\n\n\n\n<p>Luego queda\u00a0 en el marco del tiempo o en marcha, decantar\u00a0 el juicio popular que\u00a0 les genere a los habitantes de este Estado, el \u00a0 paso por el mando principal del Estado\u00a0 a cargo del Ingeniero Riquelme Solis.<\/p>\n\n\n\n<p>Diremos por lo pronto, que hay \u00a0 un opini\u00f3n s\u00f3lida en el sentido de que pasar\u00e1 por lo menos una generaci\u00f3n, para que otro lagunero surja y alcance el\u00a0 principal cargo en el gobierno del Estado, toda vez que\u00a0 para que \u00a0el lagunero alcanzara tal puesto, tuvieron que pasar no una, sino dos generaciones\u00a0 y algo m\u00e1s, luego que Don Braulio Fern\u00e1ndez Aguirre lo desempe\u00f1ara, all\u00e1 por la d\u00e9cada de los a\u00f1os 60\u2018s, al menos de los gobiernos estatales que generaran las filas del Partido Revolucionario Institucional,\u00a0 partido que ha detentado\u00a0 tal ejercicio a lo largo de ya casi cien a\u00f1os, bajo sus siglas, si bien \u00a0 el extinto gobernador Eliseo\u00a0 Berrueto Mendoza, naci\u00f3 en San Pedro\u00a0 se\u00a0 consolid\u00f3 como\u00a0 sujeto pol\u00edtico\u00a0 exitoso\u00a0 extramuros de Coahuila, y porque no, mencionar tambi\u00e9n el caso de Don Pedro V. Rodr\u00edguez Triana, gestado en el per\u00edodo revolucionario y no m\u00e1s.<\/p>\n\n\n\n<p>Por eso, la di\u00e1spora de laguneros afincados en Coahuila por la circunstancia pol\u00edtica que les toc\u00f3 acompa\u00f1ar al lado del Ingeniero Riquelme, dicen, ya est\u00e1 en marcha desde hace\u00a0 algunas semanas, retornar\u00e1n\u00a0 a la comarca, sin futuro cierto por ahora,\u00a0 si bien\u00a0 algunos se dice con malicia,\u00a0 con las alforjas llenas, de experiencias, claro, queda por all\u00e1 en la ciudad capital del Estado, solo seguro, dicen tambi\u00e9n por ahora el Licenciado Eduardo Olmos Castro, que\u00a0 tendr\u00e1 a cargo asumir la Secretar\u00eda de Gobierno, con el encargo obvio de presidir en el terreno burocr\u00e1tico\u00a0 y de la real politik, la sucesi\u00f3n en puerta, para que \u00e9sta sea tersa \u00a0 y no genere turbulencias de cara al proceso electoral federal\u00a0 y local a\u00a0 lo largo de los primeros seis meses del a\u00f1o\u00a0 en puerta, tiempo en los que finque\u00a0 estilo pues, el nuevo gobierno estatal\u00a0 \u00a0 con todo y que algunos temas de gobierno\u00a0 requiere\u00a0 de pol\u00edticas p\u00fablicas, bien ponderadas y exitosas, como lo han sido en el presente gobierno, los temas referidos\u00a0 sobre todo a la seguridad p\u00fablica y luego a\u00a0 la atracci\u00f3n\u00a0 y diversificaci\u00f3n de inversiones y\u00a0 generaci\u00f3n de empleos, desarrollo y diversificaci\u00f3n de\u00a0 actividades, en el marco, eso s\u00ed, del refuego que\u00a0 ya genera, la selecci\u00f3n de candidatos a\u00a0 las elecciones estatales que incluyen\u00a0 la renovaci\u00f3n de 38 municipios y sus cabildos, algunos de los cuales, fincan en la potencial reelecci\u00f3n de\u00a0 sus titulares, como es el caso de Torre\u00f3n, m\u00e1s la selecci\u00f3n\u00a0 de los candidatos a diputados federales, y la f\u00f3rmula senatorial, adem\u00e1s y en eso hay que poner atenci\u00f3n, en la conformaci\u00f3n de la lista de\u00a0 Plurinominales,\u00a0 tema en el que guste o no tiene mano, Alito y compa\u00f1\u00edas.<\/p>\n\n\n\n<p>En fin, intensos ser\u00e1n los tiempos que corran a partir de este d\u00eda 10 de noviembre, que no amainar\u00e1n siquiera con el per\u00edodo destinado a las festividades de Navidad y A\u00f1o Nuevo.<\/p>\n\n\n\n<p>Ojo tambi\u00e9n en la selecci\u00f3n de figuras femeninas no solo del \u00e1mbito pr\u00edista y aliados, sino tambi\u00e9n entre las de enfrente,\u00a0 las propuestas para\u00a0 la sucesi\u00f3n de Manolo Jim\u00e9nez Salinas, si las condiciones actuales legales \u00a0 vigentes por ahora obliga la postulaci\u00f3n\u00a0 de una \u00a0 f\u00e9mina para el m\u00e1ximo cargo de gobierno en Coahuila, y su gestaci\u00f3n pol\u00edtica ya debe de estar no solo en marcha, sino registrar avance\u00a0 que se note en marcha.<\/p>\n\n\n\n<p>En fin que hablando de calcetines, a la fecha no trasciende, para nada que haya por ah\u00ed ya una lista de\u00a0 aspirantes a alzarse con alguna Notar\u00eda P\u00fablica, como fue tradicional al t\u00e9rmino de los gobiernos que antecedieron al presente, con todo y las modificaciones que a la ley correspondiente ha impuesto como candidatos\u00a0 para limitar la discrecionalidad con la que se dieron estas concesiones de f\u00e9 p\u00fablica, que se\u00a0 daban como volantes, cual\u00a0 gracia concedida como\u00a0 graciosa despedida. De ah\u00ed que por ahora abunden estos profesionales\u00a0 con tal concesi\u00f3n en mano\u00a0 que tal facilidad obtuvieran, de modo que ahora, algunos\u00a0 o muchos de estos, hasta se creen secta o elite aparte.<\/p>\n\n\n\n<p>Y en Torre\u00f3n, al alcalde Cepeda Gonz\u00e1lez, que busca, dicen, sin obsesi\u00f3n alguna de por medio, alcanzar la reelecci\u00f3n en su actual cargo, rendir\u00e1 sus segundo Informe de gobierno el pr\u00f3ximo 11 de diciembre\u00a0 del presente, por la fecha es muy posible que quien fuera su contrincante\u00a0 en la b\u00fasqueda de la candidatura a Gobernador por el Frente Amplio,\u00a0 el hoy Gobernador electo Manolo Jim\u00e9nez Salinas, sea su invitado especial y \u00e9ste acuda, en esas andan tambi\u00e9n, los alcaldes de San Pedro de las Colonias y de Matamoros, y hasta en Viesca, dicen.<\/p>\n\n\n\n<p>As\u00ed que por ahora se espera ya que don Carlos Robles Lostranau \u00a0 haya conocido \u00a0a trav\u00e9s de su recorrido estatal en los principales municipios de Coahuila tenga ya en mente los prospectos y las posibilidades reales, tangibles\u00a0 de cada uno de los prospectos, para sacar avante la elecci\u00f3n estatal,\u00a0 y todos los cargos en juego.<\/p>\n\n\n\n<p>Y si la monta\u00f1a no viene a mi, yo voy a la monta\u00f1a,\u00a0 dicen que dijo Mahoma y eso puede aplicarse a la estrategia bajo la cual,\u00a0 el diputado federal logr\u00f3 a lo largo de todo un a\u00f1o, sacar de la populosa\u00a0 Regi\u00f3n de Jimulco,\u00a0 de donde es oriundo,\u00a0 la\u00a0 rica gastronom\u00eda de esa zona, irrigada\u00a0 por el R\u00edo Aguanaval, para ofrecerla cada domingo en el Paseo Col\u00f3n a los\u00a0 laguneros todos, que con su asistencia han acreditado tal estrategia que reporta\u00a0 \u00a0 sentimiento de fuerte identidad a sus\u00a0 participantes, en su mayor\u00eda mujeres campesinas que organizadas, motivadas, son el alma del Mercadito Campesino que opera\u00a0 domingo a domingo\u00a0 en\u00a0 la Privada\u00a0 Esparza\u00a0 con\u00a0 persistente\u00a0 y admirable disciplina.<\/p>\n\n\n\n<p>\u00a1La \u00faltima! Omar Fayad,\u00a0 el cara larga\u00a0 ex gobernador\u00a0 del Estado de Hidalgo, fue designado\u00a0 nuevo Embajador\u00a0 de M\u00e9xico\u00a0 en Noruega, cargo que\u00a0 es el premio que acostumbra el r\u00e9gimen por traici\u00f3n bien consumada,\u00a0 explicando\u00a0 sin mayor necesidad\u00a0 la entrega\u00a0 de su sucesi\u00f3n en el cargo citado primeramente a favor del candidato morenista Julio Menchaca, como se hab\u00eda\u00a0 afirmado\u00a0 durante\u00a0 la controversial elecci\u00f3n de este \u00faltimo. Ahora solo resta esperar y\u00a0 ver, si su ex Secretario de Gobierno y compadre, el\u00a0 lagunero Sim\u00f3n Vargas\u00a0 Aguilar, lo seguir\u00e1 en tan dorado exilio, para no quedar desprotegido, con todo y que Sim\u00f3n Hiram Vargas\u00a0 Jr., anda\u00a0 ya de ac\u00f3lito en las filas del ex alcalde\u00a0 interino de Torre\u00f3n\u00a0 Jorge Luis Moran, buscando alzarse,\u00a0 h\u00e1game Usted favor, con\u00a0 la candidatura de MORENA\u00a0 a la presidencia municipal de\u00a0 este\u00a0 municipio, del que por cierto, no es oriundo\u2026<\/p>\n","protected":false},"excerpt":{"rendered":"<p>\u00a1No hay\u00a0 fecha\u00a0 que no se cumpla, ni\u00a0 plazo que no llegue! Y as\u00ed este\u00a0 9 de noviembre, en t\u00e9rminos formales, de facto, el r\u00e9gimen del Ingeniero Miguel Angel Riquelme Solis, arriba a la l\u00ednea de tiempo que la ley marca para\u00a0 el mando de\u00a0 los gobernadores en Coahuila. Tal t\u00e9rmino tendr\u00e1\u00a0 la formalidad protocolaria al realizarse a partir de las 10:00 horas\u00a0 en la sede del Congreso del Estado,\u00a0&#8230;<\/p>\n","protected":false},"author":2,"featured_media":0,"comment_status":"closed","ping_status":"","sticky":false,"template":"","format":"standard","meta":{"footnotes":""},"categories":[8],"tags":[],"class_list":["post-18026","post","type-post","status-publish","format-standard","hentry","category-aqui-laguna","wpcat-8-id"],"_links":{"self":[{"href":"https:\/\/www.aquilaguna.com\/index.php\/wp-json\/wp\/v2\/posts\/18026","targetHints":{"allow":["GET"]}}],"collection":[{"href":"https:\/\/www.aquilaguna.com\/index.php\/wp-json\/wp\/v2\/posts"}],"about":[{"href":"https:\/\/www.aquilaguna.com\/index.php\/wp-json\/wp\/v2\/types\/post"}],"author":[{"embeddable":true,"href":"https:\/\/www.aquilaguna.com\/index.php\/wp-json\/wp\/v2\/users\/2"}],"replies":[{"embeddable":true,"href":"https:\/\/www.aquilaguna.com\/index.php\/wp-json\/wp\/v2\/comments?post=18026"}],"version-history":[{"count":1,"href":"https:\/\/www.aquilaguna.com\/index.php\/wp-json\/wp\/v2\/posts\/18026\/revisions"}],"predecessor-version":[{"id":18027,"href":"https:\/\/www.aquilaguna.com\/index.php\/wp-json\/wp\/v2\/posts\/18026\/revisions\/18027"}],"wp:attachment":[{"href":"https:\/\/www.aquilaguna.com\/index.php\/wp-json\/wp\/v2\/media?parent=18026"}],"wp:term":[{"taxonomy":"category","embeddable":true,"href":"https:\/\/www.aquilaguna.com\/index.php\/wp-json\/wp\/v2\/categories?post=18026"},{"taxonomy":"post_tag","embeddable":true,"href":"https:\/\/www.aquilaguna.com\/index.php\/wp-json\/wp\/v2\/tags?post=18026"}],"curies":[{"name":"wp","href":"https:\/\/api.w.org\/{rel}","templated":true}]}}