{"id":18059,"date":"2023-11-12T16:40:38","date_gmt":"2023-11-12T22:40:38","guid":{"rendered":"https:\/\/www.aquilaguna.com\/?p=18059"},"modified":"2023-11-12T16:40:39","modified_gmt":"2023-11-12T22:40:39","slug":"cjem-coahuila-realiza-sesion-ordinaria-de-su-junta-de-gobierno","status":"publish","type":"post","link":"https:\/\/www.aquilaguna.com\/index.php\/2023\/11\/12\/cjem-coahuila-realiza-sesion-ordinaria-de-su-junta-de-gobierno\/","title":{"rendered":"CJEM COAHUILA REALIZA SESI\u00d3N ORDINARIA DE SU JUNTA DE GOBIERNO."},"content":{"rendered":"\n<p>Saltillo, Coahuila de Zaragoza; a 11 de Noviembre de 2023.- Se llev\u00f3 a cabo de manera presencial la Trig\u00e9sima Tercera Sesi\u00f3n Ordinaria de la Junta de Gobierno del Centro de Justicia y Empoderamiento del Estado de Coahuila (CJEM).<\/p>\n\n\n\n<p>En la reuni\u00f3n, la Directora General del CJEM, Leticia Charles Uribe, abord\u00f3 distintos temas relacionados con la operatividad y asuntos financieros de los Centros de Justicia y Empoderamiento del Estado, concernientes al avance de Gesti\u00f3n Financiera del Tercer Trimestre del a\u00f1o en curso, as\u00ed como los asuntos generales.<\/p>\n\n\n\n<p>\u201cEsta junta tiene como objetivo el fortalecer la operatividad de los Centros de Justicia y Empoderamiento para las Mujeres del Estado, buscando mejorar la calidad de los servicios y atenciones brindadas, a trav\u00e9s del an\u00e1lisis de resultados y presentando a diferentes instituciones gubernamentales los diversos servicios que se otorgan en los Centros, trabajando junto al Gobierno del Estado, bajo la direcci\u00f3n del gobernador Miguel \u00c1ngel Riquelme Sol\u00eds\u201d, expres\u00f3 la funcionaria estatal.<\/p>\n\n\n\n<p>La junta cont\u00f3 con la asistencia de Mart\u00edn Gerardo de Hoyos Vargas, Director de Vinculaci\u00f3n y Concertaci\u00f3n de la Subsecretar\u00eda de Gobierno y Atenci\u00f3n Ciudadana; Abel Alejandro Garza de Le\u00f3n, responsable Estatal del Programa de Violencia e Igualdad de G\u00e9nero en el Estado, y Leticia Beatriz Charles Uribe, Directora General del Centro de Justicia y Empoderamiento para las Mujeres del Estado, as\u00ed como otras autoridades que conformaron la Trig\u00e9sima Tercera Junta de Gobierno del Centro de Justicia y Empoderamiento.<\/p>\n","protected":false},"excerpt":{"rendered":"<p>Saltillo, Coahuila de Zaragoza; a 11 de Noviembre de 2023.- Se llev\u00f3 a cabo de manera presencial la Trig\u00e9sima Tercera Sesi\u00f3n Ordinaria de la Junta de Gobierno del Centro de Justicia y Empoderamiento del Estado de Coahuila (CJEM). En la reuni\u00f3n, la Directora General del CJEM, Leticia Charles Uribe, abord\u00f3 distintos temas relacionados con la operatividad y asuntos financieros de los Centros de Justicia y Empoderamiento del Estado, concernientes al&#8230;<\/p>\n","protected":false},"author":1,"featured_media":18060,"comment_status":"closed","ping_status":"closed","sticky":false,"template":"","format":"standard","meta":{"footnotes":""},"categories":[5,15],"tags":[],"class_list":["post-18059","post","type-post","status-publish","format-standard","has-post-thumbnail","hentry","category-coahuila","category-gobierno-de-coahuila","wpcat-5-id","wpcat-15-id"],"_links":{"self":[{"href":"https:\/\/www.aquilaguna.com\/index.php\/wp-json\/wp\/v2\/posts\/18059","targetHints":{"allow":["GET"]}}],"collection":[{"href":"https:\/\/www.aquilaguna.com\/index.php\/wp-json\/wp\/v2\/posts"}],"about":[{"href":"https:\/\/www.aquilaguna.com\/index.php\/wp-json\/wp\/v2\/types\/post"}],"author":[{"embeddable":true,"href":"https:\/\/www.aquilaguna.com\/index.php\/wp-json\/wp\/v2\/users\/1"}],"replies":[{"embeddable":true,"href":"https:\/\/www.aquilaguna.com\/index.php\/wp-json\/wp\/v2\/comments?post=18059"}],"version-history":[{"count":1,"href":"https:\/\/www.aquilaguna.com\/index.php\/wp-json\/wp\/v2\/posts\/18059\/revisions"}],"predecessor-version":[{"id":18061,"href":"https:\/\/www.aquilaguna.com\/index.php\/wp-json\/wp\/v2\/posts\/18059\/revisions\/18061"}],"wp:featuredmedia":[{"embeddable":true,"href":"https:\/\/www.aquilaguna.com\/index.php\/wp-json\/wp\/v2\/media\/18060"}],"wp:attachment":[{"href":"https:\/\/www.aquilaguna.com\/index.php\/wp-json\/wp\/v2\/media?parent=18059"}],"wp:term":[{"taxonomy":"category","embeddable":true,"href":"https:\/\/www.aquilaguna.com\/index.php\/wp-json\/wp\/v2\/categories?post=18059"},{"taxonomy":"post_tag","embeddable":true,"href":"https:\/\/www.aquilaguna.com\/index.php\/wp-json\/wp\/v2\/tags?post=18059"}],"curies":[{"name":"wp","href":"https:\/\/api.w.org\/{rel}","templated":true}]}}