{"id":18078,"date":"2023-11-13T19:14:07","date_gmt":"2023-11-14T01:14:07","guid":{"rendered":"https:\/\/www.aquilaguna.com\/?p=18078"},"modified":"2023-11-13T19:14:08","modified_gmt":"2023-11-14T01:14:08","slug":"toma-protesta-consejo-directivo-y-universitario-de-la-preparatoria-1-de-la-uadec","status":"publish","type":"post","link":"https:\/\/www.aquilaguna.com\/index.php\/2023\/11\/13\/toma-protesta-consejo-directivo-y-universitario-de-la-preparatoria-1-de-la-uadec\/","title":{"rendered":"Toma Protesta Consejo Directivo y Universitario de la Preparatoria 1 de la UAdeC."},"content":{"rendered":"\n<p>SALTILLO, Coahuila. 13 de noviembre de 2023. El rector de la Universidad<br>Aut\u00f3noma de Coahuila, Salvador Hern\u00e1ndez V\u00e9lez, tom\u00f3 protesta a alumnos y<br>docentes que se integran al Consejo Directivo y el Consejo Universitario de la<br>Escuela de Bachilleres Preparatoria N\u00famero Uno para el periodo 2023-2024.<\/p>\n\n\n\n<p>En la ceremonia realizada en el Auditorio del plantel asistieron la coordinadora de<br>la Preparatoria N\u00famero Uno, Mar\u00eda de los \u00c1ngeles Magallanes Monreal, la<br>secretaria administrativa, Nancy Noemi Torres R\u00edos, as\u00ed como comunidad docente<br>y estudiantil del plantel.<\/p>\n\n\n\n<p>En su mensaje, el rector Salvador Hern\u00e1ndez V\u00e9lez destac\u00f3 la importancia del<br>consejo directivo como la m\u00e1xima autoridad colegiada en cada Unidad Acad\u00e9mica<br>de la UAdeC y la responsabilidad que conlleva formar parte de \u00e9l, por las<br>funciones que desempe\u00f1ar\u00e1n en representaci\u00f3n de las comunidades docente y<br>estudiantil.<\/p>\n\n\n\n<p>As\u00ed mismo, celebr\u00f3 el proceso de renovaci\u00f3n oportuna de ambos \u00f3rganos y la<br>relevancia de contar con la aprobaci\u00f3n de esta autoridad colegiada para llevar a<br>cabo diversas actividades en el plantel, as\u00ed como las tareas esenciales<br>establecidas en el Estatuto Universitario, que incluyen la docencia, la investigaci\u00f3n<br>y las actividades culturales y de extensi\u00f3n.<\/p>\n\n\n\n<p>El Consejo Directivo de la Preparatoria N\u00famero Uno est\u00e1 conformado por las y los<br>docentes titulares: Erick Iv\u00e1n Alvarado C\u00e1rdenas, Roc\u00edo Anayansi Rodr\u00edguez<br>Camacho, Laura Yadhira Fuentes T\u00e9llez, Luis Manuel Rangel V\u00e1squez y la<br>docente suplente: Mar\u00eda Guadalupe Briones Alvarado.<\/p>\n\n\n\n<p>Las y los alumnos titulares: Dariana Elizabeth Garc\u00eda Pecina, Helios Patricio<br>Balderas Mart\u00ednez, Jes\u00fas Samuel Balderrama Reyes, Sofia Camila Garc\u00eda Moreno<br>y las y los alumnos suplentes: Angie L\u00f3pez Rodr\u00edguez, Ximena Alejandra Mart\u00ednez<br>Vel\u00e1zquez, Saira Lizbeth Garc\u00eda Garc\u00eda y Carlos Manuel Dom\u00ednguez Zul.<\/p>\n\n\n\n<p>Mientras que al Consejo Universitario se integran las y los docentes titulares:<br>Jes\u00fas Alexander Rodr\u00edguez Leija, Danna Michelle Amaro de Labra, Jes\u00fas Ernesto<br>Gonz\u00e1lez Mexicano y la alumna suplente, Azul Valery Ruiz Mauricio.<\/p>\n","protected":false},"excerpt":{"rendered":"<p>SALTILLO, Coahuila. 13 de noviembre de 2023. El rector de la UniversidadAut\u00f3noma de Coahuila, Salvador Hern\u00e1ndez V\u00e9lez, tom\u00f3 protesta a alumnos ydocentes que se integran al Consejo Directivo y el Consejo Universitario de laEscuela de Bachilleres Preparatoria N\u00famero Uno para el periodo 2023-2024. En la ceremonia realizada en el Auditorio del plantel asistieron la coordinadora dela Preparatoria N\u00famero Uno, Mar\u00eda de los \u00c1ngeles Magallanes Monreal, lasecretaria administrativa, Nancy Noemi Torres&#8230;<\/p>\n","protected":false},"author":1,"featured_media":18079,"comment_status":"closed","ping_status":"closed","sticky":false,"template":"","format":"standard","meta":{"footnotes":""},"categories":[2],"tags":[],"class_list":["post-18078","post","type-post","status-publish","format-standard","has-post-thumbnail","hentry","category-uadec","wpcat-2-id"],"_links":{"self":[{"href":"https:\/\/www.aquilaguna.com\/index.php\/wp-json\/wp\/v2\/posts\/18078","targetHints":{"allow":["GET"]}}],"collection":[{"href":"https:\/\/www.aquilaguna.com\/index.php\/wp-json\/wp\/v2\/posts"}],"about":[{"href":"https:\/\/www.aquilaguna.com\/index.php\/wp-json\/wp\/v2\/types\/post"}],"author":[{"embeddable":true,"href":"https:\/\/www.aquilaguna.com\/index.php\/wp-json\/wp\/v2\/users\/1"}],"replies":[{"embeddable":true,"href":"https:\/\/www.aquilaguna.com\/index.php\/wp-json\/wp\/v2\/comments?post=18078"}],"version-history":[{"count":1,"href":"https:\/\/www.aquilaguna.com\/index.php\/wp-json\/wp\/v2\/posts\/18078\/revisions"}],"predecessor-version":[{"id":18080,"href":"https:\/\/www.aquilaguna.com\/index.php\/wp-json\/wp\/v2\/posts\/18078\/revisions\/18080"}],"wp:featuredmedia":[{"embeddable":true,"href":"https:\/\/www.aquilaguna.com\/index.php\/wp-json\/wp\/v2\/media\/18079"}],"wp:attachment":[{"href":"https:\/\/www.aquilaguna.com\/index.php\/wp-json\/wp\/v2\/media?parent=18078"}],"wp:term":[{"taxonomy":"category","embeddable":true,"href":"https:\/\/www.aquilaguna.com\/index.php\/wp-json\/wp\/v2\/categories?post=18078"},{"taxonomy":"post_tag","embeddable":true,"href":"https:\/\/www.aquilaguna.com\/index.php\/wp-json\/wp\/v2\/tags?post=18078"}],"curies":[{"name":"wp","href":"https:\/\/api.w.org\/{rel}","templated":true}]}}