{"id":18098,"date":"2023-11-14T18:43:45","date_gmt":"2023-11-15T00:43:45","guid":{"rendered":"https:\/\/www.aquilaguna.com\/?p=18098"},"modified":"2023-11-14T18:43:46","modified_gmt":"2023-11-15T00:43:46","slug":"la-escuela-de-bachilleres-ateneo-fuente-tiene-nuevos-consejeros-universitarios","status":"publish","type":"post","link":"https:\/\/www.aquilaguna.com\/index.php\/2023\/11\/14\/la-escuela-de-bachilleres-ateneo-fuente-tiene-nuevos-consejeros-universitarios\/","title":{"rendered":"La Escuela de Bachilleres Ateneo Fuente Tiene Nuevos Consejeros Universitarios."},"content":{"rendered":"\n<p>SALTILLO, Coahuila. 14 de noviembre de 2023. Entre una de las actividades<br>electorales que los planteles de la Universidad Aut\u00f3noma de Coahuila llevan a<br>cabo, se encuentra la de elegir por medio del voto a sus Consejeros Universitarios,<br>por lo que este martes tomaron protesta los de la Escuela de Bachilleres Ateneo<br>Fuente.<\/p>\n\n\n\n<p>En la biblioteca \u201cDon Jos\u00e9 Garc\u00eda Rodr\u00edguez\u201d, el rector de la m\u00e1xima casa de<br>estudios, Salvador Hern\u00e1ndez V\u00e9lez, les tom\u00f3 protesta a los titulares y suplentes<br>del Consejo Universitario, acompa\u00f1ado del director del plantel, Josu\u00e9 El\u00ed Garza<br>Carrales y el secretario administrativo, Paulo Sergio Villarreal Rodarte.<\/p>\n\n\n\n<p>En su mensaje, el Rector coment\u00f3 que es un orgullo para la UAdeC recordar la<br>historia del Ateneo Fuente, ya que es una de las tres instituciones que fundo Don<br>Benito Ju\u00e1rez y que fueron pioneras en enarbolar la bandera de la educaci\u00f3n<br>laica, gratuita y p\u00fablica.<\/p>\n\n\n\n<p>Se\u00f1al\u00f3 que la Universidad tiene 66 a\u00f1os de historia, mientras que, el Ateneo<br>Fuente cumple 156, por ello, es una gran escuela no solo para Saltillo, sino<br>tambi\u00e9n para el Noreste de M\u00e9xico.<\/p>\n\n\n\n<p>Por su parte, el director Josu\u00e9 El\u00ed Garza Carrales, afirm\u00f3 que en el Ateneo Fuente<br>se tiene un ambiente sano con el que se llevaron a cabo las elecciones para<br>consejeros universitarios, ya que el plantel siempre busca velar por el bien de la<br>Universidad Aut\u00f3noma de Coahuila.<\/p>\n\n\n\n<p>Felicit\u00f3 a alumnos y docentes por postularse para ser parte del Consejo<br>Universitario, pues a trav\u00e9s de ellos se tomar\u00e1n decisiones que son importantes<br>para el crecimiento y desarrollo de la m\u00e1xima casa de estudios.<\/p>\n\n\n\n<p>Los alumnos titulares son Nicole Soto Mart\u00ednez, Areli Fernanda Cortez Cano y Luis<br>Carlos G\u00f3mez Sosa, como suplentes, Andrea Alejandra S\u00e1nchez Molina, Mar\u00eda<br>Jos\u00e9 Carrizalez Lucio y Mario Daniel Montalvo, mientras que, los docentes<br>titulares son Jaime Alberto Garc\u00eda, Manuel P\u00e9rez Terrazas y Amparito Malacara<br>Saucedo, suplentes, Ram\u00f3n Rogelio Ramos, V\u00edctor Hugo Herrera y Laura Fuentes<br>Rangel.<\/p>\n\n\n\n<p>Los Consejos Universitarios se renuevan cada dos a\u00f1os y deben de estar<br>integrados por tres profesores titulares en activo y tres estudiantes regulares por<br>cada Escuela, Facultad o Instituto de la Universidad.<\/p>\n\n\n\n<p>Dentro de sus funciones se encuentran: expedir las normas relativas a la<br>organizaci\u00f3n y funcionamiento de la Universidad y sus dependencias, as\u00ed como,<br>erigirse en Colegio Electoral para iniciar, desarrollar y calificar las elecciones del<br>Rector, tomarle la protesta, expedir su nombramiento y declarar su remoci\u00f3n en<br>los t\u00e9rminos de lo establecido en el Estatuto.<\/p>\n","protected":false},"excerpt":{"rendered":"<p>SALTILLO, Coahuila. 14 de noviembre de 2023. Entre una de las actividadeselectorales que los planteles de la Universidad Aut\u00f3noma de Coahuila llevan acabo, se encuentra la de elegir por medio del voto a sus Consejeros Universitarios,por lo que este martes tomaron protesta los de la Escuela de Bachilleres AteneoFuente. En la biblioteca \u201cDon Jos\u00e9 Garc\u00eda Rodr\u00edguez\u201d, el rector de la m\u00e1xima casa deestudios, Salvador Hern\u00e1ndez V\u00e9lez, les tom\u00f3 protesta a&#8230;<\/p>\n","protected":false},"author":1,"featured_media":18099,"comment_status":"closed","ping_status":"closed","sticky":false,"template":"","format":"standard","meta":{"footnotes":""},"categories":[2],"tags":[],"class_list":["post-18098","post","type-post","status-publish","format-standard","has-post-thumbnail","hentry","category-uadec","wpcat-2-id"],"_links":{"self":[{"href":"https:\/\/www.aquilaguna.com\/index.php\/wp-json\/wp\/v2\/posts\/18098","targetHints":{"allow":["GET"]}}],"collection":[{"href":"https:\/\/www.aquilaguna.com\/index.php\/wp-json\/wp\/v2\/posts"}],"about":[{"href":"https:\/\/www.aquilaguna.com\/index.php\/wp-json\/wp\/v2\/types\/post"}],"author":[{"embeddable":true,"href":"https:\/\/www.aquilaguna.com\/index.php\/wp-json\/wp\/v2\/users\/1"}],"replies":[{"embeddable":true,"href":"https:\/\/www.aquilaguna.com\/index.php\/wp-json\/wp\/v2\/comments?post=18098"}],"version-history":[{"count":1,"href":"https:\/\/www.aquilaguna.com\/index.php\/wp-json\/wp\/v2\/posts\/18098\/revisions"}],"predecessor-version":[{"id":18100,"href":"https:\/\/www.aquilaguna.com\/index.php\/wp-json\/wp\/v2\/posts\/18098\/revisions\/18100"}],"wp:featuredmedia":[{"embeddable":true,"href":"https:\/\/www.aquilaguna.com\/index.php\/wp-json\/wp\/v2\/media\/18099"}],"wp:attachment":[{"href":"https:\/\/www.aquilaguna.com\/index.php\/wp-json\/wp\/v2\/media?parent=18098"}],"wp:term":[{"taxonomy":"category","embeddable":true,"href":"https:\/\/www.aquilaguna.com\/index.php\/wp-json\/wp\/v2\/categories?post=18098"},{"taxonomy":"post_tag","embeddable":true,"href":"https:\/\/www.aquilaguna.com\/index.php\/wp-json\/wp\/v2\/tags?post=18098"}],"curies":[{"name":"wp","href":"https:\/\/api.w.org\/{rel}","templated":true}]}}