{"id":18181,"date":"2023-11-19T22:53:26","date_gmt":"2023-11-20T04:53:26","guid":{"rendered":"https:\/\/www.aquilaguna.com\/?p=18181"},"modified":"2023-11-19T22:53:26","modified_gmt":"2023-11-20T04:53:26","slug":"dif-coahuila-seis-anos-trabajando-por-las-personas-con-discapacidad-marcela-gorgon","status":"publish","type":"post","link":"https:\/\/www.aquilaguna.com\/index.php\/2023\/11\/19\/dif-coahuila-seis-anos-trabajando-por-las-personas-con-discapacidad-marcela-gorgon\/","title":{"rendered":"DIF COAHUILA, SEIS A\u00d1OS TRABAJANDO POR LAS PERSONAS CON DISCAPACIDAD: MARCELA GORG\u00d3N."},"content":{"rendered":"\n<p>\u2022\u00a0\u00a0\u00a0\u00a0\u00a0\u00a0\u00a0\u00a0\u00a0\u00a0\u00a0\u00a0\u00a0\u00a0\u00a0<strong><em>Se realizaron millones de sesiones de terapias f\u00edsica, psicol\u00f3gica y ocupacional, as\u00ed como traslados especializados, entrega de aparatos funcionales y acciones de sensibilizaci\u00f3n a la comunidad sobre la discapacidad.<\/em><\/strong><\/p>\n\n\n\n<p>Torre\u00f3n, Coahuila de Zaragoza; 19 de noviembre de 2023.- La Presidenta Honoraria de DIF Coahuila, Marcela Gorg\u00f3n Carrillo, indic\u00f3 que durante los seis a\u00f1os de esta administraci\u00f3n se desarroll\u00f3 una serie de programas y acciones a favor de las personas que viven con discapacidad bajo un enfoque integral y de atenci\u00f3n con calidez.<\/p>\n\n\n\n<p>&#8220;Desde el inicio de nuestra etapa en DIF Coahuila nos propusimos llegar a toda aquella persona que viviera con alg\u00fan tipo de discapacidad, ya sea temporal o permanente, para que recibiera atenci\u00f3n especializada, apoyo para su salud emocional y brindarles las herramientas necesarias para su inclusi\u00f3n en la vida familiar, laboral y social, accediendo a todos sus derechos&#8221; resalt\u00f3.<\/p>\n\n\n\n<p>Marcela Gorg\u00f3n indic\u00f3 que con recursos estatales y el apoyo de los sistemas DIF municipales, UNEDIF realiz\u00f3 m\u00e1s de 1.1 millones de traslados, y se ampli\u00f3 la cobertura de este programa, pasando de 8 a 33 municipios gracias a la adquisici\u00f3n de 59 unidades que junto a las ya existentes, brindan los servicios de transporte a personas con discapacidad.<\/p>\n\n\n\n<p>Detall\u00f3 que adem\u00e1s se apoy\u00f3 con subsidios a mil usuarios en todo el estado, quienes adem\u00e1s de vivir con alg\u00fan tipo de discapacidad, presentan vulnerabilidad econ\u00f3mica.<\/p>\n\n\n\n<p>&#8220;Este es un programa muy noble, porque vino a solucionar la a\u00f1eja problem\u00e1tica de las personas que utilizan sillas de ruedas, ya que su transporte a cl\u00ednicas, hospitales, centros de rehabilitaci\u00f3n, laborales y actividades sociales, se enfrentaba a obst\u00e1culos sobre qu\u00e9 transporte les pod\u00eda brindar el servicio de forma segura, digna y econ\u00f3mica&#8221;, se\u00f1al\u00f3.<\/p>\n\n\n\n<p>En materia de rehabilitaci\u00f3n, la Presidenta Honoraria del DIF estatal apunt\u00f3 que durante los seis a\u00f1os de su administraci\u00f3n se brindaron m\u00e1s de 1.9 millones de sesiones de terapia f\u00edsicas, ocupacionales y de lenguaje, a trav\u00e9s del Centro de Rehabilitaci\u00f3n y Educaci\u00f3n Especial, as\u00ed como los Centros de Rehabilitaci\u00f3n Integral.<\/p>\n\n\n\n<p>Aunado a ello, el Centro de Atenci\u00f3n e Investigaci\u00f3n del Autismo, que opera en Torre\u00f3n, brind\u00f3 cerca de 30 mil sesiones de terapia integrales y logr\u00f3 la publicaci\u00f3n del art\u00edculo de investigaci\u00f3n titulado: &#8220;Clinical Porfile Of Autism Spectrum Disorder in a Pediatric Population From Northern M\u00e9xico&#8221; en el Journal of Autism and Developmental Disorders&#8221;, entre otros trabajos.&nbsp;<\/p>\n\n\n\n<p>Adem\u00e1s, en las 31 Unidades B\u00e1sicas de Rehabilitaci\u00f3n operadas por los sistemas DIF municipales se brindaron m\u00e1s de 226 mil sesiones.<\/p>\n\n\n\n<p>&#8220;Durante nuestra administraci\u00f3n brindamos apoyo para el equipamiento de 24 UBR\u00b4s en todas las regiones del estado&#8221; a\u00f1adi\u00f3.<\/p>\n\n\n\n<p>Marcela Gorg\u00f3n indic\u00f3 que tambi\u00e9n se entregaron 30 mil credenciales para personas con discapacidad, lo que les permite tener acceso a becas gubernamentales, as\u00ed como descuentos en servicios y establecimientos comerciales.<\/p>\n\n\n\n<p>En apoyos directos a personas con discapacidad, la Presidenta Honoraria del DIF Coahuila indic\u00f3 que se entregaron 2 mil 500 sillas de ruedas; 250 sillas de ruedas de trabajo, mil 460 aparatos funcionales y se fabricaron o repararon 3 mil 150 piezas de \u00f3rtesis y pr\u00f3tesis.<\/p>\n\n\n\n<p>Adem\u00e1s se entregaron mil 375 aparatos auditivos y 16 implantes cocleares, resalt\u00f3.<\/p>\n\n\n\n<p>La Presidenta Honoraria del DIF estatal indic\u00f3 que en materia de sensibilizaci\u00f3n a la comunidad sobre la discapacidad, se realizaron m\u00e1s de mil 100 acciones, como: conferencias, talleres y pl\u00e1ticas, en las que participaron 64 mil personas.<\/p>\n\n\n\n<p>Finalmente, expuso que en el Centro Integral y de Inclusi\u00f3n Social de las Personas con Discapacidad, que opera en Saltillo, se realizaron 16 mil 800 acciones educativas, psicol\u00f3gicas y culturales y se entregaron cerca de 100 mil raciones alimentarias.<\/p>\n","protected":false},"excerpt":{"rendered":"<p>\u2022\u00a0\u00a0\u00a0\u00a0\u00a0\u00a0\u00a0\u00a0\u00a0\u00a0\u00a0\u00a0\u00a0\u00a0\u00a0Se realizaron millones de sesiones de terapias f\u00edsica, psicol\u00f3gica y ocupacional, as\u00ed como traslados especializados, entrega de aparatos funcionales y acciones de sensibilizaci\u00f3n a la comunidad sobre la discapacidad. Torre\u00f3n, Coahuila de Zaragoza; 19 de noviembre de 2023.- La Presidenta Honoraria de DIF Coahuila, Marcela Gorg\u00f3n Carrillo, indic\u00f3 que durante los seis a\u00f1os de esta administraci\u00f3n se desarroll\u00f3 una serie de programas y acciones a favor de las personas que&#8230;<\/p>\n","protected":false},"author":1,"featured_media":18182,"comment_status":"closed","ping_status":"closed","sticky":false,"template":"","format":"standard","meta":{"footnotes":""},"categories":[5,26,15],"tags":[],"class_list":["post-18181","post","type-post","status-publish","format-standard","has-post-thumbnail","hentry","category-coahuila","category-dif","category-gobierno-de-coahuila","wpcat-5-id","wpcat-26-id","wpcat-15-id"],"_links":{"self":[{"href":"https:\/\/www.aquilaguna.com\/index.php\/wp-json\/wp\/v2\/posts\/18181","targetHints":{"allow":["GET"]}}],"collection":[{"href":"https:\/\/www.aquilaguna.com\/index.php\/wp-json\/wp\/v2\/posts"}],"about":[{"href":"https:\/\/www.aquilaguna.com\/index.php\/wp-json\/wp\/v2\/types\/post"}],"author":[{"embeddable":true,"href":"https:\/\/www.aquilaguna.com\/index.php\/wp-json\/wp\/v2\/users\/1"}],"replies":[{"embeddable":true,"href":"https:\/\/www.aquilaguna.com\/index.php\/wp-json\/wp\/v2\/comments?post=18181"}],"version-history":[{"count":1,"href":"https:\/\/www.aquilaguna.com\/index.php\/wp-json\/wp\/v2\/posts\/18181\/revisions"}],"predecessor-version":[{"id":18183,"href":"https:\/\/www.aquilaguna.com\/index.php\/wp-json\/wp\/v2\/posts\/18181\/revisions\/18183"}],"wp:featuredmedia":[{"embeddable":true,"href":"https:\/\/www.aquilaguna.com\/index.php\/wp-json\/wp\/v2\/media\/18182"}],"wp:attachment":[{"href":"https:\/\/www.aquilaguna.com\/index.php\/wp-json\/wp\/v2\/media?parent=18181"}],"wp:term":[{"taxonomy":"category","embeddable":true,"href":"https:\/\/www.aquilaguna.com\/index.php\/wp-json\/wp\/v2\/categories?post=18181"},{"taxonomy":"post_tag","embeddable":true,"href":"https:\/\/www.aquilaguna.com\/index.php\/wp-json\/wp\/v2\/tags?post=18181"}],"curies":[{"name":"wp","href":"https:\/\/api.w.org\/{rel}","templated":true}]}}