{"id":18210,"date":"2023-11-21T17:07:40","date_gmt":"2023-11-21T23:07:40","guid":{"rendered":"https:\/\/www.aquilaguna.com\/?p=18210"},"modified":"2023-11-21T17:07:41","modified_gmt":"2023-11-21T23:07:41","slug":"instalan-sistema-de-video-vigilancia-en-el-canal-de-la-perla","status":"publish","type":"post","link":"https:\/\/www.aquilaguna.com\/index.php\/2023\/11\/21\/instalan-sistema-de-video-vigilancia-en-el-canal-de-la-perla\/","title":{"rendered":"Instalan sistema de video vigilancia en el Canal de La Perla."},"content":{"rendered":"\n<p>Torre\u00f3n, Coahuila. A 21 de noviembre de 2023.<\/p>\n\n\n\n<p>Para incrementar la protecci\u00f3n y seguridad de los visitantes, as\u00ed como del<br>patrimonio cultural de la ciudad, personal de la Direcci\u00f3n de Obras P\u00fablicas instal\u00f3<br>un sistema de video vigilancia en el Canal de La Perla.<\/p>\n\n\n\n<p>El titular de la dependencia, Juan Adolfo Von Bertrab Saracho, inform\u00f3 que como<br>parte de los trabajos de rehabilitaci\u00f3n que se realizan en el lugar, se instalaron<br>ocho camaras en accesos, sala de exhibici\u00f3n, y oficinas del Canal de La Perla.<\/p>\n\n\n\n<p>Dijo que adem\u00e1s de priorizar el mantenimiento de las instalaciones, era<br>indispensable instalar una herramienta que hiciera posible la detecci\u00f3n de<br>cualquier anomal\u00eda para su debida atenci\u00f3n.<\/p>\n\n\n\n<p>El funcionario detall\u00f3 que se suministraron e instalaron ocho c\u00e1maras con domo<br>antivand\u00e1lico, disco duro, bobina de cables, amplificadores, pantalla de monitoreo,<br>asi como la tuber\u00eda, registros y soportes, entre otros.<\/p>\n\n\n\n<p>Agreg\u00f3 que el proyecto de rehabilitaci\u00f3n del lugar se encuentra en un 40 porciento<br>de avance y ya se implementaron trabajos preliminares que incluyen ruptura y<br>demolici\u00f3n de elementos de concreto, limpieza y acarreo de materiales, adem\u00e1s<br>de pintura en las puertas.<\/p>\n\n\n\n<p>Actualmente se trabaja en el revestimiento en muros con fachaleta de ladrillo rojo,<br>adem\u00e1s de la colocaci\u00f3n y fabricaci\u00f3n de muro de tablaroca.<\/p>\n\n\n\n<p>Von bertrab Saracho mencion\u00f3 que adem\u00e1s se van a suministrar mamparas<br>m\u00f3viles y a realizar la instalaci\u00f3n de iluminaci\u00f3n en los nichos de exhibici\u00f3n, con lo<br>que se va a resaltar las obras y facilitar\u00e1 su apreciaci\u00f3n.<\/p>\n\n\n\n<p>Finalmente dijo que ser\u00e1 a mediados de diciembre cuando la rehabilitaci\u00f3n del<br>Canal de La Perla finalice y agreg\u00f3 que estas acciones se suman a las realizadas<br>en La Casa del Cerro.<\/p>\n","protected":false},"excerpt":{"rendered":"<p>Torre\u00f3n, Coahuila. A 21 de noviembre de 2023. Para incrementar la protecci\u00f3n y seguridad de los visitantes, as\u00ed como delpatrimonio cultural de la ciudad, personal de la Direcci\u00f3n de Obras P\u00fablicas instal\u00f3un sistema de video vigilancia en el Canal de La Perla. El titular de la dependencia, Juan Adolfo Von Bertrab Saracho, inform\u00f3 que comoparte de los trabajos de rehabilitaci\u00f3n que se realizan en el lugar, se instalaronocho camaras en&#8230;<\/p>\n","protected":false},"author":1,"featured_media":18211,"comment_status":"closed","ping_status":"closed","sticky":false,"template":"","format":"standard","meta":{"footnotes":""},"categories":[5,28,7],"tags":[],"class_list":["post-18210","post","type-post","status-publish","format-standard","has-post-thumbnail","hentry","category-coahuila","category-la-laguna","category-torreon","wpcat-5-id","wpcat-28-id","wpcat-7-id"],"_links":{"self":[{"href":"https:\/\/www.aquilaguna.com\/index.php\/wp-json\/wp\/v2\/posts\/18210","targetHints":{"allow":["GET"]}}],"collection":[{"href":"https:\/\/www.aquilaguna.com\/index.php\/wp-json\/wp\/v2\/posts"}],"about":[{"href":"https:\/\/www.aquilaguna.com\/index.php\/wp-json\/wp\/v2\/types\/post"}],"author":[{"embeddable":true,"href":"https:\/\/www.aquilaguna.com\/index.php\/wp-json\/wp\/v2\/users\/1"}],"replies":[{"embeddable":true,"href":"https:\/\/www.aquilaguna.com\/index.php\/wp-json\/wp\/v2\/comments?post=18210"}],"version-history":[{"count":1,"href":"https:\/\/www.aquilaguna.com\/index.php\/wp-json\/wp\/v2\/posts\/18210\/revisions"}],"predecessor-version":[{"id":18212,"href":"https:\/\/www.aquilaguna.com\/index.php\/wp-json\/wp\/v2\/posts\/18210\/revisions\/18212"}],"wp:featuredmedia":[{"embeddable":true,"href":"https:\/\/www.aquilaguna.com\/index.php\/wp-json\/wp\/v2\/media\/18211"}],"wp:attachment":[{"href":"https:\/\/www.aquilaguna.com\/index.php\/wp-json\/wp\/v2\/media?parent=18210"}],"wp:term":[{"taxonomy":"category","embeddable":true,"href":"https:\/\/www.aquilaguna.com\/index.php\/wp-json\/wp\/v2\/categories?post=18210"},{"taxonomy":"post_tag","embeddable":true,"href":"https:\/\/www.aquilaguna.com\/index.php\/wp-json\/wp\/v2\/tags?post=18210"}],"curies":[{"name":"wp","href":"https:\/\/api.w.org\/{rel}","templated":true}]}}