{"id":18219,"date":"2023-11-21T19:39:45","date_gmt":"2023-11-22T01:39:45","guid":{"rendered":"https:\/\/www.aquilaguna.com\/?p=18219"},"modified":"2023-11-21T19:39:45","modified_gmt":"2023-11-22T01:39:45","slug":"hoy-se-tiene-un-gran-horizonte-para-coahuila-mars","status":"publish","type":"post","link":"https:\/\/www.aquilaguna.com\/index.php\/2023\/11\/21\/hoy-se-tiene-un-gran-horizonte-para-coahuila-mars\/","title":{"rendered":"HOY, SE TIENE UN GRAN HORIZONTE PARA COAHUILA: MARS."},"content":{"rendered":"\n<p>\u00b7\u00a0\u00a0\u00a0\u00a0\u00a0\u00a0<strong><em>\u00a0Coloca gobernador Miguel Riquelme primera piedra de Perif\u00e9rico Business Park, en Torre\u00f3n.<\/em><\/strong><\/p>\n\n\n\n<p>\u00b7&nbsp;&nbsp;&nbsp;&nbsp;&nbsp;&nbsp;<strong><em>&nbsp;La inversi\u00f3n es de 20 millones de d\u00f3lares y generar\u00e1 450 empleos.&nbsp;<\/em><\/strong><\/p>\n\n\n\n<p>Torre\u00f3n, Coahuila de Zaragoza; a 21 de Noviembre de 2023.- El gobernador Miguel \u00c1ngel Riquelme Sol\u00eds coloc\u00f3 la primera piedra de Perif\u00e9rico Business Park, que ser\u00e1 albergue de todo aquel que requiera de un espacio industrial: \u201cHoy se tiene un gran horizonte para Coahuila\u201d.&nbsp;<\/p>\n\n\n\n<p>En su mensaje, dijo que est\u00e1, en conjunto con el Ayuntamiento de Torre\u00f3n, trabajando por la ciudad, y a las familias Alonso Vega y Alonso Salum les agradeci\u00f3 que inviertan en el desarrollo de la Comarca Lagunera.<\/p>\n\n\n\n<p>Se\u00f1al\u00f3 que, a nueve d\u00edas de terminar su gesti\u00f3n, le dio gusto anunciar la inversi\u00f3n 67 de este a\u00f1o: \u201cHoy vemos c\u00f3mo est\u00e1 creciendo la econom\u00eda de la Comarca Lagunera, que se debe al clima de seguridad y paz social, y entre toda la sociedad hemos aprovechado ese crecimiento que se refleja con indicadores que van en ascenso cada mes; por ende, el 1 de diciembre que toma protesta Manolo Jim\u00e9nez se deber\u00e1 luchar por mantenerlos\u201d.<\/p>\n\n\n\n<p>Riquelme Sol\u00eds mencion\u00f3 que se est\u00e1 haciendo una Entrega-&nbsp;<\/p>\n\n\n\n<p>Recepci\u00f3n ejemplar, en donde se est\u00e1n revisando muchos factores: \u201cMa\u00f1ana tenemos una reuni\u00f3n de seguridad con el pr\u00f3ximo Gobernador y queremos que la gente est\u00e9 tranquila de que en este cambio de estafeta no se detendr\u00e1 la marcha de Coahuila\u201d.<\/p>\n\n\n\n<p>Invit\u00f3 a la sociedad a seguir con este esfuerzo coordinado, porque la f\u00f3rmula es la unidad y trabajo en equipo, cada quien desde su trinchera.&nbsp;<\/p>\n\n\n\n<p>\u201cHoy se tiene un gran horizonte para Coahuila\u201d, puntualiz\u00f3.<\/p>\n\n\n\n<p>Diego Alonso Salum, Director del proyecto, agradeci\u00f3 la presencia del gobernador Miguel Riquelme.<\/p>\n\n\n\n<p>\u201cHoy es un d\u00eda muy importante para nuestra empresa y para mi familia, de manera formal se realiza la colocaci\u00f3n de la primera piedra de este gran proyecto\u201d, detall\u00f3.<\/p>\n\n\n\n<p>Inform\u00f3 que el parque industrial de \u00faltima milla consta de 38 lotes industriales y dos macrolotes comerciales: uno de 4,865 metros cuadrados y otro de 11 mil metros cuadrados.<\/p>\n\n\n\n<p>\u201cJusto en el que estamos presentes, donde se planea hacer dos plazas comerciales\u201d, se\u00f1al\u00f3.<\/p>\n\n\n\n<p>Se dijo seguro de que es el mejor momento para invertir en Torre\u00f3n, pues en los \u00faltimos meses se han estado recibiendo muchas inversiones en la ciudad, y esta es la 67 en el estado en lo que va del a\u00f1o.<\/p>\n\n\n\n<p>Afirm\u00f3 que lo que m\u00e1s le sorprende es que aquel que construye una nave industrial, la renta al momento.<\/p>\n\n\n\n<p>Claudio Bres Garza, Secretario de Econom\u00eda, hizo \u00e9nfasis en los inversionistas que destinan 20 millones de d\u00f3lares en un complejo que albergar\u00e1 32 proyectos de naves que pueden servir desde un cliente industrial hasta uno comercial.<\/p>\n\n\n\n<p>Coment\u00f3 que en los \u00faltimos meses se ha venido trabajando en este proyecto, para cumplir as\u00ed la inversi\u00f3n 67 del a\u00f1o, aunque en el sexenio. En La Laguna se cumplen 50.<\/p>\n\n\n\n<p>\u201cEn 10 meses, seg\u00fan el IMSS, Torre\u00f3n ha captado 12,081 nuevos empleos, y para dar un ejemplo, en Saltillo fueron 11,725, de forma que la entidad ha tenido 47,260 en 2023\u201d, destac\u00f3.<\/p>\n\n\n\n<p>A este evento acudieron, adem\u00e1s Ver\u00f3nica Mart\u00ednez Garc\u00eda, senadora de la Rep\u00fablica; Antonio Guti\u00e9rrez Jard\u00f3n, diputado federal; Luis Cuerda Serna, representante del Alcalde de Torre\u00f3n; Fernando Alonso Vega, Mar\u00eda del Mar Alonso Vega y Martha Estella Alonso Vega, socios inversionistas, as\u00ed como representantes de c\u00e1maras y organismos empresariales, y funcionarios estatales y municipales.<\/p>\n","protected":false},"excerpt":{"rendered":"<p>\u00b7\u00a0\u00a0\u00a0\u00a0\u00a0\u00a0\u00a0Coloca gobernador Miguel Riquelme primera piedra de Perif\u00e9rico Business Park, en Torre\u00f3n. \u00b7&nbsp;&nbsp;&nbsp;&nbsp;&nbsp;&nbsp;&nbsp;La inversi\u00f3n es de 20 millones de d\u00f3lares y generar\u00e1 450 empleos.&nbsp; Torre\u00f3n, Coahuila de Zaragoza; a 21 de Noviembre de 2023.- El gobernador Miguel \u00c1ngel Riquelme Sol\u00eds coloc\u00f3 la primera piedra de Perif\u00e9rico Business Park, que ser\u00e1 albergue de todo aquel que requiera de un espacio industrial: \u201cHoy se tiene un gran horizonte para Coahuila\u201d.&nbsp; En su&#8230;<\/p>\n","protected":false},"author":1,"featured_media":18220,"comment_status":"closed","ping_status":"closed","sticky":false,"template":"","format":"standard","meta":{"footnotes":""},"categories":[5,15,65,28,7],"tags":[],"class_list":["post-18219","post","type-post","status-publish","format-standard","has-post-thumbnail","hentry","category-coahuila","category-gobierno-de-coahuila","category-inversion","category-la-laguna","category-torreon","wpcat-5-id","wpcat-15-id","wpcat-65-id","wpcat-28-id","wpcat-7-id"],"_links":{"self":[{"href":"https:\/\/www.aquilaguna.com\/index.php\/wp-json\/wp\/v2\/posts\/18219","targetHints":{"allow":["GET"]}}],"collection":[{"href":"https:\/\/www.aquilaguna.com\/index.php\/wp-json\/wp\/v2\/posts"}],"about":[{"href":"https:\/\/www.aquilaguna.com\/index.php\/wp-json\/wp\/v2\/types\/post"}],"author":[{"embeddable":true,"href":"https:\/\/www.aquilaguna.com\/index.php\/wp-json\/wp\/v2\/users\/1"}],"replies":[{"embeddable":true,"href":"https:\/\/www.aquilaguna.com\/index.php\/wp-json\/wp\/v2\/comments?post=18219"}],"version-history":[{"count":1,"href":"https:\/\/www.aquilaguna.com\/index.php\/wp-json\/wp\/v2\/posts\/18219\/revisions"}],"predecessor-version":[{"id":18221,"href":"https:\/\/www.aquilaguna.com\/index.php\/wp-json\/wp\/v2\/posts\/18219\/revisions\/18221"}],"wp:featuredmedia":[{"embeddable":true,"href":"https:\/\/www.aquilaguna.com\/index.php\/wp-json\/wp\/v2\/media\/18220"}],"wp:attachment":[{"href":"https:\/\/www.aquilaguna.com\/index.php\/wp-json\/wp\/v2\/media?parent=18219"}],"wp:term":[{"taxonomy":"category","embeddable":true,"href":"https:\/\/www.aquilaguna.com\/index.php\/wp-json\/wp\/v2\/categories?post=18219"},{"taxonomy":"post_tag","embeddable":true,"href":"https:\/\/www.aquilaguna.com\/index.php\/wp-json\/wp\/v2\/tags?post=18219"}],"curies":[{"name":"wp","href":"https:\/\/api.w.org\/{rel}","templated":true}]}}