{"id":18263,"date":"2023-11-24T19:50:41","date_gmt":"2023-11-25T01:50:41","guid":{"rendered":"https:\/\/www.aquilaguna.com\/?p=18263"},"modified":"2023-11-24T19:50:41","modified_gmt":"2023-11-25T01:50:41","slug":"unidad-torreon-de-uadec-contara-con-dos-nuevos-centros-de-investigacion","status":"publish","type":"post","link":"https:\/\/www.aquilaguna.com\/index.php\/2023\/11\/24\/unidad-torreon-de-uadec-contara-con-dos-nuevos-centros-de-investigacion\/","title":{"rendered":"Unidad Torre\u00f3n de UAdeC contar\u00e1 con dos nuevos centros de investigaci\u00f3n."},"content":{"rendered":"\n<p>Torre\u00f3n, Coahuila.- Qued\u00f3 instalado en la Facultad de Ciencias Sociales y Pol\u00edticas,\u00a0 en  la\u00a0 Ciudad Universitaria\u00a0 el \u00e1rea que\u00a0 albergar\u00e1\u00a0 su Centro de Investigaciones Sociales y Pol\u00edticas,\u00a0 bajo la direcci\u00f3n del\u00a0 Maestro Lerhins Varela. El acto celebrado este mediod\u00eda cont\u00f3 con la presencia del Rector de la UAdeC, Ingeniero Salvador Hern\u00e1ndez V\u00e9lez, su comunidad acad\u00e9mica y alumnos.<\/p>\n\n\n\n<p>Sobre\u00a0 la instituci\u00f3n en marcha, el Rector\u00a0 destac\u00f3, &#8220;la importancia de contar con Centros de Investigaci\u00f3n relacionados con la ciencias exactas, pero tambi\u00e9n con Centros dedicados a la investigaci\u00f3n de los fen\u00f3menos sociales, funci\u00f3n a cargo del maestro Varela Castro, es importante que se lleven a cabo\u00a0 este tipo de estudios\u00a0 de fen\u00f3menos que se registran auge en estos tiempos, de ah\u00ed la importancia de su estudio,\u00a0 relacionados con tal fen\u00f3meno migratorio&#8221;.\u00a0\u00a0<\/p>\n\n\n\n<p>Coment\u00f3 que, &#8220;en estas tierras, tal fen\u00f3meno no es nada nuevo, toda vez que Torre\u00f3n es producto de una\u00a0 migraci\u00f3n, y otros factores que\u00a0 la impulsaron all\u00e1 a finales del Siglo XIX \u00a0e inicios del Siglo XX, que se constituy\u00f3 como meta, tierra de promisi\u00f3n, para miles de\u00a0 connacionales y extranjeros&#8221;.\u00a0<\/p>\n\n\n\n<p>Record\u00f3 que, &#8220;Torre\u00f3n en 1884, no registraba m\u00e1s all\u00e1 de cien habitantes,\u00a0 y ya para el 1907, era declarada ciudad, es decir que solo en 25 a\u00f1os, pas\u00f3 de ser un ranchito a ser una ciudad&#8221;, si bien no dej\u00f3 de \u00a0 considerar como factores de este detonante\u00a0 demogr\u00e1fico, el\u00a0 que\u00a0 este territorio registrar\u00e1 el cruce del sistema ferroviario de esa \u00e9poca, adem\u00e1s de contar con sus tierras,\u00a0 con\u00a0 las aguas de dos r\u00edos y haciendo posible el boom algodonero\u00a0 que\u00a0 singulariz\u00f3 \u00a0 tal actividad y estableci\u00f3 su vocaci\u00f3n su actividad econ\u00f3mica.<\/p>\n\n\n\n<p>&#8220;Torre\u00f3n es pues producto de una migraci\u00f3n, y cuando cumpli\u00f3 50 a\u00f1os como ciudad registraba pocos habitantes como originarios de este municipio, su mayor\u00eda eran migrantes&#8221;.<\/p>\n\n\n\n<p>En contraste, cit\u00f3, &#8220;por ejemplo los or\u00edgenes de las fundaciones de\u00a0 las ciudades capitales no solo de Coahuila, sino tambi\u00e9n de Durango\u00a0que\u00a0 al paso del tiempo, obvio, generaron\u00a0 diferencias sociales y pol\u00edticas&#8221;, fen\u00f3menos que dijo, &#8220;deben ser objeto de an\u00e1lisis e investigaci\u00f3n acad\u00e9mica&#8221;.<\/p>\n\n\n\n<p>Preguntado sobre otras tem\u00e1ticas que son objeto por ahora en la UAdeC y ante la diversidad\u00a0 que registra Coahuila, y durante su gesti\u00f3n, de los Centros de Investigaci\u00f3n con los que ahora cuenta la universidad p\u00fablica, enumer\u00f3 al Centro de Investigaci\u00f3n\u00a0 Etnobiol\u00f3gico en Viesca, &#8220;y el pr\u00f3ximo viernes,\u00a0 y tras aprobaci\u00f3n de nuestro Consejo Universitario, se pondr\u00e1 en marcha\u00a0 el\u00a0 Centro de Investigaci\u00f3n para la Facultad de Contadur\u00eda y Administraci\u00f3n&#8221;.<\/p>\n\n\n\n<p>Hay pues, dijo,\u00a0 &#8220;Centros de Investigaci\u00f3n no solo para las ciencias sociales, sino tambi\u00e9n para las ciencias administrativas y contadur\u00eda, y\u00a0 en Cuatroci\u00e9negas, tenemos el Centro para el estudio de la Biodiversidad y el fortalecimiento de nuestro Centro de Investigaciones Socioecon\u00f3micas, \u00a0 \u00fanico en el noreste del pa\u00eds que cuenta ya con una Maestr\u00eda\u00a0 de calidad internacional\u00a0 reconocida por\u00a0 el CONACYT&#8221;.<\/p>\n\n\n\n<p>Sobre cu\u00e1les, ser\u00edan a su consideraci\u00f3n los retos que deber\u00e1 enfrentar su sucesor, m\u00e1s all\u00e1 del pr\u00f3ximo\u00a0 mes de febrero, manifest\u00f3 que, &#8220;sin duda,\u00a0 resolver un problema estructural que registra la educaci\u00f3n superior en M\u00e9xico, que necesita\u00a0 hacer\u00a0 crecer mucho su matr\u00edcula&#8221;, pues admiti\u00f3, &#8220;somos un pa\u00eds con\u00a0 un bajo nivel educativo&#8221;.\u00a0<\/p>\n\n\n\n<p>Necesitamos pues, afirm\u00f3, &#8220;que nuestros estudiantes que egresan de prepa, cuando menos\u00a0 cinco de cada diez, ingresen a la universidad y sobre todo que terminen\u00a0su licenciatura&#8221;.<\/p>\n\n\n\n<p>Porque hoy, revel\u00f3 que, &#8220;de esos\u00a0 diez, solo\u00a0 cuatro\u00a0 acceden\u00a0 al\u00a0 nivel universitario y de esos\u00a0 cuatro, s\u00f3lo el 20% lograr concluir tales estudios&#8221;.<\/p>\n\n\n\n<p>Preguntado sobre los factores de este\u00a0 lastimosa deserci\u00f3n, &#8220;son en parte por\u00a0 la falta de recursos econ\u00f3micos de nuestros estudiantes y\u00a0 en otro, la falta de conciencia, en diversos grupos de esta sociedad,\u00a0 para\u00a0 que se tenga un sentido de la importancia de contar con\u00a0 grupos\u00a0 de s\u00f3lida formaci\u00f3n\u00a0 en educaci\u00f3n superior&#8221;.<\/p>\n\n\n\n<p>Cit\u00f3 luego, los retos que imponen en materia de educaci\u00f3n las redes sociales, &#8220;de ah\u00ed que todas las carreras que ofertamos\u00a0 se consoliden y\u00a0 por otra\u00a0 parte toda la investigaci\u00f3n, que es fundamental se incremente&#8221;.<\/p>\n\n\n\n<p>Record\u00f3 que al inicio de su gesti\u00f3n, la UAdeC, solo contaba con 180 investigadores en el Sistema Nacional\u00a0 Investigaci\u00f3n,\u00a0 y hoy casi al t\u00e9rmino de su gesti\u00f3n, esta suma se ha incrementado en 369 miembros es decir, el doble.\u00a0<\/p>\n\n\n\n<p>Analiz\u00f3 que, &#8220;incrementar el n\u00famero de investigadores no es solo un problema de presupuesto, sino el de contar con la voluntad y condiciones\u00a0 de quienes se sumen a tal esfuerzo&#8221;, diciendo\u00a0 luego que, &#8220;hoy la mayor\u00eda de los nuevos integrantes de este cuerpo acad\u00e9mico,\u00a0 tienen menos de 40 a\u00f1os de edad, son biling\u00fces y cuentan todos, con una maestr\u00eda en su curr\u00edcula&#8221;.<\/p>\n","protected":false},"excerpt":{"rendered":"<p>Torre\u00f3n, Coahuila.- Qued\u00f3 instalado en la Facultad de Ciencias Sociales y Pol\u00edticas,\u00a0 en la\u00a0 Ciudad Universitaria\u00a0 el \u00e1rea que\u00a0 albergar\u00e1\u00a0 su Centro de Investigaciones Sociales y Pol\u00edticas,\u00a0 bajo la direcci\u00f3n del\u00a0 Maestro Lerhins Varela. El acto celebrado este mediod\u00eda cont\u00f3 con la presencia del Rector de la UAdeC, Ingeniero Salvador Hern\u00e1ndez V\u00e9lez, su comunidad acad\u00e9mica y alumnos. Sobre\u00a0 la instituci\u00f3n en marcha, el Rector\u00a0 destac\u00f3, &#8220;la importancia de contar con&#8230;<\/p>\n","protected":false},"author":2,"featured_media":0,"comment_status":"closed","ping_status":"","sticky":false,"template":"","format":"standard","meta":{"footnotes":""},"categories":[7,2],"tags":[],"class_list":["post-18263","post","type-post","status-publish","format-standard","hentry","category-torreon","category-uadec","wpcat-7-id","wpcat-2-id"],"_links":{"self":[{"href":"https:\/\/www.aquilaguna.com\/index.php\/wp-json\/wp\/v2\/posts\/18263","targetHints":{"allow":["GET"]}}],"collection":[{"href":"https:\/\/www.aquilaguna.com\/index.php\/wp-json\/wp\/v2\/posts"}],"about":[{"href":"https:\/\/www.aquilaguna.com\/index.php\/wp-json\/wp\/v2\/types\/post"}],"author":[{"embeddable":true,"href":"https:\/\/www.aquilaguna.com\/index.php\/wp-json\/wp\/v2\/users\/2"}],"replies":[{"embeddable":true,"href":"https:\/\/www.aquilaguna.com\/index.php\/wp-json\/wp\/v2\/comments?post=18263"}],"version-history":[{"count":1,"href":"https:\/\/www.aquilaguna.com\/index.php\/wp-json\/wp\/v2\/posts\/18263\/revisions"}],"predecessor-version":[{"id":18264,"href":"https:\/\/www.aquilaguna.com\/index.php\/wp-json\/wp\/v2\/posts\/18263\/revisions\/18264"}],"wp:attachment":[{"href":"https:\/\/www.aquilaguna.com\/index.php\/wp-json\/wp\/v2\/media?parent=18263"}],"wp:term":[{"taxonomy":"category","embeddable":true,"href":"https:\/\/www.aquilaguna.com\/index.php\/wp-json\/wp\/v2\/categories?post=18263"},{"taxonomy":"post_tag","embeddable":true,"href":"https:\/\/www.aquilaguna.com\/index.php\/wp-json\/wp\/v2\/tags?post=18263"}],"curies":[{"name":"wp","href":"https:\/\/api.w.org\/{rel}","templated":true}]}}