{"id":18277,"date":"2023-11-26T20:24:19","date_gmt":"2023-11-27T02:24:19","guid":{"rendered":"https:\/\/www.aquilaguna.com\/?p=18277"},"modified":"2023-11-26T20:24:19","modified_gmt":"2023-11-27T02:24:19","slug":"aqui-laguna-271","status":"publish","type":"post","link":"https:\/\/www.aquilaguna.com\/index.php\/2023\/11\/26\/aqui-laguna-271\/","title":{"rendered":"Aqu\u00ed Laguna."},"content":{"rendered":"\n<p>\u00a1No hay fecha que no llegue, ni plazo que no se cumpla! Y \u00a0 as\u00ed el r\u00e9gimen encabezado por \u00a0 el ingeniero Miguel Angel Riquelme Sol\u00eds, llegar\u00e1 esta semana que se inicia,\u00a0 a su t\u00e9rmino, que no es otro que el que marcan nuestras leyes, para dar paso, el d\u00eda primero de\u00a0 diciembre, es decir, este mismo viernes, al que tendr\u00e1 bajo su mando,\u00a0 y responsabilidad\u00a0 \u00a0 Manolo Jim\u00e9nez Salinas\u00a0 quien\u00a0 se afirma,\u00a0 solo\u00a0 despu\u00e9s de\u00a0 24 horas despu\u00e9s de que rinda\u00a0 la\u00a0 protesta de rigor en el Congreso del Estado,\u00a0 dar\u00e1 a conocer, a quienes a decidido ya formen \u00a0 parte del gabinete\u00a0 de trabajo con el cual estar\u00e1 enfrentando de inmediato\u00a0 las tareas \u00a0 contempladas en su cargo de Gobernador de Coahuila para el sexenio 2023-2028 y con ello terminar, por ahora, con\u00a0 la ola de\u00a0 especulaciones\u00a0 y opiniones, aspiraciones\u00a0 e ilusiones, compromisos, simples simpat\u00edas,\u00a0 y apuestas que sin duda genera\u00a0 la conformaci\u00f3n de un grupo de coahuilenses -se espera que lo sean todos-,\u00a0 que resulten ser a los ojos de quien asume el mando y control pol\u00edtico y legal del Estado, sus mejores prospectos para enfrentar los retos, los existentes y los que surjan en el per\u00edodo de tiempo que le tocar\u00e1 \u00a0 mantener\u00a0 el tim\u00f3n del destino del Estado en medio de los procelosos tiempos que se viven en este pa\u00eds y en el mundo, claro que hay expectaci\u00f3n, por conocer las identidades, de los favorecidos, en especial, a los de origen lagunero, que incursionen, quiz\u00e1s por primera vez en alg\u00fan cargo del \u00e1mbito estatal, o bien\u00a0 la permanencia y continuidad de quienes ya lo ocuparon\u00a0 formando parte del equipo del Gobernador Riquelme Sol\u00eds, si bien hay apuestas altas en el sentido de que ser\u00e1n escasos, contados con los dedos de una mano y sobrar\u00e1n dedos, quienes logren\u00a0 realizar\u00a0 tal\u00a0 salto de\u00a0 fortuna, toda vez que pesimistas, auguran que la clase pol\u00edtica lagunera, as\u00ed\u00a0 ya \u00a0este m\u00e1s que campechaneada con la mezcla que la necesidad impuso entre los formados en las filas del PAN, del fantasmag\u00f3rico PRD y el PRI, volver\u00e1n a batear fuerte en la escena pol\u00edtica estatal, y una vez que el\u00a0 ahora nuevamente poderoso \u00a0 Grupo Saltillo, recuper\u00f3 a manos de Manolo Jim\u00e9nez, la joya de la corona, que no es otro que la gubernatura del Coahuila, para uno de los suyos,\u00a0 m\u00e1s que estropeada con la \u2018\u2019docena tr\u00e1gica\u2019\u2019 que les represent\u00f3 a muchos de sus integrantes\u00a0 el paso por tal poder de la dupla Humberto\/Rub\u00e9n Moreira Valdes, mas la secuela de desprestigio que genera aun \u00a0 el extens\u00edsimo tema de la deuda p\u00fablica estatal, que hizo perder a Coahuila su hasta entonces larga &#8220;salud financiera&#8221;\u00a0 y que llevar\u00e1 pagar, al menos a \u00a0 una o dos\u00a0 generaciones de coahuilenses.<\/p>\n\n\n\n<p>En este escenario\u00a0 sin duda, cabe destacar, el regateo\u00a0 que\u00a0 en el transito de las condiciones pol\u00edticas y sociales que \u00a0 los tiempos \u00a0 que le toc\u00f3 presidir el gobierno del Estado, \u00a0 el lagunero Miguel Angel\u00a0 Riquelme\u00a0 Sol\u00eds,\u00a0 no nos gener\u00f3 verg\u00fcenza p\u00fablica alguna, con\u00a0 todo y haber llegado al cargo que est\u00e1 por concluir en \u00a0 las desastrosas condiciones que \u00a0 le impuso una apretada elecci\u00f3n\u00a0 y un \u00a0 muy\u00a0 artificioso\u00a0 y prolongado\u00a0 litigio judicial, que impuso una transici\u00f3n\u00a0 compleja, que luego pudo y supo superar con trabajo,\u00a0 mucho trabajo, mucha, mucha disciplina, y sobre todo, con un \u00e1nimo abierto\u00a0 de unificar \u00a0 a todas las fuerzas\u00a0 pol\u00edticas y sociales\u00a0 por dem\u00e1s enconadas y dispersas \u00a0 y alcanzar finalmente\u00a0 el\u00a0 consenso\u00a0 indispensable y sin el cual el arte de gobernar es un fracaso, actitud\u00a0 y acci\u00f3n que\u00a0le posibilit\u00f3\u00a0 poder\u00a0 presentar hoy por hoy, ante los gobernados, resultados tangibles, manifestados\u00a0 en especial en materia de seguridad, de\u00a0 generaci\u00f3n de empleos, y atenci\u00f3n a\u00a0 la salud, en especial, al haber\u00a0 podido enfrentar la crisis que plante\u00f3 a todos, la pandemia de Covid-19, a todos los \u00e1mbitos de la sociedad, consecuencias que se han ido superando de la mejor manera,\u00a0 obvio, no sin rezagos\u00a0 y los prietitos en el arroz que\u00a0 surgen luego , con todo y que\u00a0 su r\u00e9gimen aport\u00f3 -partido, resultados de gobierno y candidato construido h\u00e1bilmente-,\u00a0 la cifra electoral m\u00e1s alta en su historia pol\u00edtica en el Estado, barriendo literalmente\u00a0 a la oposici\u00f3n.<\/p>\n\n\n\n<p>En fin, a\u00a0 partir del pr\u00f3ximo s\u00e1bado los coahuilenses\u00a0 podr\u00e1n ya con mayor objetividad ir haciendo su propia opini\u00f3n\u00a0 que les merece el gobernar de Riquelme Solis,\u00a0 quien ahora, sin embajada en puerta en su futuro -y lo que esto significa-, \u00a0 es considerado uno de los mejores gobernadores del M\u00e9xico presente,\u00a0 lo cual no es poca cosa, si se compara con los\u00a0 vigentes -ah\u00ed est\u00e1, por la v\u00eda de ejemplo\u00a0 Samuel\u00a0 Garc\u00eda\u00a0 o bien con los que reci\u00e9n han dejado de serlo, por ejemplo\u00a0 un Omar Fayad-, am\u00e9n que\u00a0 la percepci\u00f3n de Riquelme Sol\u00eds en el escenario nacional, por ahora\u00a0 ya lo hacen figurar, as\u00ed sean especulaciones,\u00a0 en la dirigencia de la campa\u00f1a electoral de la candidata\u00a0 presidencial opositora.<\/p>\n\n\n\n<p>De ah\u00ed que las conjeturas,\u00a0 presunciones, en torno al futuro que le espera\u00a0 a\u00a0 Riquelme Solis ya en las pr\u00f3ximas semanas, \u00a0 ya\u00a0 lo colocan para el mes de diciembre del a\u00f1o en curso,\u00a0 cuando solo sea un ciudadano mas, \u00a0 como la cabeza de la f\u00f3rmula senatorial por mayor\u00eda, que contendr\u00e1 por Coahuila bajo las siglas del PRI-PAN-PRD\u00a0 siendo \u00a0 su compa\u00f1era en tal f\u00f3rmula, la\u00a0 joven hija de Abraham Cepeda,\u00a0 de nombre B\u00e1rbara,\u00a0con lo que se estar\u00eda\u00a0 abriendo paso a la juventud a una nueva generaci\u00f3n de f\u00e9minas, ahora que se dice &#8220;son\u00a0 los tiempos de las mujeres&#8221; de ah\u00ed que\u00a0 tal disposici\u00f3n\u00a0 especulativa deja fuera de tal competencia a la actual senadora Ver\u00f3nica Mart\u00ednez,\u00a0 en\u00a0 ronda de repetidores, como parece ser por ahora la t\u00f3nica, pues\u00a0 podr\u00eda haber por ah\u00ed, alg\u00fan premio de consolaci\u00f3n, que pudiera resultar ser, alguna diputaci\u00f3n federal, bien en f\u00f3rmula de mayor\u00eda o en alg\u00fan lugar importante en la lista de plurinominales de la segunda circunspecci\u00f3n, si bien dicen que el mejor sitio\u00a0 ya lo tiene en mano el Ingeniero\u00a0 Rodrigo Fuentes Avila, quien calladito,\u00a0 fiel a su estilo sin exposici\u00f3n publica alguna,\u00a0 se encuentra mas que fortalecido\u00a0 como miembro del Comit\u00e9 Ejecutivo Nacional priista\u2026<\/p>\n\n\n\n<p>Y vaya que de noche,\u00a0 pas\u00f3\u00a0 la presencia y actuaci\u00f3n de los cuatro diputados locales que el pasado viernes rindieron dicen su Informe de\u00a0 labores desarrolladas \u00a0 como miembros de la actual Legislatura,\u00a0 algunos de los cuales est\u00e1n ya prestos para repetir como tales, con todo y que\u00a0 pasen con mas pena que gloria por tales\u00a0 tareas. El acto informativo, resulta que al parecer fue solo para miembros del club de tobi,\u00a0 pues\u00a0 no se tuvo a bien, convocar, a tal acci\u00f3n informativa a\u00a0 los representantes de los Medios, descnoci\u00e9ndose \u00a0 a fondo las razones para ello, toda vez que la reuni\u00f3n era de\u00a0 &#8220;car\u00e1cter informativo&#8221;, pero solo\u00a0 para selecta militancia, y ahora andan\u00a0 por ah\u00ed echando la culpa de la omisi\u00f3n citada, bien a Regis, o a Olga M\u00e1rquez, total, que de estos dos, no se hizo uno<\/p>\n\n\n\n<p>Trascendi\u00f3 que con tal motivo\u00a0 miembros del gabinete\u00a0 se vinieron en parvada para acompa\u00f1ar, dicen,  tambi\u00e9n\u00a0 al actual l\u00edder del cuerpo legislativo, considerado ya como la cabeza pol\u00edtica regional, de cara dicen tambi\u00e9n, a que est\u00e1 pr\u00f3ximo a integrarse como Secretario de Gobierno de la nueva administraci\u00f3n, y de no ser as\u00ed, lo ubican ya hasta como Subsecretario de Desarrollo\u00a0 e Inclusi\u00f3, si es que\u00a0 no sucede alg\u00fan imprevisto y se\u00a0 le cae tal encargo &#8220;de la cuchara a la boca\u2019&#8221;.<\/p>\n\n\n\n<p>Igual rumor rodea el destino del diputado\u00a0 electo Lauro \u00a0 Villarreal Navarro como futuro l\u00edder de la Legislatura estatal pr\u00f3xima, pues argumentan que ante &#8220;la pluralidad&#8221; de los diputados que forman parte de la oposici\u00f3n, se estar\u00eda en alguna desventaja, dada su inexperiencia\u00a0 legislativa \u00a0 y que su suplente, es decir, el se\u00f1or Carlos Robles Lostanau\u00a0 si tiene, de ah\u00ed que \u00a0 pudiera suplirlo en tal encargo&#8230;<\/p>\n\n\n\n<p>Diremos\u00a0 que finalmente y a cinco para las doce de ese mismo viernes, \u00a0 lleg\u00f3 al acto\u00a0 mencionado nuestro alcalde Rom\u00e1n Alberto Cepeda Gonz\u00e1lez,\u00a0 procedente\u00a0 de su\u00a0 prolongado\u00a0 viaje transcontinetal, \u00a0 en busca de su filia gen\u00e9tica\u00a0 y\u00a0 firma de convenios polic\u00edacos y culturales que deber\u00e1 dar informe\u00a0 pormenorizado de los mismos a sus gobernados.<\/p>\n\n\n\n<p>Este mismo lunes, quienes asisten\u00a0 semanalmente \u00a0 a las reuniones del llamado Subcomit\u00e9 T\u00e9cnico Regional, por la ma\u00f1ana en el Centro de Convenciones, \u00a0 podr\u00e1n ver si se \u00a0 confirma, por ultima vez\u00a0 juntos, aqu\u00ed en Torre\u00f3n\u00a0 al Gobernador Riquelme\u00a0 Sol\u00eds y al gobernador electo Jim\u00e9nez Salinas,\u00a0 tales encuentros\u00a0 semanales, tomaron carta de naturalizaci\u00f3n como herramienta de gobierno, luego que \u00a0 enfrentar la pandemia de Virus Covid 19\u00a0 y sus imp\u00e1ctos, con \u00f3ptimos resultados pol\u00edticos y medi\u00e1ticos, pero que el nuevo gobernante, deber\u00e1\u00a0 decidir si\u00a0 utiliza al herramienta, o bien la modifica o la desaparece, seg\u00fan \u00a0 sea\u00a0 el estilo que\u00a0 genere su forma de gobernar en ciernes&#8230; Ya veremos y diremos<\/p>\n","protected":false},"excerpt":{"rendered":"<p>\u00a1No hay fecha que no llegue, ni plazo que no se cumpla! Y \u00a0 as\u00ed el r\u00e9gimen encabezado por \u00a0 el ingeniero Miguel Angel Riquelme Sol\u00eds, llegar\u00e1 esta semana que se inicia,\u00a0 a su t\u00e9rmino, que no es otro que el que marcan nuestras leyes, para dar paso, el d\u00eda primero de\u00a0 diciembre, es decir, este mismo viernes, al que tendr\u00e1 bajo su mando,\u00a0 y responsabilidad\u00a0 \u00a0 Manolo Jim\u00e9nez Salinas\u00a0&#8230;<\/p>\n","protected":false},"author":2,"featured_media":0,"comment_status":"closed","ping_status":"","sticky":false,"template":"","format":"standard","meta":{"footnotes":""},"categories":[8],"tags":[],"class_list":["post-18277","post","type-post","status-publish","format-standard","hentry","category-aqui-laguna","wpcat-8-id"],"_links":{"self":[{"href":"https:\/\/www.aquilaguna.com\/index.php\/wp-json\/wp\/v2\/posts\/18277","targetHints":{"allow":["GET"]}}],"collection":[{"href":"https:\/\/www.aquilaguna.com\/index.php\/wp-json\/wp\/v2\/posts"}],"about":[{"href":"https:\/\/www.aquilaguna.com\/index.php\/wp-json\/wp\/v2\/types\/post"}],"author":[{"embeddable":true,"href":"https:\/\/www.aquilaguna.com\/index.php\/wp-json\/wp\/v2\/users\/2"}],"replies":[{"embeddable":true,"href":"https:\/\/www.aquilaguna.com\/index.php\/wp-json\/wp\/v2\/comments?post=18277"}],"version-history":[{"count":1,"href":"https:\/\/www.aquilaguna.com\/index.php\/wp-json\/wp\/v2\/posts\/18277\/revisions"}],"predecessor-version":[{"id":18278,"href":"https:\/\/www.aquilaguna.com\/index.php\/wp-json\/wp\/v2\/posts\/18277\/revisions\/18278"}],"wp:attachment":[{"href":"https:\/\/www.aquilaguna.com\/index.php\/wp-json\/wp\/v2\/media?parent=18277"}],"wp:term":[{"taxonomy":"category","embeddable":true,"href":"https:\/\/www.aquilaguna.com\/index.php\/wp-json\/wp\/v2\/categories?post=18277"},{"taxonomy":"post_tag","embeddable":true,"href":"https:\/\/www.aquilaguna.com\/index.php\/wp-json\/wp\/v2\/tags?post=18277"}],"curies":[{"name":"wp","href":"https:\/\/api.w.org\/{rel}","templated":true}]}}