{"id":18285,"date":"2023-11-27T18:50:26","date_gmt":"2023-11-28T00:50:26","guid":{"rendered":"https:\/\/www.aquilaguna.com\/?p=18285"},"modified":"2023-11-27T18:50:26","modified_gmt":"2023-11-28T00:50:26","slug":"agentes-de-transito-ofrecen-seguridad-vial-durante-peregrinaciones","status":"publish","type":"post","link":"https:\/\/www.aquilaguna.com\/index.php\/2023\/11\/27\/agentes-de-transito-ofrecen-seguridad-vial-durante-peregrinaciones\/","title":{"rendered":"Agentes de tr\u00e1nsito ofrecen seguridad vial durante peregrinaciones."},"content":{"rendered":"\n<p>\u00a0Torre\u00f3n, Coahuila. A 27 de noviembre de 2023.<\/p>\n\n\n\n<p>\u00a0A una semana de iniciar las peregrinaciones de los fieles a la virgen de Guadalupe<br>en Torre\u00f3n, es permanente la presencia de agentes viales acompa\u00f1ando a los<br>grupos para garantizar la Seguridad Vial del peat\u00f3n, as\u00ed como la orientaci\u00f3n a los<br>conductores que coinciden con el recorrido.<\/p>\n\n\n\n<p>Luis Alberto Morales Cort\u00e9s, director general de Vialidad y Movilidad Urbana, dijo<br>que las acciones de tr\u00e1nsito sobre este tema iniciaron con la tradicional<br>peregrinaci\u00f3n de los Ferrocarrileros, el pasado siete de noviembre.<br>\u00a0<br>Sin embargo, se fortalecieron las medidas de atenci\u00f3n a partir de la semana<br>pasada, fecha en que arrancaron oficialmente las peregrinaciones luego de la<br>bendici\u00f3n de danzas.<br>\u00a0<br>Agreg\u00f3 que se aumentar\u00e1 la presencia de agentes en la medida que avance la<br>calendarizaci\u00f3n de la parroquia.<br>\u00a0<br>\u201cTuvimos una reuni\u00f3n previa con la di\u00f3cesis de Torre\u00f3n para conocer los horarios<br>y la cantidad de grupos de fieles que peregrinan, para brindar el apoyo en orden y<br>Seguridad Vial\u201d, coment\u00f3 el director. \u00a0<br>\u00a0<br>Aunque en los primeros d\u00edas se presentaron bajas temperaturas, los creyentes no<br>interrumpieron su peregrinaje y el personal de Tr\u00e1nsito y Vialidad mantuvo<br>presencia desde las 16:00 horas desde la Alameda Zaragoza hasta la iglesia de<br>Guadalupe.<br>\u00a0<br>\u201cConforme avancen los d\u00edas hacia el 12 de diciembre se va a ampliar el rol de<br>horario de participaci\u00f3n y se ampliar\u00e1 tambi\u00e9n el horario de la presencia de<br>agentes\u201d, dijo Morales Cort\u00e9s.<br>\u00a0<br>Para atender los contingentes se dispuso de un despliegue de personal pedestre,<br>incluidos los poco m\u00e1s de 60 agentes que recientemente concluyeron su<br>preparaci\u00f3n y ya forman parte de la direcci\u00f3n.<br>\u00a0<br>Los elementos trabajan para asegurar la integridad de los peatones y orientan a<br>conductores que circulan por donde se realiza el recorrido de los peregrinos, por lo<br>que se exhorta a la ciudadan\u00eda a acatar las instrucciones de tr\u00e1nsito.<\/p>\n","protected":false},"excerpt":{"rendered":"<p>\u00a0Torre\u00f3n, Coahuila. A 27 de noviembre de 2023. \u00a0A una semana de iniciar las peregrinaciones de los fieles a la virgen de Guadalupeen Torre\u00f3n, es permanente la presencia de agentes viales acompa\u00f1ando a losgrupos para garantizar la Seguridad Vial del peat\u00f3n, as\u00ed como la orientaci\u00f3n a losconductores que coinciden con el recorrido. Luis Alberto Morales Cort\u00e9s, director general de Vialidad y Movilidad Urbana, dijoque las acciones de tr\u00e1nsito sobre este&#8230;<\/p>\n","protected":false},"author":1,"featured_media":18286,"comment_status":"closed","ping_status":"closed","sticky":false,"template":"","format":"standard","meta":{"footnotes":""},"categories":[5,28,7],"tags":[],"class_list":["post-18285","post","type-post","status-publish","format-standard","has-post-thumbnail","hentry","category-coahuila","category-la-laguna","category-torreon","wpcat-5-id","wpcat-28-id","wpcat-7-id"],"_links":{"self":[{"href":"https:\/\/www.aquilaguna.com\/index.php\/wp-json\/wp\/v2\/posts\/18285","targetHints":{"allow":["GET"]}}],"collection":[{"href":"https:\/\/www.aquilaguna.com\/index.php\/wp-json\/wp\/v2\/posts"}],"about":[{"href":"https:\/\/www.aquilaguna.com\/index.php\/wp-json\/wp\/v2\/types\/post"}],"author":[{"embeddable":true,"href":"https:\/\/www.aquilaguna.com\/index.php\/wp-json\/wp\/v2\/users\/1"}],"replies":[{"embeddable":true,"href":"https:\/\/www.aquilaguna.com\/index.php\/wp-json\/wp\/v2\/comments?post=18285"}],"version-history":[{"count":1,"href":"https:\/\/www.aquilaguna.com\/index.php\/wp-json\/wp\/v2\/posts\/18285\/revisions"}],"predecessor-version":[{"id":18287,"href":"https:\/\/www.aquilaguna.com\/index.php\/wp-json\/wp\/v2\/posts\/18285\/revisions\/18287"}],"wp:featuredmedia":[{"embeddable":true,"href":"https:\/\/www.aquilaguna.com\/index.php\/wp-json\/wp\/v2\/media\/18286"}],"wp:attachment":[{"href":"https:\/\/www.aquilaguna.com\/index.php\/wp-json\/wp\/v2\/media?parent=18285"}],"wp:term":[{"taxonomy":"category","embeddable":true,"href":"https:\/\/www.aquilaguna.com\/index.php\/wp-json\/wp\/v2\/categories?post=18285"},{"taxonomy":"post_tag","embeddable":true,"href":"https:\/\/www.aquilaguna.com\/index.php\/wp-json\/wp\/v2\/tags?post=18285"}],"curies":[{"name":"wp","href":"https:\/\/api.w.org\/{rel}","templated":true}]}}