{"id":18304,"date":"2023-11-28T18:35:03","date_gmt":"2023-11-29T00:35:03","guid":{"rendered":"https:\/\/www.aquilaguna.com\/?p=18304"},"modified":"2023-11-28T18:35:04","modified_gmt":"2023-11-29T00:35:04","slug":"con-inversion-de-10-mdp-entrega-mars-velaria-en-el-itl","status":"publish","type":"post","link":"https:\/\/www.aquilaguna.com\/index.php\/2023\/11\/28\/con-inversion-de-10-mdp-entrega-mars-velaria-en-el-itl\/","title":{"rendered":"CON INVERSI\u00d3N DE 10 MDP, ENTREGA MARS VELARIA EN EL ITL."},"content":{"rendered":"\n<p>\u00b7\u00a0\u00a0\u00a0\u00a0\u00a0\u00a0<strong><em>\u00a0Beneficia a 5,100 alumnos.<\/em><\/strong><\/p>\n\n\n\n<p>Torre\u00f3n, Coahuila de Zaragoza; a 28 de Noviembre de 2023.- El gobernador Miguel \u00c1ngel Riquelme Sol\u00eds, acompa\u00f1ado por el alcalde Rom\u00e1n Alberto Cepeda Gonz\u00e1lez, entreg\u00f3 la velaria del Instituto Tecnol\u00f3gico de La Laguna (ITL), obra en la que se invirtieron 10 millones de pesos.<\/p>\n\n\n\n<p>Junto al Director del ITL Jos\u00e9 Omar Sald\u00edvar Correa, el Mandatario estatal expres\u00f3 su gusto por regresar a su \u201cAlma Mater\u201d para entregar esta obra de la mano del Alcalde, de quien dijo, est\u00e1 comprometido por mejorar la infraestructura educativa.<\/p>\n\n\n\n<p>Felicit\u00f3, adem\u00e1s, a la Sociedad de Alumnos y comunidad estudiantil que impulsaron esta acci\u00f3n, y tambi\u00e9n la obra de la barda perimetral.<\/p>\n\n\n\n<p>\u201cAqu\u00ed estoy con mucho orgullo a dos d\u00edas de terminar mi gesti\u00f3n, gracias a las maestras y maestros que me vieron pasar por las aulas del ITL y estoy contento del Coahuila que dejamos entre todos\u201d, expres\u00f3.<\/p>\n\n\n\n<p>Se\u00f1al\u00f3 que el Estado est\u00e1 metido en el fen\u00f3meno de la relocalizaci\u00f3n: \u201cHoy lo que les debe preocupar es salir bien preparados para enfrentar los retos. En este a\u00f1o anunci\u00e9 68 nuevas inversiones y habr\u00e1 otras de gran calado en La Laguna y el Sureste\u201d.<\/p>\n\n\n\n<p>Destac\u00f3 que se logr\u00f3 una diversificaci\u00f3n de la econom\u00eda en las cinco regiones, y lo que se planeaba en su Plan de Desarrollo se plasm\u00f3 con la producci\u00f3n de autos el\u00e9ctricos.&nbsp;<\/p>\n\n\n\n<p>Enfatiz\u00f3 que lo \u00fanico es aprovechar el potencial, como esta instituci\u00f3n, para que los egresados se queden a trabajar en su entidad.<\/p>\n\n\n\n<p>\u201cAgradezco a todas y a todos esa reciprocidad en el equilibrio de mi Gobierno, y ese trabajo en equipo se traduce en resultados, porque me permitieron, en un plano muy distinto a otras entidades, regresar a mi Alma Mater y responder con el cambio de fisionom\u00eda\u201d, coment\u00f3.<\/p>\n\n\n\n<p>Riquelme Sol\u00eds adelant\u00f3 que ma\u00f1ana entregar\u00e1 la Velaria del Centro de Convenciones de Torre\u00f3n y agradeci\u00f3 a todas y todos darle el mayor de los honores, que ha sido gobernar Coahuila.&nbsp;<\/p>\n\n\n\n<p>Al dar la bienvenida, el alcalde Rom\u00e1n Cepeda Gonz\u00e1lez agradeci\u00f3 al gobernador Miguel Riquelme, pues apostarle a la educaci\u00f3n es apostarle al futuro de Torre\u00f3n y de La Laguna.<\/p>\n\n\n\n<p>\u201cA quienes lo hacen, a todo el personal docente, mi compromiso con ustedes. Es un gran d\u00eda por ver el cambio que se ha dado a una instituci\u00f3n que es emblem\u00e1tica de Torre\u00f3n.&nbsp;<\/p>\n\n\n\n<p>Hoy, la ciudad ha cambiado y eso es esfuerzo de un Gobernador que puso a Coahuila como el Estado m\u00e1s seguro\u201d, mencion\u00f3.<\/p>\n\n\n\n<p>Felicit\u00f3 al Mandatario estatal y a la comunidad estudiantil por hacer que esta instituci\u00f3n siga siendo un buen referente de Torre\u00f3n.&nbsp;<\/p>\n\n\n\n<p>Por su parte, Julio Iv\u00e1n Long Hern\u00e1ndez, Director del Instituto Coahuilense de la Infraestructura F\u00edsica Educativa (ICIFED), inform\u00f3 que esta Velaria beneficia a 5,100 alumnas y alumnos y se invirtieron 10 millones de pesos.<\/p>\n\n\n\n<p>La Velaria cuenta con 30 metros de ancho por 33 de largo, est\u00e1 hecha de un sistema estructural met\u00e1lico y est\u00e1 sustentada con elementos tubulares de acero unidos por arcos sumergibles; la cubierta de la estructura es de membrana alemana y tiene sistema led.&nbsp;<\/p>\n\n\n\n<p>Long Hern\u00e1ndez se\u00f1al\u00f3 que con trabajos como \u00e9ste, la Administraci\u00f3n de Miguel Riquelme busc\u00f3 fortalecer la educaci\u00f3n integral de todas y todos los estudiantes, garantizar mejores condiciones de infraestructura y equipamiento para el desarrollo de los trabajos acad\u00e9micos y promover la sana convivencia.<\/p>\n\n\n\n<p>Norma Alicia Hern\u00e1ndez Rodr\u00edguez, presidenta de la Federaci\u00f3n de Estudiantes de los Institutos Tecnol\u00f3gicos de Coahuila (FEITEC), agradeci\u00f3 al gobernador Miguel Riquelme la entrega de la Velaira en pro de la comunidad del ITL.<\/p>\n\n\n\n<p>\u201cGracias Gobernador por esta cercan\u00eda con la comunidad estudiantil, sus obras trascender\u00e1n en el tiempo. Gracias por poner en alto el nombre de esta instituci\u00f3n\u201d, expres\u00f3.<\/p>\n\n\n\n<p>Acompa\u00f1aron al Gobernador en este evento, adem\u00e1s, Francisco Saracho Navarro, Secretario de Educaci\u00f3n, y David Osvaldo Maldonado Serrano, presidente del Comit\u00e9 Ejecutivo de la Sociedad de Alumnos, adem\u00e1s de funcionarios estatales, municipales y comunidad acad\u00e9mica del plantel.<\/p>\n","protected":false},"excerpt":{"rendered":"<p>\u00b7\u00a0\u00a0\u00a0\u00a0\u00a0\u00a0\u00a0Beneficia a 5,100 alumnos. Torre\u00f3n, Coahuila de Zaragoza; a 28 de Noviembre de 2023.- El gobernador Miguel \u00c1ngel Riquelme Sol\u00eds, acompa\u00f1ado por el alcalde Rom\u00e1n Alberto Cepeda Gonz\u00e1lez, entreg\u00f3 la velaria del Instituto Tecnol\u00f3gico de La Laguna (ITL), obra en la que se invirtieron 10 millones de pesos. Junto al Director del ITL Jos\u00e9 Omar Sald\u00edvar Correa, el Mandatario estatal expres\u00f3 su gusto por regresar a su \u201cAlma Mater\u201d para&#8230;<\/p>\n","protected":false},"author":1,"featured_media":18305,"comment_status":"closed","ping_status":"closed","sticky":false,"template":"","format":"standard","meta":{"footnotes":""},"categories":[5,15,75],"tags":[],"class_list":["post-18304","post","type-post","status-publish","format-standard","has-post-thumbnail","hentry","category-coahuila","category-gobierno-de-coahuila","category-obra","wpcat-5-id","wpcat-15-id","wpcat-75-id"],"_links":{"self":[{"href":"https:\/\/www.aquilaguna.com\/index.php\/wp-json\/wp\/v2\/posts\/18304","targetHints":{"allow":["GET"]}}],"collection":[{"href":"https:\/\/www.aquilaguna.com\/index.php\/wp-json\/wp\/v2\/posts"}],"about":[{"href":"https:\/\/www.aquilaguna.com\/index.php\/wp-json\/wp\/v2\/types\/post"}],"author":[{"embeddable":true,"href":"https:\/\/www.aquilaguna.com\/index.php\/wp-json\/wp\/v2\/users\/1"}],"replies":[{"embeddable":true,"href":"https:\/\/www.aquilaguna.com\/index.php\/wp-json\/wp\/v2\/comments?post=18304"}],"version-history":[{"count":1,"href":"https:\/\/www.aquilaguna.com\/index.php\/wp-json\/wp\/v2\/posts\/18304\/revisions"}],"predecessor-version":[{"id":18306,"href":"https:\/\/www.aquilaguna.com\/index.php\/wp-json\/wp\/v2\/posts\/18304\/revisions\/18306"}],"wp:featuredmedia":[{"embeddable":true,"href":"https:\/\/www.aquilaguna.com\/index.php\/wp-json\/wp\/v2\/media\/18305"}],"wp:attachment":[{"href":"https:\/\/www.aquilaguna.com\/index.php\/wp-json\/wp\/v2\/media?parent=18304"}],"wp:term":[{"taxonomy":"category","embeddable":true,"href":"https:\/\/www.aquilaguna.com\/index.php\/wp-json\/wp\/v2\/categories?post=18304"},{"taxonomy":"post_tag","embeddable":true,"href":"https:\/\/www.aquilaguna.com\/index.php\/wp-json\/wp\/v2\/tags?post=18304"}],"curies":[{"name":"wp","href":"https:\/\/api.w.org\/{rel}","templated":true}]}}