{"id":1832,"date":"2021-04-27T19:31:26","date_gmt":"2021-04-28T00:31:26","guid":{"rendered":"https:\/\/www.aquilaguna.com\/?p=1832"},"modified":"2021-04-27T19:31:27","modified_gmt":"2021-04-28T00:31:27","slug":"los-empresarios-representan-empleo-desarrollo-y-crecimiento-para-coahuila-mars","status":"publish","type":"post","link":"https:\/\/www.aquilaguna.com\/index.php\/2021\/04\/27\/los-empresarios-representan-empleo-desarrollo-y-crecimiento-para-coahuila-mars\/","title":{"rendered":"LOS EMPRESARIOS REPRESENTAN EMPLEO, DESARROLLO Y CRECIMIENTO PARA COAHUILA: MARS."},"content":{"rendered":"\n<p>\u00b7\u00a0\u00a0\u00a0\u00a0\u00a0\u00a0<strong><em>Asiste gobernador Miguel Riquelme a la toma de compromiso del nuevo Consejo Directivo 2021-2023 de la Coparmex Coahuila Sureste.<\/em><\/strong><\/p>\n\n\n\n<p>Saltillo, Coahuila de Zaragoza; a 27 de Abril de 2021.- \u201cPara mi Gobierno, la labor de la COPARMEX Coahuila Sureste representa el crecimiento para la entidad, empleo para los trabajadores y oportunidades de desarrollo para miles de familias coahuilenses\u201d, se\u00f1al\u00f3 el gobernador Miguel \u00c1ngel Riquelme Sol\u00eds al asistir como invitado de honor a la Toma de Compromiso del Nuevo Consejo Directivo 2021-2023 de este organismo.<\/p>\n\n\n\n<p>Mencion\u00f3 estar muy agradecido con COPARMEX, ya que ha sido solidario con su Gobierno y ha sido cr\u00edtico cuando lo tiene qu\u00e9 ser, y enfatiz\u00f3 que eso es democracia dentro de las instituciones p\u00fablicas.<\/p>\n\n\n\n<p>Reconoci\u00f3 al Consejo Directivo que culmin\u00f3 su periodo por los logros y resultados, en especial a quien estuvo al frente, Ricardo Sandoval.Felicit\u00f3 de la misma manera a quienes hoy inician el nuevo Consejo Directivo, encabezado por Roberto Cabello Elizondo, Consejo del que dijo es una mezcla de juventud y experiencia, y a quien le reiter\u00f3 su disposici\u00f3n y la de su equipo de trabajo para colaborar con el prop\u00f3sito com\u00fan de cumplir metas y de incrementar los alcances productivos de este organismo.<\/p>\n\n\n\n<p>\u201cAnte la adversidad, en Coahuila una vez m\u00e1s demostramos que una de las mayores fortalezas es el arraigo y la perseverancia de nuestros empresarios, quienes tambi\u00e9n como la COPARMEX se la juegan d\u00eda a d\u00eda con Coahuila y con su gente\u201d, mencion\u00f3 Riquelme Sol\u00eds.<\/p>\n\n\n\n<p>Indic\u00f3 haber encontrado una solidaridad \u201cincre\u00edble\u201d en las y los empresarios de Coahuila, una unidad que ha significado la principal fortaleza dentro de todos los retos que impuso la pandemia a nivel mundial y local.<\/p>\n\n\n\n<p>El Mandatario estatal coment\u00f3 adem\u00e1s que la toma de decisiones en el Pa\u00eds fue muy distinta en cada entidad, al no haber una directriz real por parte del Gobierno Federal para poder emprender este reto juntos, y en conjunto lo que implic\u00f3 que las tomas de decisiones se dieran a nivel local.<\/p>\n\n\n\n<p>En ese sentido, record\u00f3 que estados como el nuestro, en el que cada regi\u00f3n tiene distinta vocaci\u00f3n y adem\u00e1s alejada una de la otra, con estados vecinos que inciden algunos en la econom\u00eda tambi\u00e9n en particular de la regi\u00f3n, se tuvo el acierto, entre todos, de conformar Subcomit\u00e9s T\u00e9cnicos para la atenci\u00f3n en materia de salud.<\/p>\n\n\n\n<p>\u201cEsos Subcomit\u00e9s se han convertido en el eje rector de la reactivaci\u00f3n econ\u00f3mica, y hoy de la reactivaci\u00f3n del ciclo escolar para nuestra entidad\u201d, se\u00f1al\u00f3 el Gobernador coahuilense.Miguel Riquelme asegur\u00f3 que de ah\u00ed se deriva que Coahuila, poco o nada se ha equivocado en su toma de decisiones, y lo impredecible de la pandemia fue realmente enfrentado por hombres y mujeres que estuvieron en todo momento con su representaci\u00f3n en cada Subcomit\u00e9.<\/p>\n\n\n\n<p>Expuso adem\u00e1s que a la falta de ejecuci\u00f3n de un Plan Nacional de Vacunaci\u00f3n como el que se acostumbra en el Pa\u00eds, entre todos han tratado de acercarse y de apoyar a la Federaci\u00f3n, con las malas decisiones que ha tomado en este proceso.<\/p>\n\n\n\n<p>\u201cNos enfrentamos a retos de todo tipo y a tratos inhumanos con los adultos mayores, como las filas de m\u00e1s de cuatro horas, donde poco a poco, entre la sociedad y un Gobierno colaborador \u2014que as\u00ed nos consideramos\u2014, nos acercamos para poder apoyar donde nos dejaran hacerlo\u201d, inform\u00f3.<\/p>\n\n\n\n<p>Asimismo, agreg\u00f3 que todav\u00eda la semana pasada su Gobierno exigi\u00f3 que le dieran la oportunidad de vacunar a maestras y maestros: \u201cNo se tardaron m\u00e1s de media hora en entrar y salir el personal educativo de Coahuila (del proceso de vacunaci\u00f3n), mientras que se est\u00e1 viendo a otras entidades en que est\u00e1n las filas saturadas de maestras y maestros\u201d.<\/p>\n\n\n\n<p>\u201cEsos somos los coahuilenses: Bravos, duros, trabajadores y exigentes, porque nos levantamos muy temprano y rendimos muy tarde para poder impulsar todo lo que requiere nuestra bendita tierra\u201d, enfatiz\u00f3 Riquelme Sol\u00eds.De la misma manera, mencion\u00f3 que hay instituciones a nivel nacional que han sido vulneradas, amenazadas, y que hoy no se debe permitir que eso suceda: \u201cHay muchas formas de hacerlo, sabemos perfectamente cu\u00e1l es una de ellas\u201d.<\/p>\n\n\n\n<p>Resalt\u00f3 que trabajar\u00e1 por que Coahuila siga teniendo su independencia, sea un Estado libre y soberano, y siga con la capacidad de todos organiz\u00e1ndose a trav\u00e9s del equilibrio de Poderes.<\/p>\n\n\n\n<p>\u201cAqu\u00ed est\u00e1 el Poder Judicial, el Poder Legislativo y el Ejecutivo, buscando el equilibrio de nuestra entidad y el Estado de Derecho, para que se siga invirtiendo y sigan volteando a ver a nuestra tierra\u201d, subray\u00f3 Miguel Riquelme.<\/p>\n\n\n\n<p>Record\u00f3 adem\u00e1s que muy pronto se construir\u00e1 y trazar\u00e1 un eje carretero que viene desde Mazatl\u00e1n, pasa por La Laguna, cruza por la Regi\u00f3n Centro y sale hacia Estados Unidos por Piedras Negras y Acu\u00f1a. Y que eso sumar\u00e1 a la fortaleza que hoy se tiene en el mismo corredor, pero saliendo por Saltillo hacia Monterrey y Laredo.<\/p>\n\n\n\n<p>\u201cSabemos hacia donde vamos, sabemos qu\u00e9 tenemos que hacer, estamos juntos en ello con mucha confianza entre todas y todos. Mi Gobierno busca fortalecer esa confianza, no defraudar a quienes en este momento est\u00e1n sumados a un proyecto \u00fanico, que es Coahuila, y donde nadie tenemos permiso de fallar\u201d, enfatiz\u00f3 el gobernador Miguel Riquelme.<\/p>\n\n\n\n<p>Por su parte, Jos\u00e9 Medina Mora Icaza, presidente nacional de la COPARMEX, agradeci\u00f3 la presencia del gobernador Miguel Riquelme en este evento, as\u00ed como de los representantes del Poder Legislativo y Judicial del Estado, diputado Eduardo Olmos y magistrado Miguel Mery, respectivamente, as\u00ed como el Alcalde de Saltillo, Manolo Jim\u00e9nez Salinas.<\/p>\n\n\n\n<p>Reconoci\u00f3 que el Centro Empresarial Coahuila Sureste ha sido ejemplo a nivel nacional en la formaci\u00f3n dual, lo que se ha llevado al Consejo Nacional Empresarial para que sea una pr\u00e1ctica en todas las empresas de todos los organismos.<\/p>\n\n\n\n<p>Celebr\u00f3 la existencia de la Alianza Federalista, ya que son gobernadores que defienden a sus estados para que haya equilibrio en el poder, equilibrio y contrapeso que se requiere con la participaci\u00f3n de organismos de la sociedad civil dedicados a la educaci\u00f3n, la seguridad y la lucha contra la corrupci\u00f3n.Inform\u00f3 que la COPARMEX firm\u00f3 un convenio con el Instituto Nacional Electoral (INE), en el que expresan con toda claridad que defender\u00e1n la legalidad de las decisiones del INE, ya que se necesita una instituci\u00f3n fuerte que organice las elecciones, que capacite a los ciudadanos y que asegure que aquellos que reciban el mayor n\u00famero de votos sean los que resulten electos.<\/p>\n\n\n\n<p>\u201cY as\u00ed como la defensa del INE, la defensa de otras instituciones como el INAI o el Banco de M\u00e9xico\u201d, se\u00f1al\u00f3 Jos\u00e9 Medina Mora.<\/p>\n\n\n\n<p>En su mensaje, Ricardo Sandoval, presidente saliente, reconoci\u00f3 la apertura de las autoridades estatales y municipales de la regi\u00f3n han mostrado siempre, y confi\u00f3 plenamente que continuar\u00e1 as\u00ed: \u201cPorque s\u00f3lo con el di\u00e1logo y el apoyo mutuo se logra tener \u00e9xito en los proyectos conjuntos que engrandecen a nuestro estado\u201d.<\/p>\n\n\n\n<p>Roberto Cabello Elizondo, presidente del Consejo Directivo del Centro Empresarial Coahuila Sureste para el periodo 2021-2023, se comprometi\u00f3 a seguir fortaleciendo todos y cada uno de los proyectos y actividades que tienen que ver con el tema educativo.<\/p>\n\n\n\n<p>\u201cContinuaremos trabajando en el modelo mexicano de formaci\u00f3n dual, en el que Coahuila ha sido un referente nacional, y de tal forma expandirlo a un mayor n\u00famero de empresas y de alumnos. Seguiremos desarrollando el programa de Preparatoria Abierta en la empresa, en donde brindaremos oportunidades de desarrollo a los trabajadores\u201d.<\/p>\n\n\n\n<p>Mencion\u00f3 Cabello Elizondo.Acompa\u00f1aron al Gobernador en este evento, adem\u00e1s, Luis Arizpe Jim\u00e9nez, presidente de la Federaci\u00f3n Norte de COPARMEX; Eduardo Olmos Castro, diputado presidente del Congreso del Estado; Miguel Felipe Mery Ayup, magistrado presidente del Tribunal Superior de Justicia del Estado; y Tereso Medina Ram\u00edrez, Secretario General de la CTM en Coahuila.Adem\u00e1s de representantes de c\u00e1maras empresariales, funcionarios estatales y municipales.<\/p>\n","protected":false},"excerpt":{"rendered":"<p>\u00b7\u00a0\u00a0\u00a0\u00a0\u00a0\u00a0Asiste gobernador Miguel Riquelme a la toma de compromiso del nuevo Consejo Directivo 2021-2023 de la Coparmex Coahuila Sureste. Saltillo, Coahuila de Zaragoza; a 27 de Abril de 2021.- \u201cPara mi Gobierno, la labor de la COPARMEX Coahuila Sureste representa el crecimiento para la entidad, empleo para los trabajadores y oportunidades de desarrollo para miles de familias coahuilenses\u201d, se\u00f1al\u00f3 el gobernador Miguel \u00c1ngel Riquelme Sol\u00eds al asistir como invitado de&#8230;<\/p>\n","protected":false},"author":1,"featured_media":1833,"comment_status":"closed","ping_status":"closed","sticky":false,"template":"","format":"standard","meta":{"footnotes":""},"categories":[5,29,15],"tags":[],"class_list":["post-1832","post","type-post","status-publish","format-standard","has-post-thumbnail","hentry","category-coahuila","category-economia","category-gobierno-de-coahuila","wpcat-5-id","wpcat-29-id","wpcat-15-id"],"_links":{"self":[{"href":"https:\/\/www.aquilaguna.com\/index.php\/wp-json\/wp\/v2\/posts\/1832","targetHints":{"allow":["GET"]}}],"collection":[{"href":"https:\/\/www.aquilaguna.com\/index.php\/wp-json\/wp\/v2\/posts"}],"about":[{"href":"https:\/\/www.aquilaguna.com\/index.php\/wp-json\/wp\/v2\/types\/post"}],"author":[{"embeddable":true,"href":"https:\/\/www.aquilaguna.com\/index.php\/wp-json\/wp\/v2\/users\/1"}],"replies":[{"embeddable":true,"href":"https:\/\/www.aquilaguna.com\/index.php\/wp-json\/wp\/v2\/comments?post=1832"}],"version-history":[{"count":1,"href":"https:\/\/www.aquilaguna.com\/index.php\/wp-json\/wp\/v2\/posts\/1832\/revisions"}],"predecessor-version":[{"id":1834,"href":"https:\/\/www.aquilaguna.com\/index.php\/wp-json\/wp\/v2\/posts\/1832\/revisions\/1834"}],"wp:featuredmedia":[{"embeddable":true,"href":"https:\/\/www.aquilaguna.com\/index.php\/wp-json\/wp\/v2\/media\/1833"}],"wp:attachment":[{"href":"https:\/\/www.aquilaguna.com\/index.php\/wp-json\/wp\/v2\/media?parent=1832"}],"wp:term":[{"taxonomy":"category","embeddable":true,"href":"https:\/\/www.aquilaguna.com\/index.php\/wp-json\/wp\/v2\/categories?post=1832"},{"taxonomy":"post_tag","embeddable":true,"href":"https:\/\/www.aquilaguna.com\/index.php\/wp-json\/wp\/v2\/tags?post=1832"}],"curies":[{"name":"wp","href":"https:\/\/api.w.org\/{rel}","templated":true}]}}