{"id":18330,"date":"2023-11-29T18:38:56","date_gmt":"2023-11-30T00:38:56","guid":{"rendered":"https:\/\/www.aquilaguna.com\/?p=18330"},"modified":"2023-11-29T18:38:57","modified_gmt":"2023-11-30T00:38:57","slug":"celebran-segunda-edicion-del-sotol-fest-torreon","status":"publish","type":"post","link":"https:\/\/www.aquilaguna.com\/index.php\/2023\/11\/29\/celebran-segunda-edicion-del-sotol-fest-torreon\/","title":{"rendered":"Celebran segunda edici\u00f3n del Sotol Fest Torre\u00f3n."},"content":{"rendered":"\n<p>Torre\u00f3n, Coahuila. A 29 de noviembre de 2023.<\/p>\n\n\n\n<p>Con el fin de contribuir en el posicionamiento de Coahuila, como uno de los tres<br>estados que cuenta con la denominaci\u00f3n de origen del sotol, el d\u00eda de ayer tuvo<br>lugar una serie de actividades para celebrar la segunda edici\u00f3n del Sotol Fest<br>Torre\u00f3n, en las instalaciones del hotel Real Inn.<\/p>\n\n\n\n<p>La edici\u00f3n se realiz\u00f3 con la coordinaci\u00f3n entre la Administraci\u00f3n Municipal a trav\u00e9s<br>de la Direcci\u00f3n de Turismo y el Gobierno del Estado, mediante la Secretar\u00eda de<br>Cultura, as\u00ed como con la participaci\u00f3n de organismos empresariales e Iniciativa<br>Privada, tambi\u00e9n con el prop\u00f3sito de incentivar la cultura entorno al sotol.<\/p>\n\n\n\n<p>El director de Turismo de Torre\u00f3n, Luis T\u00e9llez Montes, indic\u00f3 que la dependencia<br>apoya este tipo de iniciativas pues adem\u00e1s promueven la atracci\u00f3n de visitantes la<br>ciudad.<\/p>\n\n\n\n<p>\u201cNo s\u00f3lo se genera la participaci\u00f3n de expertos, sino que se involucra a los<br>participantes, a que vivan la experiencia en los talleres, pl\u00e1ticas, degustaciones y<br>el gusto por la mixolog\u00eda con esta emblem\u00e1tica bebida\u201d, indic\u00f3.<\/p>\n\n\n\n<p>T\u00e9llez Montes destac\u00f3 que hay que resaltar la iniciativa del R\u00e9cord Guinnes que<br>tiene Torre\u00f3n por el shot de sotol m\u00e1s grande del mundo, y dijo que esto ayuda al<br>fomento de la bebida a nivel internacional.<\/p>\n\n\n\n<p>Por su parte, el titular del Organismo Mexicano Certificador para la Preservaci\u00f3n y<br>Regulaci\u00f3n del Sotol (OMECS), Rodolfo Haro Pamanes, dijo que se ha elevado ya<br>la producci\u00f3n de sotol, porque adem\u00e1s de ser un producto en tendencia, el<br>esfuerzo se ha dirigido a informar a la ciudadan\u00eda para que siga protegiendo su<br>producci\u00f3n, desde el origen de la planta.<\/p>\n\n\n\n<p>&#8220;El sotol ha tomado una gran relevancia y como dice la revista Forbes, est\u00e1 listo<br>para desbancar a otros destilados&#8221;, apunt\u00f3.<\/p>\n\n\n\n<p>Participaron 10 productores, quienes llevaron a cabo una mesa redonda con la<br>interacci\u00f3n de los asistentes, un taller de mixolog\u00eda con t\u00e9cnicas innovadoras y el<br>concurso de mixolog\u00eda Sotol GrandMix, del cual resultaron ganadores como primer<br>lugar, Restaurante Vicente; segundo lugar, Mixolog\u00eda Des\u00e9rtica y tercer lugar,<br>Facultad de Contadur\u00eda y Administraci\u00f3n de la UadeC.<\/p>\n\n\n\n<p>Estuvo presente Miguel Vesu\u00f1a Rivero, propietario de la destiler\u00eda Rey David;<br>Alfredo Allen, de Sotol Barrio M\u00e9xico; Hugo Vel\u00e1zquez, representante de la<br>destiler\u00eda Hacienda de Canutillo; as\u00ed como productores, investigadores y p\u00fablico<br>general.<\/p>\n\n\n\n<p>Participaron tambi\u00e9n la C\u00e1mara Nacional de la Industria de Restaurantes y<br>Alimentos Condimentados (CANIRAC) y la destiler\u00eda Hacienda de Canutillo.<\/p>\n","protected":false},"excerpt":{"rendered":"<p>Torre\u00f3n, Coahuila. A 29 de noviembre de 2023. Con el fin de contribuir en el posicionamiento de Coahuila, como uno de los tresestados que cuenta con la denominaci\u00f3n de origen del sotol, el d\u00eda de ayer tuvolugar una serie de actividades para celebrar la segunda edici\u00f3n del Sotol FestTorre\u00f3n, en las instalaciones del hotel Real Inn. La edici\u00f3n se realiz\u00f3 con la coordinaci\u00f3n entre la Administraci\u00f3n Municipal a trav\u00e9sde la&#8230;<\/p>\n","protected":false},"author":1,"featured_media":18331,"comment_status":"closed","ping_status":"closed","sticky":false,"template":"","format":"standard","meta":{"footnotes":""},"categories":[5,28,7],"tags":[],"class_list":["post-18330","post","type-post","status-publish","format-standard","has-post-thumbnail","hentry","category-coahuila","category-la-laguna","category-torreon","wpcat-5-id","wpcat-28-id","wpcat-7-id"],"_links":{"self":[{"href":"https:\/\/www.aquilaguna.com\/index.php\/wp-json\/wp\/v2\/posts\/18330","targetHints":{"allow":["GET"]}}],"collection":[{"href":"https:\/\/www.aquilaguna.com\/index.php\/wp-json\/wp\/v2\/posts"}],"about":[{"href":"https:\/\/www.aquilaguna.com\/index.php\/wp-json\/wp\/v2\/types\/post"}],"author":[{"embeddable":true,"href":"https:\/\/www.aquilaguna.com\/index.php\/wp-json\/wp\/v2\/users\/1"}],"replies":[{"embeddable":true,"href":"https:\/\/www.aquilaguna.com\/index.php\/wp-json\/wp\/v2\/comments?post=18330"}],"version-history":[{"count":1,"href":"https:\/\/www.aquilaguna.com\/index.php\/wp-json\/wp\/v2\/posts\/18330\/revisions"}],"predecessor-version":[{"id":18332,"href":"https:\/\/www.aquilaguna.com\/index.php\/wp-json\/wp\/v2\/posts\/18330\/revisions\/18332"}],"wp:featuredmedia":[{"embeddable":true,"href":"https:\/\/www.aquilaguna.com\/index.php\/wp-json\/wp\/v2\/media\/18331"}],"wp:attachment":[{"href":"https:\/\/www.aquilaguna.com\/index.php\/wp-json\/wp\/v2\/media?parent=18330"}],"wp:term":[{"taxonomy":"category","embeddable":true,"href":"https:\/\/www.aquilaguna.com\/index.php\/wp-json\/wp\/v2\/categories?post=18330"},{"taxonomy":"post_tag","embeddable":true,"href":"https:\/\/www.aquilaguna.com\/index.php\/wp-json\/wp\/v2\/tags?post=18330"}],"curies":[{"name":"wp","href":"https:\/\/api.w.org\/{rel}","templated":true}]}}