{"id":184,"date":"2021-02-08T19:34:47","date_gmt":"2021-02-09T01:34:47","guid":{"rendered":"http:\/\/34.69.167.107\/?p=184"},"modified":"2021-02-08T19:34:47","modified_gmt":"2021-02-09T01:34:47","slug":"clausuran-bares-y-dispersan-fiestas-por-incumplir-protocolos-sanitarios","status":"publish","type":"post","link":"https:\/\/www.aquilaguna.com\/index.php\/2021\/02\/08\/clausuran-bares-y-dispersan-fiestas-por-incumplir-protocolos-sanitarios\/","title":{"rendered":"Clausuran bares y dispersan fiestas por incumplir protocolos sanitarios"},"content":{"rendered":"\n<p>\u00b7\u00a0\u00a0\u00a0\u00a0\u00a0\u00a0\u00a0\u00a0\u00a0<em>Se clausur\u00f3 un bar y se levantaron actas en otros dos por incumplir.<\/em><\/p>\n\n\n\n<p>\u00b7&nbsp;&nbsp;&nbsp;&nbsp;&nbsp;&nbsp;&nbsp;&nbsp;&nbsp;<em>Se amonestaron a seis viviendas particulares, hac\u00edan reuniones sin acatar medidas sanitarias.<\/em><\/p>\n\n\n\n<p>Como parte de las acciones de prevenci\u00f3n que realiza el municipio para evitar contagios de COVID-19, se anunci\u00f3 que se revisar\u00e1n todos los comercios implicados en la celebraci\u00f3n del 14 de febrero como: florer\u00edas, pasteler\u00edas, tiendas de regalos y de conveniencia.<\/p>\n\n\n\n<p>\u201cEl objetivo es proteger a la poblaci\u00f3n, pedir que los comercios no relajen las medidas sanitarias para evitar contagios, que la ciudadan\u00eda nos ayude a mantener a raya al coronavirus no bajando la guardia, no est\u00e1n permitidas las fiestas masivas en viviendas, hacemos un llamado a cuidar la salud de todos\u201d, manifest\u00f3 el director de Inspecci\u00f3n y Verificaci\u00f3n, Antonio L\u00f3pez Gonz\u00e1lez.<\/p>\n\n\n\n<p>La autoridad municipal decidi\u00f3 reforzar las acciones de prevenci\u00f3n y vigilancia, ya que este fin de semana se llev\u00f3 a cabo el S\u00faper Bowl y el d\u00eda 14 de febrero, son fechas que tradicionalmente congregan personas, sin embargo por motivo de la pandemia, las cosas deben cambiar y apegarse a lo estipulado por el Subcomit\u00e9 de Salud en La Laguna.<\/p>\n\n\n\n<p>En las revisiones realizadas las noches de los pasados d\u00edas viernes y s\u00e1bado, as\u00ed como el domingo por la tarde, se clausur\u00f3 un bar en la avenida Victoria, en la zona centro, por no respetar los horarios, se levant\u00f3 un acta en un bar ubicado en la calzada Saltillo 400, por no contar con su refrendo de licencia y tambi\u00e9n se dej\u00f3 acta en otro de la calle Leona Vicario, de la zona centro, por no respetar los protocolos sanitarios.<\/p>\n\n\n\n<p>En cuanto a los domicilios particulares, se dispers\u00f3 una boda en la v\u00eda p\u00fablica a la que asistieron m\u00e1s de 20 personas en la colonia Moderna; se levant\u00f3 un acta por una reuni\u00f3n con m\u00fasica en vivo en el ejido La Uni\u00f3n y se dej\u00f3 otra m\u00e1s en una vivienda de la colonia Jardines del Sol, por una reuni\u00f3n con m\u00e1s de 30 asistentes; de igual forma se amonest\u00f3 al organizador de una reuni\u00f3n por no respetar los protocolos sanitarios en una casa de la colonia Nueva California, as\u00ed como otras dos en los fraccionamientos Villas San Agust\u00edn y Santa Fe, respectivamente.<\/p>\n\n\n\n<p>El titular de Inspecci\u00f3n y Verificaci\u00f3n, se\u00f1al\u00f3 que mantendr\u00e1n la vigilancia y ma\u00f1ana martes sostendr\u00e1n una reuni\u00f3n con empresarios dedicados a la venta de flores y pasteles, as\u00ed como de nuevo con los representantes restauranteros.<\/p>\n\n\n\n<p>\u201cVamos a hacerles el recordatorio de los protocolos y buscamos que no se den aglomeraciones, no pretendemos que se frene la actividad econ\u00f3mica, s\u00f3lo pedimos que mantengan las medidas que ha dictado el Subcomit\u00e9 de Salud\u201d, declar\u00f3 Antonio L\u00f3pez.<\/p>\n","protected":false},"excerpt":{"rendered":"<p>\u00b7\u00a0\u00a0\u00a0\u00a0\u00a0\u00a0\u00a0\u00a0\u00a0Se clausur\u00f3 un bar y se levantaron actas en otros dos por incumplir. \u00b7&nbsp;&nbsp;&nbsp;&nbsp;&nbsp;&nbsp;&nbsp;&nbsp;&nbsp;Se amonestaron a seis viviendas particulares, hac\u00edan reuniones sin acatar medidas sanitarias. Como parte de las acciones de prevenci\u00f3n que realiza el municipio para evitar contagios de COVID-19, se anunci\u00f3 que se revisar\u00e1n todos los comercios implicados en la celebraci\u00f3n del 14 de febrero como: florer\u00edas, pasteler\u00edas, tiendas de regalos y de conveniencia. \u201cEl objetivo es proteger&#8230;<\/p>\n","protected":false},"author":1,"featured_media":185,"comment_status":"closed","ping_status":"","sticky":false,"template":"","format":"standard","meta":{"footnotes":""},"categories":[4,7],"tags":[],"class_list":["post-184","post","type-post","status-publish","format-standard","has-post-thumbnail","hentry","category-covid","category-torreon","wpcat-4-id","wpcat-7-id"],"_links":{"self":[{"href":"https:\/\/www.aquilaguna.com\/index.php\/wp-json\/wp\/v2\/posts\/184","targetHints":{"allow":["GET"]}}],"collection":[{"href":"https:\/\/www.aquilaguna.com\/index.php\/wp-json\/wp\/v2\/posts"}],"about":[{"href":"https:\/\/www.aquilaguna.com\/index.php\/wp-json\/wp\/v2\/types\/post"}],"author":[{"embeddable":true,"href":"https:\/\/www.aquilaguna.com\/index.php\/wp-json\/wp\/v2\/users\/1"}],"replies":[{"embeddable":true,"href":"https:\/\/www.aquilaguna.com\/index.php\/wp-json\/wp\/v2\/comments?post=184"}],"version-history":[{"count":1,"href":"https:\/\/www.aquilaguna.com\/index.php\/wp-json\/wp\/v2\/posts\/184\/revisions"}],"predecessor-version":[{"id":186,"href":"https:\/\/www.aquilaguna.com\/index.php\/wp-json\/wp\/v2\/posts\/184\/revisions\/186"}],"wp:featuredmedia":[{"embeddable":true,"href":"https:\/\/www.aquilaguna.com\/index.php\/wp-json\/wp\/v2\/media\/185"}],"wp:attachment":[{"href":"https:\/\/www.aquilaguna.com\/index.php\/wp-json\/wp\/v2\/media?parent=184"}],"wp:term":[{"taxonomy":"category","embeddable":true,"href":"https:\/\/www.aquilaguna.com\/index.php\/wp-json\/wp\/v2\/categories?post=184"},{"taxonomy":"post_tag","embeddable":true,"href":"https:\/\/www.aquilaguna.com\/index.php\/wp-json\/wp\/v2\/tags?post=184"}],"curies":[{"name":"wp","href":"https:\/\/api.w.org\/{rel}","templated":true}]}}