{"id":18432,"date":"2023-12-06T18:41:03","date_gmt":"2023-12-07T00:41:03","guid":{"rendered":"https:\/\/www.aquilaguna.com\/?p=18432"},"modified":"2023-12-06T18:41:04","modified_gmt":"2023-12-07T00:41:04","slug":"realizan-labores-de-restauracion-en-el-museo-de-la-casa-del-cerro","status":"publish","type":"post","link":"https:\/\/www.aquilaguna.com\/index.php\/2023\/12\/06\/realizan-labores-de-restauracion-en-el-museo-de-la-casa-del-cerro\/","title":{"rendered":"Realizan labores de restauraci\u00f3n en el Museo de la Casa del Cerro."},"content":{"rendered":"\n<p>Torre\u00f3n, Coahuila. A 06 de diciembre de 2023.<\/p>\n\n\n\n<p>Como parte de la atenci\u00f3n que se le da a los diversos espacios culturales que<br>opera el Municipio, la Direcci\u00f3n de Obras P\u00fablicas implementa acciones de<br>restauraci\u00f3n, rehabilitaci\u00f3n, mantenimiento y seguridad en las instalaciones del<br>Museo Casa del Cerro.<\/p>\n\n\n\n<p>Juan Adolfo Von Bertrab Saracho, director de la dependencia, inform\u00f3 que la<br>emblem\u00e1tica edificaci\u00f3n que se termin\u00f3 de construir en 1905, por iniciativa de<br>Federico Wulff Olivarri, mostraba da\u00f1os estructurales en algunas partes debido a<br>su antig\u00fcedad y a la falta de atenci\u00f3n.<\/p>\n\n\n\n<p>Se\u00f1al\u00f3 que uno de los espacios que presenta mayor da\u00f1o debido a la humedad es<br>el balc\u00f3n, indic\u00f3 que en el lugar se detect\u00f3 un da\u00f1o estructural y se decidi\u00f3<br>reemplazar las vigas da\u00f1adas por otras piezas nuevas y de mayor resistencia, de<br>la misma manera se trabaja en el \u00e1rea para cambiar el piso en su totalidad, el cual<br>tambi\u00e9n se encuentra muy deteriorado.<\/p>\n\n\n\n<p>En lo que se refiere a trabajos de restauraci\u00f3n, el funcionario dijo que todas las<br>puertas y ventanas son intervenidas con el retiro de acabado existente, resanes,<br>aplicaci\u00f3n de pintura y reposici\u00f3n de piezas de madera. A\u00f1adio que con dicho<br>tratamiento no solo mejorar\u00e1 la est\u00e9tica de puertas y ventanas, sino tambi\u00e9n su<br>durabilidad.<\/p>\n\n\n\n<p>Detall\u00f3 que las acciones tambi\u00e9n contemplan trabajos de pintura en todo el interior<br>del edificio.<\/p>\n\n\n\n<p>Von Bertab Saracho dijo que la seguridad del museo es primordial, por lo que se<br>construye una barda perimetral en el cerro colindante y protecciones de herreria<br>en todas las ventanas, para inhibir el riesgo de robo y allanamiento al interior.<\/p>\n\n\n\n<p>Agreg\u00f3 que la intervenci\u00f3n para mejorar la estructura y est\u00e9tica del edificio, se<br>hace bajo supervisi\u00f3n y respeto de los lineamientos que marca el Instituto<br>Nacional de Antropolog\u00eda e Historia (INAH).<\/p>\n\n\n\n<p>Finalmente dijo que el avance actualmente es del 70 por ciento y se estima que la<br>conclusi\u00f3n de los trabajos sea a finales del presente mes.<\/p>\n","protected":false},"excerpt":{"rendered":"<p>Torre\u00f3n, Coahuila. A 06 de diciembre de 2023. Como parte de la atenci\u00f3n que se le da a los diversos espacios culturales queopera el Municipio, la Direcci\u00f3n de Obras P\u00fablicas implementa acciones derestauraci\u00f3n, rehabilitaci\u00f3n, mantenimiento y seguridad en las instalaciones delMuseo Casa del Cerro. Juan Adolfo Von Bertrab Saracho, director de la dependencia, inform\u00f3 que laemblem\u00e1tica edificaci\u00f3n que se termin\u00f3 de construir en 1905, por iniciativa deFederico Wulff Olivarri, mostraba&#8230;<\/p>\n","protected":false},"author":1,"featured_media":18433,"comment_status":"closed","ping_status":"closed","sticky":false,"template":"","format":"standard","meta":{"footnotes":""},"categories":[5,28,7],"tags":[],"class_list":["post-18432","post","type-post","status-publish","format-standard","has-post-thumbnail","hentry","category-coahuila","category-la-laguna","category-torreon","wpcat-5-id","wpcat-28-id","wpcat-7-id"],"_links":{"self":[{"href":"https:\/\/www.aquilaguna.com\/index.php\/wp-json\/wp\/v2\/posts\/18432","targetHints":{"allow":["GET"]}}],"collection":[{"href":"https:\/\/www.aquilaguna.com\/index.php\/wp-json\/wp\/v2\/posts"}],"about":[{"href":"https:\/\/www.aquilaguna.com\/index.php\/wp-json\/wp\/v2\/types\/post"}],"author":[{"embeddable":true,"href":"https:\/\/www.aquilaguna.com\/index.php\/wp-json\/wp\/v2\/users\/1"}],"replies":[{"embeddable":true,"href":"https:\/\/www.aquilaguna.com\/index.php\/wp-json\/wp\/v2\/comments?post=18432"}],"version-history":[{"count":1,"href":"https:\/\/www.aquilaguna.com\/index.php\/wp-json\/wp\/v2\/posts\/18432\/revisions"}],"predecessor-version":[{"id":18434,"href":"https:\/\/www.aquilaguna.com\/index.php\/wp-json\/wp\/v2\/posts\/18432\/revisions\/18434"}],"wp:featuredmedia":[{"embeddable":true,"href":"https:\/\/www.aquilaguna.com\/index.php\/wp-json\/wp\/v2\/media\/18433"}],"wp:attachment":[{"href":"https:\/\/www.aquilaguna.com\/index.php\/wp-json\/wp\/v2\/media?parent=18432"}],"wp:term":[{"taxonomy":"category","embeddable":true,"href":"https:\/\/www.aquilaguna.com\/index.php\/wp-json\/wp\/v2\/categories?post=18432"},{"taxonomy":"post_tag","embeddable":true,"href":"https:\/\/www.aquilaguna.com\/index.php\/wp-json\/wp\/v2\/tags?post=18432"}],"curies":[{"name":"wp","href":"https:\/\/api.w.org\/{rel}","templated":true}]}}