{"id":18513,"date":"2023-12-11T21:03:06","date_gmt":"2023-12-12T03:03:06","guid":{"rendered":"https:\/\/www.aquilaguna.com\/?p=18513"},"modified":"2023-12-11T21:09:52","modified_gmt":"2023-12-12T03:09:52","slug":"preparan-propuesta-para-constitui-nuevamente-la-secretaria-de-desarrollo-regional-en-la-laguna","status":"publish","type":"post","link":"https:\/\/www.aquilaguna.com\/index.php\/2023\/12\/11\/preparan-propuesta-para-constitui-nuevamente-la-secretaria-de-desarrollo-regional-en-la-laguna\/","title":{"rendered":"Preparan propuesta para constitu\u00edr nuevamente la Secretar\u00eda de Desarrollo Regional en La Laguna."},"content":{"rendered":"\n<p>Torre\u00f3n, Coahuila.- Ya prepara el Gobierno de Coahuila, la propuesta\u00a0 que estar\u00e1 enviando al Congreso de Coahuila, para la\u00a0 constituci\u00f3n, de\u00a0 nueva cuenta, de\u00a0 una\u00a0 Secretar\u00eda de Desarrollo Regional, que tendr\u00e1 como sede esta ciudad y funciones en toda \u00a0 la zona lagunera, \u00a0 inform\u00f3 el Gobernador Manolo Jim\u00e9nez Salinas.<\/p>\n\n\n\n<p>Preguntado este \u00a0 d\u00eda, luego de asistir al Segundo Informe de resultados del alcalde Rom\u00e1n Alberto Cepeda Gonz\u00e1lez,\u00a0 dio a conocer lo anterior al ser preguntado sobre el tema, y una vez que \u00a0 quien sea su titular, una vez creada ya ha sido designado en la persona del licenciado Eduardo Olmos Castro.<\/p>\n\n\n\n<p>Indic\u00f3 el gobernante \u00a0que la gesti\u00f3n \u00a0 citada, &#8220;la estar\u00e9 realizando en estos d\u00edas, estamos trabajando en un proyecto de una Ley Org\u00e1nica, que no solo se solicita la creaci\u00f3n de la Secretar\u00eda, que para mi es muy importante y hay otras reformitas por ah\u00ed&#8221;.<\/p>\n\n\n\n<p><strong>LOS MIGRANTES.<\/strong><\/p>\n\n\n\n<p>En este tema,\u00a0 inform\u00f3 que,\u00a0 &#8220;viene desde lejos, desde hace varios a\u00f1os&#8221;, \u00a0 recordando que como alcalde ya lo conoci\u00f3. &#8220;Es un tema hist\u00f3rico&#8221;, dijo<\/p>\n\n\n\n<p>&#8220;Eso no ha dejado de suceder,\u00a0 pero el problema viene\u00a0 cuando hay  picos altos. Normalmente hay un flujo de \u00a0 1,500 migrantes, n\u00famero\u00a0 que puede procesar Estados Unidos\u00a0 que les est\u00e1 abriendo la puerta y los est\u00e1 registrando&#8221;.<\/p>\n\n\n\n<p>Entonces, dijo, &#8220;los problemas vienen cuando vienen m\u00e1s y eso, sucedi\u00f3 hace unas semanas&#8221;. Record\u00f3 que cuando inici\u00f3 su gubernatura con un pico alto. &#8220;Llegaron 3,300 migrantes, entonces las autoridades norteamericanas \u00a0 han tomado cartas s sobre el asunto, nos cierran los puentes, hay inspecciones&#8221;.<\/p>\n\n\n\n<p>Ya ahorita,\u00a0 inform\u00f3 el Gobernador Jim\u00e9nez Salinas, &#8220;se han liberado las\u00a0 inspecciones, ya hablamos con el gobierno de Texas y hubo un operativo muy importante que dirigi\u00f3 Sonia Villarreal, que es la comisionada para la relaci\u00f3n Coahuila&#8221;.\u00a0<\/p>\n\n\n\n<p>&#8220;Estuvo participando\u00a0 el Secretario de Gobierno, el Ej\u00e9rcito, la Polic\u00eda Estatal\u00a0 y con ello se logr\u00f3 llevar el flujo de migrantes\u00a0 al promedio, lo que ayud\u00f3\u00a0 para que las gestiones\u00a0 que hicimos con el Gobernador Abbot \u00a0 y su equipo liberaran las inspecciones r\u00e1pido&#8221;.<\/p>\n\n\n\n<p>Pero agreg\u00f3, &#8220;hay que estar al pendiente, siguen llegando\u00a0 pero\u00a0el pico ya se logr\u00f3\u00a0 equilibrar&#8221;.<\/p>\n\n\n\n<p>&#8220;Estamos atentos al tema, en coordinaci\u00f3n con el gobierno federal. Estamos esperando que nos abran el puente en Piedras Negras, que es muy importante\u00a0 y\u00a0 hemos estado muy pegados&#8221;.<\/p>\n","protected":false},"excerpt":{"rendered":"<p>Torre\u00f3n, Coahuila.- Ya prepara el Gobierno de Coahuila, la propuesta\u00a0 que estar\u00e1 enviando al Congreso de Coahuila, para la\u00a0 constituci\u00f3n, de\u00a0 nueva cuenta, de\u00a0 una\u00a0 Secretar\u00eda de Desarrollo Regional, que tendr\u00e1 como sede esta ciudad y funciones en toda \u00a0 la zona lagunera, \u00a0 inform\u00f3 el Gobernador Manolo Jim\u00e9nez Salinas. Preguntado este \u00a0 d\u00eda, luego de asistir al Segundo Informe de resultados del alcalde Rom\u00e1n Alberto Cepeda Gonz\u00e1lez,\u00a0 dio a&#8230;<\/p>\n","protected":false},"author":2,"featured_media":0,"comment_status":"closed","ping_status":"closed","sticky":false,"template":"","format":"standard","meta":{"footnotes":""},"categories":[5,15],"tags":[],"class_list":["post-18513","post","type-post","status-publish","format-standard","hentry","category-coahuila","category-gobierno-de-coahuila","wpcat-5-id","wpcat-15-id"],"_links":{"self":[{"href":"https:\/\/www.aquilaguna.com\/index.php\/wp-json\/wp\/v2\/posts\/18513","targetHints":{"allow":["GET"]}}],"collection":[{"href":"https:\/\/www.aquilaguna.com\/index.php\/wp-json\/wp\/v2\/posts"}],"about":[{"href":"https:\/\/www.aquilaguna.com\/index.php\/wp-json\/wp\/v2\/types\/post"}],"author":[{"embeddable":true,"href":"https:\/\/www.aquilaguna.com\/index.php\/wp-json\/wp\/v2\/users\/2"}],"replies":[{"embeddable":true,"href":"https:\/\/www.aquilaguna.com\/index.php\/wp-json\/wp\/v2\/comments?post=18513"}],"version-history":[{"count":2,"href":"https:\/\/www.aquilaguna.com\/index.php\/wp-json\/wp\/v2\/posts\/18513\/revisions"}],"predecessor-version":[{"id":18521,"href":"https:\/\/www.aquilaguna.com\/index.php\/wp-json\/wp\/v2\/posts\/18513\/revisions\/18521"}],"wp:attachment":[{"href":"https:\/\/www.aquilaguna.com\/index.php\/wp-json\/wp\/v2\/media?parent=18513"}],"wp:term":[{"taxonomy":"category","embeddable":true,"href":"https:\/\/www.aquilaguna.com\/index.php\/wp-json\/wp\/v2\/categories?post=18513"},{"taxonomy":"post_tag","embeddable":true,"href":"https:\/\/www.aquilaguna.com\/index.php\/wp-json\/wp\/v2\/tags?post=18513"}],"curies":[{"name":"wp","href":"https:\/\/api.w.org\/{rel}","templated":true}]}}