{"id":18542,"date":"2023-12-13T18:45:19","date_gmt":"2023-12-14T00:45:19","guid":{"rendered":"https:\/\/www.aquilaguna.com\/?p=18542"},"modified":"2023-12-13T18:45:19","modified_gmt":"2023-12-14T00:45:19","slug":"saltillo-unido-a-pasos-de-gigante-manolo-jimenez","status":"publish","type":"post","link":"https:\/\/www.aquilaguna.com\/index.php\/2023\/12\/13\/saltillo-unido-a-pasos-de-gigante-manolo-jimenez\/","title":{"rendered":"SALTILLO UNIDO A PASOS DE GIGANTE: MANOLO JIM\u00c9NEZ."},"content":{"rendered":"\n<p>Gobernador del Estado acompa\u00f1a a Jos\u00e9 Mar\u00eda Fraustro en su segundo informe de resultados y le reitera su total respaldo para seguir llevando a Saltillo al siguiente nivel<\/p>\n\n\n\n<p>Saltillo, Coahuila de Zaragoza; a 13 de Diciembre de 2023.- El gobernador Manolo Jim\u00e9nez Salinas acompa\u00f1\u00f3 al alcalde Jos\u00e9 Mar\u00eda Fraustro Siller en su segundo Informe de Resultados, en donde reiter\u00f3 su compromiso de trabajo coordinado con las alcaldesas y alcaldes de la entidad, tal como lo est\u00e1 haciendo en la capital del Estado, para que Saltillo siga pa\u2019delante con todo.<\/p>\n\n\n\n<p>Jim\u00e9nez Salinas destac\u00f3 y reconoci\u00f3 el empuje que tiene Saltillo en temas como seguridad, atracci\u00f3n de inversiones, empleo, competitividad y bienestar social, y anunci\u00f3 que vienen grandes obras y acciones para esta ciudad, y que muchas arrancar\u00e1n dentro de sus primeros cien d\u00edas de administraci\u00f3n.<\/p>\n\n\n\n<p>Indic\u00f3 que se le dar\u00e1 continuidad a los temas m\u00e1s importantes como el de la seguridad, en el que, junto al alcalde Jos\u00e9 Mar\u00eda Fraustro, se construir\u00e1 un cuartel para el Ej\u00e9rcito en los l\u00edmites de Saltillo con Zacatecas, y el de la Polic\u00eda Estatal en la capital del Estado; entre muchas otras acciones.<\/p>\n\n\n\n<p>Inform\u00f3 que para Saltillo vienen grandes obras como la conexi\u00f3n del bulevar Nazario Ortiz Garza con colonias como Saltillo 2000, Sat\u00e9lite Norte, La Valencia, entre otras; la ampliaci\u00f3n de la carretera Saltillo-Derramadero; obras de agua, drenaje, pavimento, electrificaci\u00f3n y centros comunitarios para mejorar las condiciones de las colonias y los barrios; adem\u00e1s de programas sociales como el de leche, huevo, el despenz\u00f3n, la tarjeta de la salud popular, entro otros m\u00e1s.<\/p>\n\n\n\n<p>De la misma manera, pidi\u00f3 unidad y participaci\u00f3n a las y los coahuilenses para poder lograr mejores condiciones de desarrollo para todos.<\/p>\n\n\n\n<p>\u201cVamos juntos, en equipo, a mejorar la calidad de vida de nuestra gente y a hacer de Coahuila el mejor lugar para vivir en M\u00e9xico. Coahuila pa\u00b4delante, a pasos de gigante\u201d, expres\u00f3 el gobernador Manolo Jim\u00e9nez Salinas.<\/p>\n\n\n\n<p>Jos\u00e9 Mar\u00eda Fraustro Siller, en su mensaje agradeci\u00f3 el apoyo de Manolo Jim\u00e9nez y asegur\u00f3 que, junto con el Gobernador del Estado, Saltillo seguir\u00e1 siendo la mejor capital del Pa\u00eds.<\/p>\n\n\n\n<p>\u201cContigo al frente Gobernador, Saltillo y Coahuila no solo so\u00f1ar\u00e1n con un futuro brillante, sino que tambi\u00e9n lo har\u00e1n realidad&#8221;, mencion\u00f3.<\/p>\n\n\n\n<p>El alcalde destac\u00f3 que con el firme apoyo de la ciudadan\u00eda y del gobernador Manolo Jim\u00e9nez, Saltillo continuar\u00e1 siendo un ejemplo no solo a nivel nacional.<\/p>\n\n\n\n<p>\u201cGobernador, ten total seguridad de que cuentas con nosotros para cumplir con tu plan de gobierno. Estamos listos para iniciar esta nueva era para Coahuila con vientos de paz y prosperidad. Respaldaremos tus decisiones con responsabilidad y con la certeza que todos queremos ver a Coahuila y Saltillo avanzando a pasos de gigante\u201d, extern\u00f3.<\/p>\n\n\n\n<p>Finalmente, Fraustro Siller anunci\u00f3 que de la mano del Gobernador se realizar\u00e1 una reingenier\u00eda profunda del sistema de transporte p\u00fablico para Saltillo.<\/p>\n","protected":false},"excerpt":{"rendered":"<p>Gobernador del Estado acompa\u00f1a a Jos\u00e9 Mar\u00eda Fraustro en su segundo informe de resultados y le reitera su total respaldo para seguir llevando a Saltillo al siguiente nivel Saltillo, Coahuila de Zaragoza; a 13 de Diciembre de 2023.- El gobernador Manolo Jim\u00e9nez Salinas acompa\u00f1\u00f3 al alcalde Jos\u00e9 Mar\u00eda Fraustro Siller en su segundo Informe de Resultados, en donde reiter\u00f3 su compromiso de trabajo coordinado con las alcaldesas y alcaldes de&#8230;<\/p>\n","protected":false},"author":1,"featured_media":18543,"comment_status":"closed","ping_status":"closed","sticky":false,"template":"","format":"standard","meta":{"footnotes":""},"categories":[5,15,60],"tags":[],"class_list":["post-18542","post","type-post","status-publish","format-standard","has-post-thumbnail","hentry","category-coahuila","category-gobierno-de-coahuila","category-saltillo","wpcat-5-id","wpcat-15-id","wpcat-60-id"],"_links":{"self":[{"href":"https:\/\/www.aquilaguna.com\/index.php\/wp-json\/wp\/v2\/posts\/18542","targetHints":{"allow":["GET"]}}],"collection":[{"href":"https:\/\/www.aquilaguna.com\/index.php\/wp-json\/wp\/v2\/posts"}],"about":[{"href":"https:\/\/www.aquilaguna.com\/index.php\/wp-json\/wp\/v2\/types\/post"}],"author":[{"embeddable":true,"href":"https:\/\/www.aquilaguna.com\/index.php\/wp-json\/wp\/v2\/users\/1"}],"replies":[{"embeddable":true,"href":"https:\/\/www.aquilaguna.com\/index.php\/wp-json\/wp\/v2\/comments?post=18542"}],"version-history":[{"count":1,"href":"https:\/\/www.aquilaguna.com\/index.php\/wp-json\/wp\/v2\/posts\/18542\/revisions"}],"predecessor-version":[{"id":18544,"href":"https:\/\/www.aquilaguna.com\/index.php\/wp-json\/wp\/v2\/posts\/18542\/revisions\/18544"}],"wp:featuredmedia":[{"embeddable":true,"href":"https:\/\/www.aquilaguna.com\/index.php\/wp-json\/wp\/v2\/media\/18543"}],"wp:attachment":[{"href":"https:\/\/www.aquilaguna.com\/index.php\/wp-json\/wp\/v2\/media?parent=18542"}],"wp:term":[{"taxonomy":"category","embeddable":true,"href":"https:\/\/www.aquilaguna.com\/index.php\/wp-json\/wp\/v2\/categories?post=18542"},{"taxonomy":"post_tag","embeddable":true,"href":"https:\/\/www.aquilaguna.com\/index.php\/wp-json\/wp\/v2\/tags?post=18542"}],"curies":[{"name":"wp","href":"https:\/\/api.w.org\/{rel}","templated":true}]}}