{"id":18548,"date":"2023-12-13T20:32:23","date_gmt":"2023-12-14T02:32:23","guid":{"rendered":"https:\/\/www.aquilaguna.com\/?p=18548"},"modified":"2023-12-13T20:32:23","modified_gmt":"2023-12-14T02:32:23","slug":"aqui-laguna-276","status":"publish","type":"post","link":"https:\/\/www.aquilaguna.com\/index.php\/2023\/12\/13\/aqui-laguna-276\/","title":{"rendered":"Aqu\u00ed Laguna."},"content":{"rendered":"\n<p>\u00a1Y a algunos nom\u00e1s no se les hizo el\u00a0 esperado milagro! Impetrado a la Virgen de\u00a0 Guadalupe\u00a0 y al resto de\u00a0 Santos y potestades que \u00a0 forman\u00a0 de la corte celestial,\u00a0 a los miembros de la clase pol\u00edtica coahuilense\u00a0 que se sienten con derecho a aspirar\u00a0 a la permanencia en el servicio p\u00fablico o bien\u00a0 al acceso \u00a0 a las candidaturas para cargos de elecci\u00f3n popular, no les queda por ahora esperar\u00a0 lo que\u00a0 les traiga Santa Claus, con todo y que algunos, que se sent\u00edan por dem\u00e1s seguros de trascender en sexenio, en ambos \u00e1mbitos\u00a0 dejaron de escribir la consabida carta de deseos, y deber\u00e1n esperar en angustioso stand by no morir en\u00a0 tal intento, cual si fueran guajolotes, en la v\u00edspera\u00a0 navide\u00f1a. Por ahora, y a solo semana y media de haber tomado las riendas del gobierno\u00a0 de Coahuila, Manolo Jim\u00e9nez Salinas cuenta aun con alg\u00fan margen de maniobra\u00a0 para\u00a0 desfogar las presiones que\u00a0 la tarea de repartir cargos le estar\u00e1 generando no \u00a0 solo ahora, sino desde el momento mismo que se alz\u00f3 como\u00a0 ganador de la pasada contienda \u00a0 bajo la conjunci\u00f3n in\u00e9dita, hist\u00f3ricamente, de\u00a0 no solo\u00a0 de las fuerzas de su partido, el Revolucionario Institucional, sino de los aliados que bajo las\u00a0 circunstancias que impone la condici\u00f3n pol\u00edtica nacional ha impuesto y\u00a0 en este caso de Coahuila, se a\u00f1adi\u00f3 tambi\u00e9n,\u00a0 las generadas por &#8220;la sociedad civil&#8221; ese invertebrado gaseoso, que tambi\u00e9n demanda su inclusi\u00f3n en el organigrama \u00a0 del gobierno estatal, pues se pretende\u00a0 que en este r\u00e9gimen sea\u00a0 el m\u00e1s ciudadanizado de su historia.<\/p>\n\n\n\n<p>Se acab\u00f3 aquello de &#8220;todo para el vencedor&#8221;\u00a0 que posibilitaba que los partidos pol\u00edticos no hicieran alianza  registrada ante \u00f3rganos electorales, como\u00a0 ya se estila el modelo que ante la complejidad y diversidad\u00a0 en el pa\u00eds,\u00a0 parece\u00a0 ha\u00a0 llegado para quedarse. De ah\u00ed que los primeros nombres de quienes estar\u00e1n gobernando Coahuila,\u00a0 haya generado\u00a0 al menos entre los laguneros, seg\u00fan opiniones que\u00a0cual murmullo\u00a0 se expresan, \u00a0 algo m\u00e1s que desilusi\u00f3n no solo por los escasos nombres \u00a0 dados a conocer, sino por\u00a0 las funciones a desempe\u00f1ar, m\u00e1s all\u00e1 de algunos &#8220;repetidores&#8221;, como es el caso de Miguel Algara, con todo y que\u00a0 la Secretar\u00eda de a su cargo, deber\u00e1 desgajarse para dar cabido a las funciones que parece, se le estar\u00e1n asignando a Fernando Guti\u00e9rrez, el Guty, \u00a0 y que seg\u00fan se advierte,\u00a0 la encomienda central en este encargo, ser\u00e1\u00a0 eso de &#8220;echar a andar el BRT&#8221;, \u00a0 y en tanto que\u00a0 desgajado de la Desarrollo Econ\u00f3mico y Competitividad\u00a0 la funci\u00f3n de promoci\u00f3n, a trav\u00e9s de una nueva entidad denominada Pro Coahuila, \u00e9ste a cargo de\u00a0 un ciudadanizado, novato\u00a0 e inesperado participante, m\u00e1s expectativas aun, desatan la reedici\u00f3n de la Secretar\u00eda de Desarrollo Regional,\u00a0 con cobertura sobre toda la zona lagunera, y que seg\u00fan se recuerda en\u00a0 la primera ocasi\u00f3n de sus existencia, por decisi\u00f3n del entonces\u00a0 gobernador Humberto Moreira Valdes, fue desaparecida posteriormente en el siguiente sexenio.<\/p>\n\n\n\n<p>Hoy resulta que ya se ha designado a quien ser\u00e1 su titular, siendo este el Licenciado Eduardo Olmos Castro, y en tanto, el sampetrino Jorge Abdala ser\u00e1 uno de sus subsecretarios. A la fecha,\u00a0 no se conocen las funciones que el gobierno del Estado\u00a0 va a conferir a este, su representaci\u00f3n, y\u00a0 sobre todo que presupuesto le estar\u00e1 asignando para que lo\u00a0 las cumpla,\u00a0 tambi\u00e9n entre las inquietudes, se encuentra\u00a0 que destino tendr\u00e1 el Programa Mejora en la Laguna, pues no se incluy\u00f3\u00a0 representante o coordinador en esta zona del Estado, como si se ha hecho ya en las cuatro restantes.<\/p>\n\n\n\n<p>En fin,\u00a0 m\u00e1s que intenso resultar\u00e1 \u00a0 este\u00a0 largu\u00edsimo mes de diciembre, pues en este\u00a0 per\u00edodo, se estar\u00e1 conociendo ya, y una vez consumada oficialmente la alianza\u00a0 de las fuerzas del PRI, PAN\u00a0 y PRD, quienes ser\u00e1n finalmente los candidatos a diputados federales, en los Distritos electorales federales que tienen como sede Torre\u00f3n y San Pedro. Por lo pronto \u00a0 haya que ver como andan por ah\u00ed\u00a0 en lo que queda\u00a0 de la fuerza panista en Torre\u00f3n, m\u00e1s que esquilmada &#8220;desde en antes&#8221;, \u00a0 sin cuadros\u00a0 juveniles o al menos no muy vistos\u00a0 para sacar de entre estos, a quien resulte ser el candidato de la Alianza, pues se afirma que \u00a0 bajo esta condici\u00f3n\u00a0 el PRI, les estar\u00e1 cediendo una candidatura, bien en el V, o en el\u00a0 VI distito, una vez que en la pasada contienda,\u00a0 solo lograron sumar menos de 30 mil\u00a0 de los 195 mil votos emitidos en el municipio de \u00a0 Torre\u00f3n, pero\u00a0 ya los tiene ah\u00ed, alzando la mano, los licenciados Guillermo Anaya y Jorge Zerme\u00f1o Infante\u00a0 en medio de un escenario en el que se demanda y domina \u00a0y empuja\u00a0 fuerte\u00a0 el relevo generacional.<\/p>\n\n\n\n<p>Por lo pronto se sostienen que\u00a0 habr\u00e1 reelecci\u00f3n en Torre\u00f3n en persona del licenciado Rom\u00e1n Cepeda, de ah\u00ed que el resto de sus contrincantes, que han alzado la mano por lo mismo, es decir,\u00a0 el diputado federal Jos\u00e9 Antonio Guti\u00e9rrez y el aun regidor Enrique Sarmiento Alvarez, al parecer, en esta ocasi\u00f3n &#8220;ya chuparon faros&#8221;. En fin, ya estaremos viendo como se\u00a0 resuelve este dilema si es que lo hubo.<\/p>\n\n\n\n<p>Lo bueno es que entre los de enfrente, es decir, los hoy\u00a0 filomorenistas, Shamir Fern\u00e1ndez, Jorge Luis Mor\u00e1n\u00a0 deber\u00e1n lavarse muy bien no solo la cara, sino sus conciencias, cuando aspiran a ser postulados, alguno de ellos, como candidato a la presidencia\u00a0 de Torre\u00f3n, \u00a0 pero antes deber\u00e1n &#8220;vencer&#8221; en las consabidas encuestas, a otro morenista de nuevo cu\u00f1o, el empresario zapatero y herbolario Miguel\u00a0 Batarse, que insiste en\u00a0 transformarse en dirigente \u00a0 a trav\u00e9s de\u00a0exhibir su imagen montada sobre pl\u00e1sticos y cartones de \u00a0 costosos espectaculares,\u00a0 donde resiste todo tipo de aires, abundantes\u00a0 muy abundantes en esta regi\u00f3n\u00a0 en esta, su campa\u00f1a\u00a0 previa.<\/p>\n\n\n\n<p>Y ni como dejar en el tintero el Informe de Gobierno rendido el pasado lunes, por el alcalde\u00a0 Rom\u00e1n Alberto Cepeda Gonz\u00e1lez,\u00a0 con la asistencia, esperada por lo que tiene de significativa,\u00a0 del Gobernador Manolo Jim\u00e9nez Salinas. Diremos que en principio el acto de masas, estuvo en esta ocasi\u00f3n m\u00e1s organizado que el\u00a0 realizado en su primer a\u00f1o de gesti\u00f3n,\u00a0 y solo cambio de formato en materia de \u00a0 videos y promoci\u00f3n\u00a0 de su imagen, muy a tono con los tiempos que corren en materia de estas tecnolog\u00edas \u00a0 ya que no le compiti\u00f3 visualmente ning\u00fan elemento o factor de los rese\u00f1ados, y que tuvo como fondo espectacular, pantalla que cubri\u00f3 a lo ancho y largo el escenario del Teatro Nazas.<\/p>\n\n\n\n<p>Cabe decir que \u00a0 como nunca cont\u00f3 con\u00a0 invitados extranjeros, eso es, su\u00a0 nueva amiga\u00a0 la Embajadora de Espa\u00f1a en M\u00e9xico,\u00a0 y otro\u00a0 m\u00e1s. Al parecer, en esta ocasi\u00f3n \u00a0 tan\u00a0 la avasalladora producci\u00f3n no corri\u00f3 a cargo de empresa local alguna.\u00a0Y en cuanto al contenido, present\u00f3 los avances \u00a0 en cuanto a los cuatro ejes\u00a0 sobre\u00a0 los que gira sus intenciones de gobierno, am\u00e9n del eje transversal que corresponde a la\u00a0 salud y un merecido\u00a0 agradecimiento a la colaboraci\u00f3n que a su gobierno y\u00a0 a los torreonenses\u00a0 en condici\u00f3n vulnerable presta su esposa, la se\u00f1ora Selina\u00a0 Bremer.\u00a0 <\/p>\n\n\n\n<p>En cuanto a los destacable de la intervenci\u00f3n\u00a0 del alcalde resultaron ser lo\u00a0 avanzado en materia de movilidad, en especial la que demanda la zona norte de la ciudad, en plena expansi\u00f3n como nuevo\u00a0 rumbo a\u00a0 donde se concentra ya, no solo la vivienda residencial, en fraccionamientos cerrados de alta plusval\u00eda \u00a0 sino los tambi\u00e9n\u00a0 mas importantes inversiones en materia de comercio y salud, de ah\u00ed que se justifica, en esta perspectiva, la inversi\u00f3n de m\u00e1s de 250 millones de pesos para\u00a0 la obra cumbre de este r\u00e9gimen municipal, el &#8220;Giro Independencia&#8221;, que afirm\u00f3 ser\u00e1 entregado en poco m\u00e1s de 350 d\u00edas a la fecha.<\/p>\n\n\n\n<p>Diremos que en cuanto al mensaje\u00a0 que el\u00a0 Gobernador Jim\u00e9nez Salinas \u00a0 dirigi\u00f3 a la audiencia, centrada en\u00a0 su compromiso de mantener la seguridad de que la que ha venido disfrutando Coahuila, como prioridad de su\u00a0 gobierno, y el apoyo que estar\u00e1 prestando a los torreonenses en el objetivo que se\u00f1ala la comunidad y hace suyos\u00a0 el gobierno municipal en turno, no sin se\u00f1alar \u00a0 tambi\u00e9n, y esto es lo destacable,\u00a0 su decisi\u00f3n de atender\u00a0 en t\u00e9rminos sociales las necesidades de la poblaci\u00f3n en materia de \u00a0 drenaje, y abasto de agua,\u00a0 destacando luego la emisi\u00f3n de una tarjeta de salud, que \u00a0 har\u00e1 posible acceder a quien sea derechoso de su uso, a los servicios m\u00e9dicos de primer nivel y otros.<\/p>\n\n\n\n<p>Al t\u00e9rmino del acto protocolario, que por fortuna result\u00f3 breve,\u00a0 el alcalde\u00a0 encabezando a sus selectos\u00a0 invitados,\u00a0 entre los que se contaban al ex gobernador Enrique Mart\u00ednez y Mart\u00ednez y\u00a0 los ex alcaldes de Torre\u00f3n\u00a0 sobrevivientes \u00a0 y otros m\u00e1s,\u00a0 \u00a0 les ofreci\u00f3 un banquete, servido en\u00a0 inc\u00f3gnito sitio,  para el resto de los ah\u00ed presentes.<\/p>\n","protected":false},"excerpt":{"rendered":"<p>\u00a1Y a algunos nom\u00e1s no se les hizo el\u00a0 esperado milagro! Impetrado a la Virgen de\u00a0 Guadalupe\u00a0 y al resto de\u00a0 Santos y potestades que \u00a0 forman\u00a0 de la corte celestial,\u00a0 a los miembros de la clase pol\u00edtica coahuilense\u00a0 que se sienten con derecho a aspirar\u00a0 a la permanencia en el servicio p\u00fablico o bien\u00a0 al acceso \u00a0 a las candidaturas para cargos de elecci\u00f3n popular, no les queda por&#8230;<\/p>\n","protected":false},"author":2,"featured_media":0,"comment_status":"closed","ping_status":"","sticky":false,"template":"","format":"standard","meta":{"footnotes":""},"categories":[8],"tags":[],"class_list":["post-18548","post","type-post","status-publish","format-standard","hentry","category-aqui-laguna","wpcat-8-id"],"_links":{"self":[{"href":"https:\/\/www.aquilaguna.com\/index.php\/wp-json\/wp\/v2\/posts\/18548","targetHints":{"allow":["GET"]}}],"collection":[{"href":"https:\/\/www.aquilaguna.com\/index.php\/wp-json\/wp\/v2\/posts"}],"about":[{"href":"https:\/\/www.aquilaguna.com\/index.php\/wp-json\/wp\/v2\/types\/post"}],"author":[{"embeddable":true,"href":"https:\/\/www.aquilaguna.com\/index.php\/wp-json\/wp\/v2\/users\/2"}],"replies":[{"embeddable":true,"href":"https:\/\/www.aquilaguna.com\/index.php\/wp-json\/wp\/v2\/comments?post=18548"}],"version-history":[{"count":1,"href":"https:\/\/www.aquilaguna.com\/index.php\/wp-json\/wp\/v2\/posts\/18548\/revisions"}],"predecessor-version":[{"id":18549,"href":"https:\/\/www.aquilaguna.com\/index.php\/wp-json\/wp\/v2\/posts\/18548\/revisions\/18549"}],"wp:attachment":[{"href":"https:\/\/www.aquilaguna.com\/index.php\/wp-json\/wp\/v2\/media?parent=18548"}],"wp:term":[{"taxonomy":"category","embeddable":true,"href":"https:\/\/www.aquilaguna.com\/index.php\/wp-json\/wp\/v2\/categories?post=18548"},{"taxonomy":"post_tag","embeddable":true,"href":"https:\/\/www.aquilaguna.com\/index.php\/wp-json\/wp\/v2\/tags?post=18548"}],"curies":[{"name":"wp","href":"https:\/\/api.w.org\/{rel}","templated":true}]}}