{"id":1856,"date":"2021-04-28T19:53:17","date_gmt":"2021-04-29T00:53:17","guid":{"rendered":"https:\/\/www.aquilaguna.com\/?p=1856"},"modified":"2021-04-28T19:53:17","modified_gmt":"2021-04-29T00:53:17","slug":"educacion-coahuila-extiende-el-registro-de-ingreso-a-las-escuelas-normales","status":"publish","type":"post","link":"https:\/\/www.aquilaguna.com\/index.php\/2021\/04\/28\/educacion-coahuila-extiende-el-registro-de-ingreso-a-las-escuelas-normales\/","title":{"rendered":"EDUCACI\u00d3N COAHUILA EXTIENDE EL REGISTRO DE INGRESO A LAS ESCUELAS NORMALES."},"content":{"rendered":"\n<p>Saltillo, Coahuila de Zaragoza; a 28 de Abril de 2021. \u2013 Ante la apertura de la Extensi\u00f3n Acu\u00f1a de la Escuela Normal Experimental de San Juan de Sabinas, la Secretar\u00eda de Educaci\u00f3n del Estado, a trav\u00e9s de la Coordinaci\u00f3n General de Educaci\u00f3n Normal y Actualizaci\u00f3n Docente, ampli\u00f3 el per\u00edodo de registro para obtener la ficha para el examen de ingreso hasta el 30 de este mes.<\/p>\n\n\n\n<p>El coordinador general, Jes\u00fas Manuel de la Garza Long, asent\u00f3 que los aspirantes a ingresar a una de las nueve Normales del Estado, y ahora con la Extensi\u00f3n Acu\u00f1a de la Normal de Sabinas, se ampli\u00f3 la convocatoria publicada, para que los aspirantes se registren en la p\u00e1gina&nbsp;<a href=\"http:\/\/www.seducoahuila.gob.mx\/\" target=\"_blank\" rel=\"noreferrer noopener\">www.seducoahuila.gob.mx<\/a>&nbsp;y obtengan ficha para el examen de ingreso.<\/p>\n\n\n\n<p>Record\u00f3 que para dar certidumbre, transparencia, equidad y legalidad al proceso, el examen de selecci\u00f3n lo aplicar\u00e1 el Centro Nacional de Evaluaci\u00f3n para la Educaci\u00f3n Superior (CENEVAL) a trav\u00e9s del examen (EXANI-II), el que valora habilidades y competencias para el aprendizaje y determinar\u00e1 qui\u00e9nes ser\u00e1n los candidatos para ingresar al Ciclo Escolar 2021-2022.<\/p>\n\n\n\n<p>Indic\u00f3 que podr\u00e1n participar quienes hayan concluido satisfactoriamente sus estudios de bachillerato bajo las normas de Control Escolar para las Escuelas Normales.<\/p>\n\n\n\n<p>Tambi\u00e9n tienen posibilidad quienes ahora est\u00e1n inscritos en el \u00faltimo semestre de ese nivel, que terminar\u00e1n sus estudios durante el Ciclo Escolar 2020-2021, y que a la fecha del examen se\u00f1alada en la presente convocatoria, no adeuden asignatura alguna.<\/p>\n\n\n\n<p>Es importante imprimir la ficha de registro, que debe presentarse ya que es requisito indispensable en la Escuela Normal a la que desea ingresar, para la obtenci\u00f3n de la gu\u00eda de estudios.<\/p>\n\n\n\n<p>Tambi\u00e9n se debe proporcionar un correo electr\u00f3nico (espec\u00edficamente gmail) y un n\u00famero telef\u00f3nico para informar sobre el avance y fechas del proceso.<\/p>\n\n\n\n<p>Adem\u00e1s, se debe presentar en una sesi\u00f3n de validaci\u00f3n de documento, que tendr\u00e1 efecto del 10 al 21 de mayo, el certificado de estudios, resoluci\u00f3n de revalidaci\u00f3n de estudios de bachillerato.<\/p>\n\n\n\n<p>Para quienes realizaron estos estudios en el extranjero y para quienes contin\u00faan en el bachillerato, la constancia con calificaciones que ampare hasta el pen\u00faltimo semestre (agosto 2020- febrero 2021), otorgada por la instituci\u00f3n educativa en la que cursan el bachillerato, y que d\u00e9 fe de ser alumno regular (no adeudar materias) la ficha de registro de la Secretar\u00eda de Educaci\u00f3n, adjuntar una copia del acta de nacimiento, la Clave \u00danica de Registro de Poblaci\u00f3n (CURP) y seis fotograf\u00edas tama\u00f1o infantil, en blanco y negro.<\/p>\n\n\n\n<p>Recomend\u00f3 estar atentos a la Sesi\u00f3n Introductoria, que se convocar\u00e1 en la Escuela Normal seleccionada, para conocer las licenciaturas que ofrecen, campos de trabajo, perfiles de egreso, poblaci\u00f3n estudiantil de educaci\u00f3n b\u00e1sica que atender\u00e1n como futuros docentes, formaci\u00f3n valoral y retos a enfrentar por los egresados para su contrataci\u00f3n en el \u00e1rea laboral.<\/p>\n","protected":false},"excerpt":{"rendered":"<p>Saltillo, Coahuila de Zaragoza; a 28 de Abril de 2021. \u2013 Ante la apertura de la Extensi\u00f3n Acu\u00f1a de la Escuela Normal Experimental de San Juan de Sabinas, la Secretar\u00eda de Educaci\u00f3n del Estado, a trav\u00e9s de la Coordinaci\u00f3n General de Educaci\u00f3n Normal y Actualizaci\u00f3n Docente, ampli\u00f3 el per\u00edodo de registro para obtener la ficha para el examen de ingreso hasta el 30 de este mes. El coordinador general, Jes\u00fas&#8230;<\/p>\n","protected":false},"author":1,"featured_media":0,"comment_status":"closed","ping_status":"closed","sticky":false,"template":"","format":"standard","meta":{"footnotes":""},"categories":[5,9,15],"tags":[],"class_list":["post-1856","post","type-post","status-publish","format-standard","hentry","category-coahuila","category-educacion","category-gobierno-de-coahuila","wpcat-5-id","wpcat-9-id","wpcat-15-id"],"_links":{"self":[{"href":"https:\/\/www.aquilaguna.com\/index.php\/wp-json\/wp\/v2\/posts\/1856","targetHints":{"allow":["GET"]}}],"collection":[{"href":"https:\/\/www.aquilaguna.com\/index.php\/wp-json\/wp\/v2\/posts"}],"about":[{"href":"https:\/\/www.aquilaguna.com\/index.php\/wp-json\/wp\/v2\/types\/post"}],"author":[{"embeddable":true,"href":"https:\/\/www.aquilaguna.com\/index.php\/wp-json\/wp\/v2\/users\/1"}],"replies":[{"embeddable":true,"href":"https:\/\/www.aquilaguna.com\/index.php\/wp-json\/wp\/v2\/comments?post=1856"}],"version-history":[{"count":1,"href":"https:\/\/www.aquilaguna.com\/index.php\/wp-json\/wp\/v2\/posts\/1856\/revisions"}],"predecessor-version":[{"id":1857,"href":"https:\/\/www.aquilaguna.com\/index.php\/wp-json\/wp\/v2\/posts\/1856\/revisions\/1857"}],"wp:attachment":[{"href":"https:\/\/www.aquilaguna.com\/index.php\/wp-json\/wp\/v2\/media?parent=1856"}],"wp:term":[{"taxonomy":"category","embeddable":true,"href":"https:\/\/www.aquilaguna.com\/index.php\/wp-json\/wp\/v2\/categories?post=1856"},{"taxonomy":"post_tag","embeddable":true,"href":"https:\/\/www.aquilaguna.com\/index.php\/wp-json\/wp\/v2\/tags?post=1856"}],"curies":[{"name":"wp","href":"https:\/\/api.w.org\/{rel}","templated":true}]}}