{"id":18570,"date":"2023-12-15T20:27:06","date_gmt":"2023-12-16T02:27:06","guid":{"rendered":"https:\/\/www.aquilaguna.com\/?p=18570"},"modified":"2023-12-15T20:27:07","modified_gmt":"2023-12-16T02:27:07","slug":"invitan-paola-y-manolo-a-seguir-disfrutando-villamagia-coahuila","status":"publish","type":"post","link":"https:\/\/www.aquilaguna.com\/index.php\/2023\/12\/15\/invitan-paola-y-manolo-a-seguir-disfrutando-villamagia-coahuila\/","title":{"rendered":"INVITAN PAOLA Y MANOLO A SEGUIR DISFRUTANDO VILLAMAGIA COAHUILA."},"content":{"rendered":"\n<p>Saltillo, Coahuila; 14 de diciembre de 2023.- El gobernador de Coahuila, Manolo Jim\u00e9nez Salinas y su esposa Paola Rodr\u00edguez L\u00f3pez, en compa\u00f1\u00eda de sus hijos, recorrieron Villamagia Saltillo, e invitaron a las familias coahuilenses a continuar disfrutando de estos espacios que se encuentran en todas las regiones de Coahuila.\u00a0<\/p>\n\n\n\n<p>Paola Rodr\u00edguez L\u00f3pez, titular de la Oficina Inspira Coahuila, dio a conocer que desde el pasado 2 de diciembre que fueron encendidos los pinos en las ciudades de Saltillo, Piedras Negras, Monclova, Sabinas, Parras y Torre\u00f3n se ha contando con aproximadamente 120 mil visitantes en todo el estado.&nbsp;<\/p>\n\n\n\n<p>&#8220;Estamos muy contentos de tener estos espacios para las familias de todas las regiones, que se sientan seguras de salir a convivir y disfrutar de&nbsp;&nbsp;nuestras tradiciones y de estas \u00e9pocas tan especiales, ahora que comienzan las vacaciones escolares invitamos a todas las ni\u00f1as, ni\u00f1os y adolescentes a visitar Villamagia y disfrutar de todas las actividades que tenemos&#8221;, se\u00f1al\u00f3 Paola Rodr\u00edguez.&nbsp;<\/p>\n\n\n\n<p>Agreg\u00f3 que, gracias a la coordinaci\u00f3n y trabajo en equipo con las alcaldesas y alcaldes de los municipios se cuenta con muchas actividades&nbsp;&nbsp;en las sedes de Villamagia en las cinco regiones de Coahuila, todos los d\u00edas de diciembre y hasta el 6 de enero.<\/p>\n\n\n\n<p>En Saltillo se encuentra la F\u00e1brica de Santa, Villancicos de Espa\u00f1a y Am\u00e9rica,&nbsp;&nbsp;El Cascanueces, Concierto Navide\u00f1o y&nbsp;&nbsp;Navidad Mexicana.&nbsp;<\/p>\n\n\n\n<p>En Torre\u00f3n se estar\u00e1 presentando un programa navide\u00f1o con m\u00fasica de mariachi, eventos coreogr\u00e1ficos y de canto, pastorelas, cuenta cuentos de historias navide\u00f1as, villancicos, conciertos navide\u00f1os, la obra de teatro y \u201cLa leyenda de Scrooge\u201d, entre otras muchas actividades.<\/p>\n\n\n\n<p>En Parras de la Fuente se podr\u00e1 disfrutar del Festival Navide\u00f1o Infantil, pastorelas, El Cascanueces y&nbsp;&nbsp;festivales art\u00edsticos.<\/p>\n\n\n\n<p>Mientras que en Sabinas se presentan desfiles, espect\u00e1culos navide\u00f1os, bailables, presentaci\u00f3n de cantantes adultos mayores, Drag\u00f3n y Carrusel, entre otros.<\/p>\n\n\n\n<p>Adem\u00e1s, en Piedras Negras se tiene preparado el Taller de Canto Cantata \u201cNoche Milagrosa\u201d, espect\u00e1culos de danza, villancicos, y muchas otras actividades m\u00e1s.<\/p>\n\n\n\n<p>En Monclova todos los d\u00edas se presenta un show de luces l\u00e1ser, espect\u00e1culos culturales y sets de fotograf\u00eda.<\/p>\n","protected":false},"excerpt":{"rendered":"<p>Saltillo, Coahuila; 14 de diciembre de 2023.- El gobernador de Coahuila, Manolo Jim\u00e9nez Salinas y su esposa Paola Rodr\u00edguez L\u00f3pez, en compa\u00f1\u00eda de sus hijos, recorrieron Villamagia Saltillo, e invitaron a las familias coahuilenses a continuar disfrutando de estos espacios que se encuentran en todas las regiones de Coahuila.\u00a0 Paola Rodr\u00edguez L\u00f3pez, titular de la Oficina Inspira Coahuila, dio a conocer que desde el pasado 2 de diciembre que fueron&#8230;<\/p>\n","protected":false},"author":1,"featured_media":18571,"comment_status":"closed","ping_status":"closed","sticky":false,"template":"","format":"standard","meta":{"footnotes":""},"categories":[5,15],"tags":[],"class_list":["post-18570","post","type-post","status-publish","format-standard","has-post-thumbnail","hentry","category-coahuila","category-gobierno-de-coahuila","wpcat-5-id","wpcat-15-id"],"_links":{"self":[{"href":"https:\/\/www.aquilaguna.com\/index.php\/wp-json\/wp\/v2\/posts\/18570","targetHints":{"allow":["GET"]}}],"collection":[{"href":"https:\/\/www.aquilaguna.com\/index.php\/wp-json\/wp\/v2\/posts"}],"about":[{"href":"https:\/\/www.aquilaguna.com\/index.php\/wp-json\/wp\/v2\/types\/post"}],"author":[{"embeddable":true,"href":"https:\/\/www.aquilaguna.com\/index.php\/wp-json\/wp\/v2\/users\/1"}],"replies":[{"embeddable":true,"href":"https:\/\/www.aquilaguna.com\/index.php\/wp-json\/wp\/v2\/comments?post=18570"}],"version-history":[{"count":1,"href":"https:\/\/www.aquilaguna.com\/index.php\/wp-json\/wp\/v2\/posts\/18570\/revisions"}],"predecessor-version":[{"id":18572,"href":"https:\/\/www.aquilaguna.com\/index.php\/wp-json\/wp\/v2\/posts\/18570\/revisions\/18572"}],"wp:featuredmedia":[{"embeddable":true,"href":"https:\/\/www.aquilaguna.com\/index.php\/wp-json\/wp\/v2\/media\/18571"}],"wp:attachment":[{"href":"https:\/\/www.aquilaguna.com\/index.php\/wp-json\/wp\/v2\/media?parent=18570"}],"wp:term":[{"taxonomy":"category","embeddable":true,"href":"https:\/\/www.aquilaguna.com\/index.php\/wp-json\/wp\/v2\/categories?post=18570"},{"taxonomy":"post_tag","embeddable":true,"href":"https:\/\/www.aquilaguna.com\/index.php\/wp-json\/wp\/v2\/tags?post=18570"}],"curies":[{"name":"wp","href":"https:\/\/api.w.org\/{rel}","templated":true}]}}