{"id":18595,"date":"2023-12-17T20:20:27","date_gmt":"2023-12-18T02:20:27","guid":{"rendered":"https:\/\/www.aquilaguna.com\/?p=18595"},"modified":"2023-12-17T20:20:27","modified_gmt":"2023-12-18T02:20:27","slug":"aqui-laguna-277","status":"publish","type":"post","link":"https:\/\/www.aquilaguna.com\/index.php\/2023\/12\/17\/aqui-laguna-277\/","title":{"rendered":"Aqu\u00ed Laguna."},"content":{"rendered":"\n<p>\u00a1La venganza, es un plato que se\u00a0 come fr\u00edo!\u00a0 Vaya\u00a0 viejo y sabio dicho, y al parecer, mas que v\u00e1lido\u00a0 una vez que\u00a0 empieza a trascender que cual\u00a0 versi\u00f3n local, de \u00a0 n\u00e9mesis \u00a0 diosa griega de la\u00a0 venganza, el ya ex\u00a0 titular de la Subsecretar\u00eda de Egresos, el Contador Javier Herrera, \u00a0 est\u00e1 m\u00e1s que muino\u00a0 a causa de no tener todas consigo para alcanzar la postulaci\u00f3n de su partido, a la alcald\u00eda de Torre\u00f3n, con todo y que puso el mejor de sus empe\u00f1os en extender \u00a0 la indispensable base social,\u00a0 es decir, el consenso\u00a0 del presunto voto popular, plataforma en la cual fincar\u00a0 de manera m\u00e1s que formal\u00a0 para tal\u00a0 pretensi\u00f3n, una vez que se propuso alcanzar tal meta en tiempo r\u00e9cord, siendo este el factor que al parecer\u00a0 le ha impedido\u00a0 alcanzarlo, al menos en esta ocasi\u00f3n,\u00a0 pero con todo y ello, \u00a0 cierto que le gener\u00f3\u00a0 m\u00e1s que calambres al hoy alcalde \u00a0 Rom\u00e1n Alberto Cepeda Gonz\u00e1lez,\u00a0 a quien se asegura, ya\u00a0 cuenta con el visto bueno de quien manda en Coahuila, para\u00a0 buscar su reelecci\u00f3n en el cargo y una vez que logr\u00f3 fortalecer en\u00a0 estos dos primeros a\u00f1os de gesti\u00f3n, su estrecha relaci\u00f3n\u00a0 no solo con los poderes f\u00e1cticos\u00a0 locales, que no est\u00e1n solo en el \u00e1mbito econ\u00f3mico, sino tambi\u00e9n se expresan en el social y otros\u00a0 m\u00e1s selectos, como es el caso de  la evanescente High Soctiety, ansiosa como se encuentra, luego de la pandemia y sus impactos, de\u00a0 volver a relucir, de brillar\u00a0 en medio de\u00a0 nuestra\u00a0 sociedad lagunera, tan, pero tan aspiracionista,\u00a0 grupos, con todo y lo que num\u00e9ricamente son, generan nada desconsiderable influencia\u00a0 y que\u00a0 hace pocos a\u00f1os, se decantaban pol\u00edticamente, por militar, financiar\u00a0 o simpatizar con\u00a0 los prohombres blanquiazules, hoy, devenidos, muchos de ellos, en\u00a0 solo\u00a0 meras sombras\u00a0 de lo que fueron\u00a0 \u00a0 tiempo atr\u00e1s. A estos grupos ante \u00a0 el camino\u00a0 que se procesa\u00a0por MORENA en este pa\u00eds,\u00a0 no les queda, por ahora, de\u00a0 otra\u00a0 sopa&#8230;<\/p>\n\n\n\n<p>De ah\u00ed que ya se anticipa como fo\u0155mula\u00a0 de soluci\u00f3n entre el artificiosa competencia por\u00a0 la presidencia\u00a0 de Torre\u00f3n en el pr\u00f3ximo trienio, que no deben de tardar mucho ya, de sentarse un una misma mesa -mismo\u00a0 en dialogar o negociar-, que en pol\u00edtica es\u00a0 finalmente casi lo mismo, el retador Javier Herrera\u00a0 y el hoy alcalde de Torre\u00f3n y deber\u00e1n encontrar arreglo, es decir,\u00a0 este ultimo deber\u00e1 de hacer concesiones, otorgamiento de espacios en\u00a0 su\u00a0 administraci\u00f3n\u00a0 bien en la integraci\u00f3n de la propuesta\u00a0 que formule\u00a0 como su nuevo cabildo y entregar espacios y funciones \u00a0 a quienes siguieron y est\u00e1n siguiendo a Herrera en este tr\u00e1nsito\u00a0 y entre los que figuran algunos de sus actuales regidores y adem\u00e1s, una que otra funcionaria estatal, seg\u00fan se muestra y evidencia\u00a0 en la profusi\u00f3n de im\u00e1genes que circulan en \u00a0 su nada discreto\u00a0 manejo de sus\u00a0 \u00a0 redes sociales, asegurando algunos que tal participaci\u00f3n, no se realiza,\u00a0 sin contar\u00a0 con una \u00a0 red protectora, que los cubra de\u00a0 lesiones o raspones y hasta de una potencial\u00a0 muerte pol\u00edtica\u00a0 de no contar con ella.<\/p>\n\n\n\n<p>Ya veremos y diremos si el implosivo car\u00e1cter de Cepeda Gonz\u00e1lez, alcanza la mesura\u00a0 necesaria para\u00a0 transitar las nuevas\u00a0 condiciones en la que pudiera arribar a su segundo mandato al hilo como\u00a0 responsable pol\u00edtico y administrativo del municipio de Torre\u00f3n, el mas importante de la zona lagunera, toda vez que el equilibrio indispensable que debe registrar la\u00a0 comarca, ser\u00e1 factor mas que importante\u00a0 en el escenario que plantea a toda la clase pol\u00edtica\u00a0 la pr\u00f3xima contienda electoral federal y estatal que incluye la renovaci\u00f3n de sus 38 alcald\u00edas&#8230;<\/p>\n\n\n\n<p>Y en tanto, entre los de &#8220;enfrente&#8221;, puede decirse que &#8220;ya eran muchos y pari\u00f3 la abuela&#8221;, al surgir\u00a0 a diario\u00a0 morenistas \u00a0&#8220;arrimados&#8221; o camuflajeados como tales, que levantan la mano para que los incluyan en las &#8220;encuestas&#8221; para alcanzar la postulaci\u00f3n para disputar por la presidencia\u00a0 municipal, \u00a0 aspiraci\u00f3n para la cual\u00a0 ya suspiraban algunos, como es el caso de Shamir Ferrn\u00e1ndez, desde antes de que consumara la traici\u00f3n a\u00a0 su militancia\u00a0 tricolor\u00a0 seducido por el enga\u00f1oso canto de sirenas\u00a0 que quer\u00eda o\u00edr, y Miguel\u00a0 Batarse,  empresario zapatero, ex panista \u00a0 metamorfoseado como &#8220;l\u00edder obrero&#8221; de nuevo cu\u00f1o en la CATEM, y lo que esto signifique. Faltando por confirmar si se unir\u00e1\u00a0 o no a este grupo, el ex alcalde -el oscuro, por el color claro, ex polic\u00eda pol\u00edtico, eso nunca dejar\u00e1 de serlo-, Jorge Luis Mor\u00e1n, Cintia\u00a0 Cuevas, y\u00a0 m\u00e1s abajo\u00a0 de\u00a0 tal grupo tambi\u00e9n se puede\u00a0 a\u00f1adir a un Carlos Parga, Cirilo Rojas\u00a0 entre otros, toda vez que la esperanza\u00a0 muere al \u00faltimo.<\/p>\n\n\n\n<p>Estamos pues a\u00a0 solo unos d\u00edas de conocer los desenlaces no solo en lo que toca a\u00a0 la alcald\u00eda de Torre\u00f3n, sino de paso a los competidores por los Distrito V y VI, que corresponder\u00e1, seg\u00fan acuerdo de la alianza partidista, una al PRI y la otra, a\u00a0 los panistas\u00a0 que\u00a0 suspiran por tal encargo, Guillermo Anaya y Jorge Zerme\u00f1o Infante, que con todo y la virtual extinci\u00f3n de la militancia\u00a0 blanquiazul en\u00a0 Torre\u00f3n, y que fuera basti\u00f3n de este partido en Coahuila, nom\u00e1s no entienden, que no entienden \u00a0 y que ya deben\u00a0 hacerse a un lado y dar paso a nuevas caras, que reconstruyan lo desecho a lo largo de los \u00faltimos 30 a\u00f1os.<\/p>\n\n\n\n<p>En este panorama se avizoran pocos nombres de mujeres, si bien con la que hay en el escenario\u00a0 partidista  y lo escaso de los cargos de elecci\u00f3n federal en juego, quiz\u00e1s compiten con las cl\u00e1sicas repetidoras, por lo que a la dirigencia de los organismos pol\u00edticos vigentes,\u00a0 se les debe de prender el foco,\u00a0 y promover\u00a0 a sus cuadros femeninos, que vaya que los tienen, y con talentos suficientes para\u00a0 incursionar en tales experiencias, so pena de seguir repitiendo ad infinitum, con las que ya est\u00e1n a la vista y subidas a los presidiums, hay que recordar que es el tiempo de las mujeres\u00a0 y no se vale\u00a0 improvisaciones,\u00a0como no lo result\u00f3 para nada, la inclusi\u00f3n de la Licenciada Natalia Fern\u00e1ndez, como Secretaria del Ayuntamiento de Torre\u00f3n, seg\u00fan resultados a la vista, si bien su \u00a0 inclusi\u00f3n en tal cargo,\u00a0 genera todav\u00eda sofocos entre algunos supermachos -que los hay-, poco pueden se\u00f1alarle\u00a0 y con\u00a0 ello se\u00a0 \u00a0 procesa\u00a0 la indispensable\u00a0 experiencia\u00a0 que requiere no solo habilidad pol\u00edtica, sino tambi\u00e9n conocimientos jur\u00eddicos suficientes, con suficiente tambi\u00e9n,\u00a0 sentido com\u00fan para aplicarlos  para alcanzar un \u00f3ptimo desempe\u00f1o en tal cargo. El resto, solo son\u00a0 complejos y envidias muy mal disimuladas.<\/p>\n\n\n\n<p>Y\u00a0 en el resto de los municipios laguneros,\u00a0 las interrogantes se centran en\u00a0 quienes ser\u00e1n los alcaldes que\u00a0 puedan pasar el filtro y logren ser \u00a0 propuestos para\u00a0 su reelecci\u00f3n, cont\u00e1ndose\u00a0 entre estos, por ahora, al del vecino Matamoros, Miguel\u00a0 Ram\u00edrez L\u00f3pez quien el pasado s\u00e1bado ofreci\u00f3 concurrida posada,\u00a0 no solo para\u00a0 festejar la inminente Navidad, sino para congraciarse con sus electores, en tanto que ya se dice que en San Pedro, el a\u00fan diputado Jorge Abdala, se perfila como el gran elector en este municipio, con todo y que formalmente\u00a0 solo tenga en su futuro\u00a0 el cargo de Subsecretario en lo que ser\u00e1 la nueva Secretar\u00eda de Desarrollo Social en la Laguna\u00a0 y cuya\u00a0 funci\u00f3n, seg\u00fan se dice, tendr\u00e1 como eje la atenci\u00f3n a la problem\u00e1tica del campo, esa que tuvo a su cargo el anterior sexenio su eterno rival, Jos\u00e9 Luis Flores.<\/p>\n\n\n\n<p>Y bueno, diremos que\u00a0 quiz\u00e1s sea\u00a0 en esta Navidad\u00a0 cuando el\u00a0 Gobernador Manolo\u00a0 Jim\u00e9nez Salinas d\u00e9 a conocer\u00a0 una nueva camada de\u00a0 funcionarios\u00a0 que se sumar\u00e1n\u00a0 cual engranajes menores\u00a0 a su equipo de trabajo, claro\u00a0 ya en cargos \u00a0 que no ser\u00e1n ni de primer ni segundo nivel, aunque\u00a0 si importantes para el cabal desempe\u00f1o de la nueva administraci\u00f3n,\u00a0 en la cual,\u00a0 que al menos en la comarca,\u00a0 corresponder\u00e1\u00a0 al Licenciado Eduardo\u00a0 Olmos Castro, como Secretario de Desarrollo Regional, \u00a0 figurar como el\u00a0 eje de la balanza\u00a0 desde donde se equilibre en la Laguna, no solo la representaci\u00f3n del nuevo gobierno\u00a0 estatal, sino tambi\u00e9n a cargo del equilibrio \u00a0 pol\u00edtico y social, as\u00ed como la atenci\u00f3n de \u00a0 sus actores\u00a0 pol\u00edticos y sociales.<\/p>\n\n\n\n<p>Y en espera de mejores\u00a0 y m\u00e1s venturosos tiempos, en los que la salud, el dinero y el amor\u00a0 est\u00e9n presentes en todo y cada uno\u00a0 de nosotros, y que sobre todo\u00a0 la paz \u00a0 inunde \u00a0 nuestros corazones en esta ya muy pr\u00f3xima Navidad.\u00a0<\/p>\n","protected":false},"excerpt":{"rendered":"<p>\u00a1La venganza, es un plato que se\u00a0 come fr\u00edo!\u00a0 Vaya\u00a0 viejo y sabio dicho, y al parecer, mas que v\u00e1lido\u00a0 una vez que\u00a0 empieza a trascender que cual\u00a0 versi\u00f3n local, de \u00a0 n\u00e9mesis \u00a0 diosa griega de la\u00a0 venganza, el ya ex\u00a0 titular de la Subsecretar\u00eda de Egresos, el Contador Javier Herrera, \u00a0 est\u00e1 m\u00e1s que muino\u00a0 a causa de no tener todas consigo para alcanzar la postulaci\u00f3n de su&#8230;<\/p>\n","protected":false},"author":2,"featured_media":0,"comment_status":"closed","ping_status":"","sticky":false,"template":"","format":"standard","meta":{"footnotes":""},"categories":[8],"tags":[],"class_list":["post-18595","post","type-post","status-publish","format-standard","hentry","category-aqui-laguna","wpcat-8-id"],"_links":{"self":[{"href":"https:\/\/www.aquilaguna.com\/index.php\/wp-json\/wp\/v2\/posts\/18595","targetHints":{"allow":["GET"]}}],"collection":[{"href":"https:\/\/www.aquilaguna.com\/index.php\/wp-json\/wp\/v2\/posts"}],"about":[{"href":"https:\/\/www.aquilaguna.com\/index.php\/wp-json\/wp\/v2\/types\/post"}],"author":[{"embeddable":true,"href":"https:\/\/www.aquilaguna.com\/index.php\/wp-json\/wp\/v2\/users\/2"}],"replies":[{"embeddable":true,"href":"https:\/\/www.aquilaguna.com\/index.php\/wp-json\/wp\/v2\/comments?post=18595"}],"version-history":[{"count":1,"href":"https:\/\/www.aquilaguna.com\/index.php\/wp-json\/wp\/v2\/posts\/18595\/revisions"}],"predecessor-version":[{"id":18596,"href":"https:\/\/www.aquilaguna.com\/index.php\/wp-json\/wp\/v2\/posts\/18595\/revisions\/18596"}],"wp:attachment":[{"href":"https:\/\/www.aquilaguna.com\/index.php\/wp-json\/wp\/v2\/media?parent=18595"}],"wp:term":[{"taxonomy":"category","embeddable":true,"href":"https:\/\/www.aquilaguna.com\/index.php\/wp-json\/wp\/v2\/categories?post=18595"},{"taxonomy":"post_tag","embeddable":true,"href":"https:\/\/www.aquilaguna.com\/index.php\/wp-json\/wp\/v2\/tags?post=18595"}],"curies":[{"name":"wp","href":"https:\/\/api.w.org\/{rel}","templated":true}]}}