{"id":18633,"date":"2023-12-20T18:43:15","date_gmt":"2023-12-21T00:43:15","guid":{"rendered":"https:\/\/www.aquilaguna.com\/?p=18633"},"modified":"2023-12-20T18:43:16","modified_gmt":"2023-12-21T00:43:16","slug":"la-extension-de-la-escuela-de-bachilleres-venustiano-carranza-en-matamoros-se-transforma-en-el-instituto-manuel-munoz-olivares","status":"publish","type":"post","link":"https:\/\/www.aquilaguna.com\/index.php\/2023\/12\/20\/la-extension-de-la-escuela-de-bachilleres-venustiano-carranza-en-matamoros-se-transforma-en-el-instituto-manuel-munoz-olivares\/","title":{"rendered":"La Extensi\u00f3n de la Escuela de Bachilleres &#8220;Venustiano Carranza&#8221; en Matamoros se Transforma en el Instituto &#8220;Manuel Mu\u00f1oz Olivares&#8221;."},"content":{"rendered":"\n<p>MATAMOROS, Coahuila. 20 de diciembre de 2023. La Extensi\u00f3n de la Escuela de<br>Bachilleres \u201cVenustiano Carranza\u201d de la Universidad Aut\u00f3noma de Coahuila,<br>ubicada en el municipio de Matamoros recibi\u00f3 por parte del rector Salvador<br>Hern\u00e1ndez V\u00e9lez, el pergamino que la convierte en Unidad Acad\u00e9mica<br>Independiente mediante el esquema de Instituto \u201cManuel Mu\u00f1oz Olivares\u201d. <\/p>\n\n\n\n<p>Este Instituto es una de las nuevas unidades acad\u00e9micas de bachillerato que<br>fueron aprobadas en Sesi\u00f3n Extraordinaria del Honorable Consejo Universitario el<br>pasado 12 de octubre de 2023, con lo que se abre la posibilidad de ofrecer, no<br>solo el programa acad\u00e9mico de bachillerato presencial y a distancia, sino tambi\u00e9n<br>programas de licenciatura en ambas modalidades, lo que representar\u00e1 crecimiento<br>en la oferta educativa.<\/p>\n\n\n\n<p>La ceremonia se realiz\u00f3 en el plantel en donde asistieron el alcalde del Municipio<br>de Matamoros, Miguel \u00c1ngel Ram\u00edrez L\u00f3pez, la coordinadora de la Unidad<br>Torre\u00f3n, Sandra L\u00f3pez Chavarr\u00eda; la coordinadora del Instituto MMO, Minerva<br>Estrada Aguirre, invitados especiales, personal docente y administrativo de la<br>unidad Acad\u00e9mica.<\/p>\n\n\n\n<p>En su intervenci\u00f3n, la coordinadora del ahora Instituto, Minerva Estrada Aguirre<br>record\u00f3 el inicio de las actividades acad\u00e9micas de la Escuela de Bachilleres<br>\u201cVenustiano Carranza\u201d Extensi\u00f3n Matamoros, que desde aquel 16 de agosto de<br>2003 ha formado y egresado a j\u00f3venes en su educaci\u00f3n media superior a m\u00e1s de<br>mil 950 j\u00f3venes, los cuales vieron en este plantel una oportunidad de continuar<br>sus estudios.<\/p>\n\n\n\n<p>Estrada Aguirre, agradeci\u00f3 a los miembros del Consejo Universitario por aprobar<br>la expansi\u00f3n de la cobertura educativa mediante la creaci\u00f3n de este Instituto como<br>una nueva Unidad Acad\u00e9mica y destac\u00f3 el acierto de las gestiones de las<br>autoridades universitarias y municipales, adem\u00e1s reiter\u00f3 el compromiso del plantel<br>por brindar una educaci\u00f3n integral, de calidad y que incluya el bienestar f\u00edsico,<br>emocional, psicol\u00f3gico y social que procure el mayor crecimiento de los<br>estudiantes.<\/p>\n\n\n\n<p>En septiembre de 1942 se fund\u00f3 la Escuela Secundaria Venustiano Carranza,<br>primera Instituci\u00f3n Oficial de Educaci\u00f3n postprimaria, en la Ciudad de Torre\u00f3n,<br>Coahuila, el entonces gobernador del Estado C. Benecio L\u00f3pez Padilla, acord\u00f3 el<\/p>\n\n\n\n<p>25 de agosto de 1945, ampliar los estudios en una escuela preparatoria en vista<br>de los satisfactorios rendimientos.<\/p>\n\n\n\n<p>El 26 de octubre de 1957, la Escuela Preparatoria Venustiano Carranza se integr\u00f3<br>a la Universidad de Coahuila, marcando un nuevo cap\u00edtulo en su evoluci\u00f3n<br>educativa, posteriormente; en ese mismo a\u00f1o, se aprob\u00f3 el Estatuto Universitario,<br>una herramienta que contin\u00faa regulando la actividad de la Universidad Aut\u00f3noma<br>de Coahuila y, por ende, la actual Escuela de Bachilleres \u201cVenustiano Carranza\u201d.<\/p>\n","protected":false},"excerpt":{"rendered":"<p>MATAMOROS, Coahuila. 20 de diciembre de 2023. La Extensi\u00f3n de la Escuela deBachilleres \u201cVenustiano Carranza\u201d de la Universidad Aut\u00f3noma de Coahuila,ubicada en el municipio de Matamoros recibi\u00f3 por parte del rector SalvadorHern\u00e1ndez V\u00e9lez, el pergamino que la convierte en Unidad Acad\u00e9micaIndependiente mediante el esquema de Instituto \u201cManuel Mu\u00f1oz Olivares\u201d. Este Instituto es una de las nuevas unidades acad\u00e9micas de bachillerato quefueron aprobadas en Sesi\u00f3n Extraordinaria del Honorable Consejo Universitario elpasado&#8230;<\/p>\n","protected":false},"author":1,"featured_media":18634,"comment_status":"closed","ping_status":"closed","sticky":false,"template":"","format":"standard","meta":{"footnotes":""},"categories":[28,67,2],"tags":[],"class_list":["post-18633","post","type-post","status-publish","format-standard","has-post-thumbnail","hentry","category-la-laguna","category-matamoros","category-uadec","wpcat-28-id","wpcat-67-id","wpcat-2-id"],"_links":{"self":[{"href":"https:\/\/www.aquilaguna.com\/index.php\/wp-json\/wp\/v2\/posts\/18633","targetHints":{"allow":["GET"]}}],"collection":[{"href":"https:\/\/www.aquilaguna.com\/index.php\/wp-json\/wp\/v2\/posts"}],"about":[{"href":"https:\/\/www.aquilaguna.com\/index.php\/wp-json\/wp\/v2\/types\/post"}],"author":[{"embeddable":true,"href":"https:\/\/www.aquilaguna.com\/index.php\/wp-json\/wp\/v2\/users\/1"}],"replies":[{"embeddable":true,"href":"https:\/\/www.aquilaguna.com\/index.php\/wp-json\/wp\/v2\/comments?post=18633"}],"version-history":[{"count":1,"href":"https:\/\/www.aquilaguna.com\/index.php\/wp-json\/wp\/v2\/posts\/18633\/revisions"}],"predecessor-version":[{"id":18635,"href":"https:\/\/www.aquilaguna.com\/index.php\/wp-json\/wp\/v2\/posts\/18633\/revisions\/18635"}],"wp:featuredmedia":[{"embeddable":true,"href":"https:\/\/www.aquilaguna.com\/index.php\/wp-json\/wp\/v2\/media\/18634"}],"wp:attachment":[{"href":"https:\/\/www.aquilaguna.com\/index.php\/wp-json\/wp\/v2\/media?parent=18633"}],"wp:term":[{"taxonomy":"category","embeddable":true,"href":"https:\/\/www.aquilaguna.com\/index.php\/wp-json\/wp\/v2\/categories?post=18633"},{"taxonomy":"post_tag","embeddable":true,"href":"https:\/\/www.aquilaguna.com\/index.php\/wp-json\/wp\/v2\/tags?post=18633"}],"curies":[{"name":"wp","href":"https:\/\/api.w.org\/{rel}","templated":true}]}}