{"id":18652,"date":"2023-12-22T09:01:37","date_gmt":"2023-12-22T15:01:37","guid":{"rendered":"https:\/\/www.aquilaguna.com\/?p=18652"},"modified":"2023-12-22T09:01:37","modified_gmt":"2023-12-22T15:01:37","slug":"inicia-temporada-de-poda-responsable-para-el-arbolado-urbano","status":"publish","type":"post","link":"https:\/\/www.aquilaguna.com\/index.php\/2023\/12\/22\/inicia-temporada-de-poda-responsable-para-el-arbolado-urbano\/","title":{"rendered":"Inicia temporada de poda responsable para el arbolado urbano."},"content":{"rendered":"\n<p>Torre\u00f3n, Coahuila. A 21 de diciembre de 2023.<\/p>\n\n\n\n<p>La Direcci\u00f3n General de Medio Ambiente (DGMA), inform\u00f3 que la temporada<br>propicia para llevar a cabo actividades de poda de \u00e1rboles comenz\u00f3 el 15 de<br>diciembre y concluir\u00e1 el 28 de febrero, en el periodo invernal.<\/p>\n\n\n\n<p>Esta pr\u00e1ctica conocida como poda responsable se realiza cuando la mayor\u00eda de la<br>vegetaci\u00f3n se encuentra en estado de dormancia.<\/p>\n\n\n\n<p>Una de las razones para ejecutar esta actividad es la seguridad, pues la poda se<br>realiza para mitigar riesgos asociados a \u00e1rboles que por sus dimensiones pueden<br>representar peligro para personas o da\u00f1o en las propiedades.<\/p>\n\n\n\n<p>Tambi\u00e9n con el fin de mantener la higiene urbana, se efect\u00faa esta acci\u00f3n para<br>eliminar residuos secos como ramas, hojas y frutos, los cuales deben retirarse de<br>manera oportuna.<\/p>\n\n\n\n<p>Adem\u00e1s es importante la est\u00e9tica, pues esta actividad realizada de manera<br>adecuada, permite modelar el crecimiento natural de los \u00e1rboles, beneficiando su<br>forma y desarrollo.<\/p>\n\n\n\n<p>Por lo anterior, en el periodo mencionado, la poda puede realizarse sin necesidad<br>de un permiso por parte de la direcci\u00f3n, siempre y cuando no exceda el 30 por<br>ciento de la estructura del \u00e1rbol.<\/p>\n\n\n\n<p>Se considera como poda inmoderada cualquier intervenci\u00f3n que supere esta<br>proporci\u00f3n y est\u00e1 sujeta a sanciones.<\/p>\n\n\n\n<p>Para casos excepcionales que requieran una poda mayor al 30 por ciento, se debe<br>acudir a las oficinas de la dependencia municipal para tramitar el permiso.<\/p>\n\n\n\n<p>Ser\u00e1 responsabilidad de quienes lleven a cabo u ordenen la poda, garantizar la<br>disposici\u00f3n final del material vegetal en cualquiera de los nueve centros de<br>transferencia autorizados por la direcci\u00f3n.<\/p>\n\n\n\n<p>Para m\u00e1s informaci\u00f3n y solicitud de permisos, las personas interesadas pueden<br>comunicarse al tel\u00e9fono 871 500 70 00, extensi\u00f3n 1437 de la Direcci\u00f3n General de<br>Medio Ambiente.<\/p>\n","protected":false},"excerpt":{"rendered":"<p>Torre\u00f3n, Coahuila. A 21 de diciembre de 2023. La Direcci\u00f3n General de Medio Ambiente (DGMA), inform\u00f3 que la temporadapropicia para llevar a cabo actividades de poda de \u00e1rboles comenz\u00f3 el 15 dediciembre y concluir\u00e1 el 28 de febrero, en el periodo invernal. Esta pr\u00e1ctica conocida como poda responsable se realiza cuando la mayor\u00eda de lavegetaci\u00f3n se encuentra en estado de dormancia. Una de las razones para ejecutar esta actividad es&#8230;<\/p>\n","protected":false},"author":1,"featured_media":18653,"comment_status":"closed","ping_status":"closed","sticky":false,"template":"","format":"standard","meta":{"footnotes":""},"categories":[5,28,7],"tags":[],"class_list":["post-18652","post","type-post","status-publish","format-standard","has-post-thumbnail","hentry","category-coahuila","category-la-laguna","category-torreon","wpcat-5-id","wpcat-28-id","wpcat-7-id"],"_links":{"self":[{"href":"https:\/\/www.aquilaguna.com\/index.php\/wp-json\/wp\/v2\/posts\/18652","targetHints":{"allow":["GET"]}}],"collection":[{"href":"https:\/\/www.aquilaguna.com\/index.php\/wp-json\/wp\/v2\/posts"}],"about":[{"href":"https:\/\/www.aquilaguna.com\/index.php\/wp-json\/wp\/v2\/types\/post"}],"author":[{"embeddable":true,"href":"https:\/\/www.aquilaguna.com\/index.php\/wp-json\/wp\/v2\/users\/1"}],"replies":[{"embeddable":true,"href":"https:\/\/www.aquilaguna.com\/index.php\/wp-json\/wp\/v2\/comments?post=18652"}],"version-history":[{"count":1,"href":"https:\/\/www.aquilaguna.com\/index.php\/wp-json\/wp\/v2\/posts\/18652\/revisions"}],"predecessor-version":[{"id":18654,"href":"https:\/\/www.aquilaguna.com\/index.php\/wp-json\/wp\/v2\/posts\/18652\/revisions\/18654"}],"wp:featuredmedia":[{"embeddable":true,"href":"https:\/\/www.aquilaguna.com\/index.php\/wp-json\/wp\/v2\/media\/18653"}],"wp:attachment":[{"href":"https:\/\/www.aquilaguna.com\/index.php\/wp-json\/wp\/v2\/media?parent=18652"}],"wp:term":[{"taxonomy":"category","embeddable":true,"href":"https:\/\/www.aquilaguna.com\/index.php\/wp-json\/wp\/v2\/categories?post=18652"},{"taxonomy":"post_tag","embeddable":true,"href":"https:\/\/www.aquilaguna.com\/index.php\/wp-json\/wp\/v2\/tags?post=18652"}],"curies":[{"name":"wp","href":"https:\/\/api.w.org\/{rel}","templated":true}]}}