{"id":18670,"date":"2023-12-22T20:00:00","date_gmt":"2023-12-23T02:00:00","guid":{"rendered":"https:\/\/www.aquilaguna.com\/?p=18670"},"modified":"2023-12-22T20:00:01","modified_gmt":"2023-12-23T02:00:01","slug":"coahuila-unido-por-nuestras-ninas-ninos-y-jovenes-manolo-jimenez","status":"publish","type":"post","link":"https:\/\/www.aquilaguna.com\/index.php\/2023\/12\/22\/coahuila-unido-por-nuestras-ninas-ninos-y-jovenes-manolo-jimenez\/","title":{"rendered":"COAHUILA UNIDO POR NUESTRAS NI\u00d1AS, NI\u00d1OS Y J\u00d3VENES: MANOLO JIM\u00c9NEZ."},"content":{"rendered":"\n<p>Saltillo, Coahuila de Zaragoza; a 22 de Diciembre de 2023.- El gobernador Manolo Jim\u00e9nez Salinas, su esposa Paola Rodr\u00edguez L\u00f3pez e hijos, y la presidenta honoraria del DIF Coahuila, Liliana Salinas Vald\u00e9s, visitaron la Casa de las Ni\u00f1as y Ni\u00f1os en donde participaron junto a sus residentes en la tradicional posada.<\/p>\n\n\n\n<p>&#8220;Tuvimos una muy emotiva posada navide\u00f1a con las ni\u00f1as, ni\u00f1os, adolescentes y j\u00f3venes de la casa hogar, las casas azul y rosa. Tenemos un gran compromiso con ellas y ellos, los vamos a cuidar y proteger como lo hacemos con nuestra familia&#8221;, se\u00f1al\u00f3.&nbsp;<\/p>\n\n\n\n<p>Agreg\u00f3 que en las pr\u00f3ximas semanas se arrancar\u00e1n proyectos y obras para mejorar su estancia y su calidad de vida.&nbsp;<\/p>\n\n\n\n<p>&#8220;Nos dio mucho gusto visitarlos, sus sonrisas y abrazos nos llenaron de energ\u00eda para seguir trabajando por ustedes y por todas las familias coahuilenses&#8221;,dijo.<\/p>\n\n\n\n<p>El mandatario estatal les dese\u00f3 una Feliz Navidad y un pr\u00f3spero A\u00f1o Nuevo, y agradeci\u00f3 a todo el personal que labora en este albergue por la gran labor que desempe\u00f1an al apoyar a las ni\u00f1as, ni\u00f1os y adolescentes, ya que, dijo, es fundamental para que la sociedad progrese.<\/p>\n\n\n\n<p>De la misma manera, Jim\u00e9nez Salinas recorri\u00f3 las instalaciones del DIF Coahuila en donde salud\u00f3 a todos y todas quienes ah\u00ed trabajan y a quienes conmin\u00f3 a seguir atendiendo las necesidades de las familias coahuilenses.<\/p>\n\n\n\n<p>\u201cS\u00e9 que seguiremos haciendo equipo gobierno, sociedad civil e iniciativa privada por nuestras ni\u00f1as, ni\u00f1os y adolescentes.Soy gobernador para cuidar a mis hijos y a los hijos de todos los coahuilenses. Voy a trabajar por ustedes, para que tengan la infancia y la adolescencia que merecen\u201d, expres\u00f3 el gobernador.<\/p>\n","protected":false},"excerpt":{"rendered":"<p>Saltillo, Coahuila de Zaragoza; a 22 de Diciembre de 2023.- El gobernador Manolo Jim\u00e9nez Salinas, su esposa Paola Rodr\u00edguez L\u00f3pez e hijos, y la presidenta honoraria del DIF Coahuila, Liliana Salinas Vald\u00e9s, visitaron la Casa de las Ni\u00f1as y Ni\u00f1os en donde participaron junto a sus residentes en la tradicional posada. &#8220;Tuvimos una muy emotiva posada navide\u00f1a con las ni\u00f1as, ni\u00f1os, adolescentes y j\u00f3venes de la casa hogar, las casas&#8230;<\/p>\n","protected":false},"author":1,"featured_media":18671,"comment_status":"closed","ping_status":"closed","sticky":false,"template":"","format":"standard","meta":{"footnotes":""},"categories":[5,26,15],"tags":[],"class_list":["post-18670","post","type-post","status-publish","format-standard","has-post-thumbnail","hentry","category-coahuila","category-dif","category-gobierno-de-coahuila","wpcat-5-id","wpcat-26-id","wpcat-15-id"],"_links":{"self":[{"href":"https:\/\/www.aquilaguna.com\/index.php\/wp-json\/wp\/v2\/posts\/18670","targetHints":{"allow":["GET"]}}],"collection":[{"href":"https:\/\/www.aquilaguna.com\/index.php\/wp-json\/wp\/v2\/posts"}],"about":[{"href":"https:\/\/www.aquilaguna.com\/index.php\/wp-json\/wp\/v2\/types\/post"}],"author":[{"embeddable":true,"href":"https:\/\/www.aquilaguna.com\/index.php\/wp-json\/wp\/v2\/users\/1"}],"replies":[{"embeddable":true,"href":"https:\/\/www.aquilaguna.com\/index.php\/wp-json\/wp\/v2\/comments?post=18670"}],"version-history":[{"count":1,"href":"https:\/\/www.aquilaguna.com\/index.php\/wp-json\/wp\/v2\/posts\/18670\/revisions"}],"predecessor-version":[{"id":18672,"href":"https:\/\/www.aquilaguna.com\/index.php\/wp-json\/wp\/v2\/posts\/18670\/revisions\/18672"}],"wp:featuredmedia":[{"embeddable":true,"href":"https:\/\/www.aquilaguna.com\/index.php\/wp-json\/wp\/v2\/media\/18671"}],"wp:attachment":[{"href":"https:\/\/www.aquilaguna.com\/index.php\/wp-json\/wp\/v2\/media?parent=18670"}],"wp:term":[{"taxonomy":"category","embeddable":true,"href":"https:\/\/www.aquilaguna.com\/index.php\/wp-json\/wp\/v2\/categories?post=18670"},{"taxonomy":"post_tag","embeddable":true,"href":"https:\/\/www.aquilaguna.com\/index.php\/wp-json\/wp\/v2\/tags?post=18670"}],"curies":[{"name":"wp","href":"https:\/\/api.w.org\/{rel}","templated":true}]}}