{"id":18713,"date":"2023-12-28T16:37:19","date_gmt":"2023-12-28T22:37:19","guid":{"rendered":"https:\/\/www.aquilaguna.com\/?p=18713"},"modified":"2023-12-28T16:37:20","modified_gmt":"2023-12-28T22:37:20","slug":"congreso-del-estado-de-coahuila-informa-40","status":"publish","type":"post","link":"https:\/\/www.aquilaguna.com\/index.php\/2023\/12\/28\/congreso-del-estado-de-coahuila-informa-40\/","title":{"rendered":"Congreso del Estado de Coahuila informa:"},"content":{"rendered":"\n<p>De conformidad con el art\u00edculo 13 de la ley org\u00e1nica del Congreso del Estado de<br>Coahuila de Zaragoza, se llev\u00f3 a cabo la reuni\u00f3n preparatoria de los trabajos<br>relacionados con la instalaci\u00f3n le la Legislatura que dar\u00e1 inicio el d\u00eda 1 de enero de<br>2024.<\/p>\n\n\n\n<p>En base al art\u00edculo mencionado anteriormente, la diputada Luz Elena Guadalupe<br>Morales N\u00fa\u00f1ez llev\u00f3 a cabo la coordinaci\u00f3n de dichos trabajos.<\/p>\n\n\n\n<p>En la reuni\u00f3n estuvieron presentes las y los diputados electos representantes de<br>cada uno de los partidos pol\u00edticos que conformar\u00e1n la LXIII Legislatura.<\/p>\n\n\n\n<p>PRI: C. Carlos Humberto Robles Loustaunau<br>PAN: C. Gerardo Abraham Aguado G\u00f3mez<br>MORENA: C. Magaly Hern\u00e1ndez Aguirre<br>PRD: C. Beatriz Eugenia Fraustro D\u00e1vila<br>PVEM: C. Jorge Arturo Vald\u00e9s Flores<br>PT: C. Antonio Flores Guerra<br>UDC: C. Zulmma Verenice Guerrero C\u00e1zares<br>PVEM: C. Jorge Arturo Vald\u00e9s Flores<br>PT: C. Antonio Flores Guerra<br>UDC: C. Zulmma Verenice Guerrero C\u00e1zares<\/p>\n","protected":false},"excerpt":{"rendered":"<p>De conformidad con el art\u00edculo 13 de la ley org\u00e1nica del Congreso del Estado deCoahuila de Zaragoza, se llev\u00f3 a cabo la reuni\u00f3n preparatoria de los trabajosrelacionados con la instalaci\u00f3n le la Legislatura que dar\u00e1 inicio el d\u00eda 1 de enero de2024. En base al art\u00edculo mencionado anteriormente, la diputada Luz Elena GuadalupeMorales N\u00fa\u00f1ez llev\u00f3 a cabo la coordinaci\u00f3n de dichos trabajos. En la reuni\u00f3n estuvieron presentes las y los&#8230;<\/p>\n","protected":false},"author":1,"featured_media":18714,"comment_status":"closed","ping_status":"closed","sticky":false,"template":"","format":"standard","meta":{"footnotes":""},"categories":[5,21],"tags":[],"class_list":["post-18713","post","type-post","status-publish","format-standard","has-post-thumbnail","hentry","category-coahuila","category-congreso-del-estado","wpcat-5-id","wpcat-21-id"],"_links":{"self":[{"href":"https:\/\/www.aquilaguna.com\/index.php\/wp-json\/wp\/v2\/posts\/18713","targetHints":{"allow":["GET"]}}],"collection":[{"href":"https:\/\/www.aquilaguna.com\/index.php\/wp-json\/wp\/v2\/posts"}],"about":[{"href":"https:\/\/www.aquilaguna.com\/index.php\/wp-json\/wp\/v2\/types\/post"}],"author":[{"embeddable":true,"href":"https:\/\/www.aquilaguna.com\/index.php\/wp-json\/wp\/v2\/users\/1"}],"replies":[{"embeddable":true,"href":"https:\/\/www.aquilaguna.com\/index.php\/wp-json\/wp\/v2\/comments?post=18713"}],"version-history":[{"count":1,"href":"https:\/\/www.aquilaguna.com\/index.php\/wp-json\/wp\/v2\/posts\/18713\/revisions"}],"predecessor-version":[{"id":18715,"href":"https:\/\/www.aquilaguna.com\/index.php\/wp-json\/wp\/v2\/posts\/18713\/revisions\/18715"}],"wp:featuredmedia":[{"embeddable":true,"href":"https:\/\/www.aquilaguna.com\/index.php\/wp-json\/wp\/v2\/media\/18714"}],"wp:attachment":[{"href":"https:\/\/www.aquilaguna.com\/index.php\/wp-json\/wp\/v2\/media?parent=18713"}],"wp:term":[{"taxonomy":"category","embeddable":true,"href":"https:\/\/www.aquilaguna.com\/index.php\/wp-json\/wp\/v2\/categories?post=18713"},{"taxonomy":"post_tag","embeddable":true,"href":"https:\/\/www.aquilaguna.com\/index.php\/wp-json\/wp\/v2\/tags?post=18713"}],"curies":[{"name":"wp","href":"https:\/\/api.w.org\/{rel}","templated":true}]}}