{"id":18734,"date":"2024-01-01T04:24:36","date_gmt":"2024-01-01T10:24:36","guid":{"rendered":"https:\/\/www.aquilaguna.com\/?p=18734"},"modified":"2024-01-01T04:24:36","modified_gmt":"2024-01-01T10:24:36","slug":"aqui-laguna-281","status":"publish","type":"post","link":"https:\/\/www.aquilaguna.com\/index.php\/2024\/01\/01\/aqui-laguna-281\/","title":{"rendered":"Aqu\u00ed Laguna."},"content":{"rendered":"\n<p>\u00a1Felicidades!\u00a0Hemos llegado, con la voluntad de Dios, a ver el fin de ese\u00a0 complejo 2023, no diverso, del resto que nos ha tocado vivir en esta patria nuestra,\u00a0 pues la cauda que se deja, incluye avances, s\u00ed, pero tambi\u00e9n hist\u00f3ricos rezagos, que siguen constituyendo, de cara ya al 2024,\u00a0 el pr\u00f3ximo\u00a0 cat\u00e1logo de promesas, de proyectos que \u00a0 habremos de escuchar en boca de si no todos, de casi todos los\u00a0 sujetos pol\u00edticos prestos ya a participar en la contienda del pr\u00f3ximo mes de junio, en la renovaci\u00f3n de igual n\u00famero de cargos y que van desde presidente, diputados, senadores, alcaldes y cabildos\u00a0 a lo largo y ancho de este incre\u00edble pa\u00eds, que habitamos, pues como\u00a0 la ley electoral vigente, fija el mism\u00edsimo\u00a0 primer d\u00eda del a\u00f1o nuevo, para iniciar el periodo\u00a0 que\u00a0 se concede a todos los actores pol\u00edticos participantes,\u00a0que puedan pasar las barreras de las condiciones que se fijen\u00a0 no solo por el INE,\u00a0 sino en los organismos partidistas en las que militan para realizar su campa\u00f1as electorales, muchos de los cuales, en especial los que se cobijan con la bandera de MORENA,\u00a0 ya la han empezado desde antes, desde hace meses y del actual, por excepci\u00f3n, no podemos de olvidar que tambi\u00e9n ha hecho lo propio, do\u00f1a Madam X, es decir X\u00f3chitl G\u00e1lvez, mujer que encarna a &#8220;la oposici\u00f3n&#8221; constituida por las \u00e9lites\u00a0 dirigentes y sus burocracias  -o lo que queda de ellas-,\u00a0 que la integran, que ni solos o\u00a0 juntos\u00a0 han podido presentar, el elemento vital para este tipo de estrategias, es decir;\u00a0 la unidad, que permita aglutinar, un aut\u00e9ntico y fiable\u00a0 espacio \u00a0 opositor extendido a la participaci\u00f3n ciudadana.<\/p>\n\n\n\n<p>Estamos\u00a0 viendo a\u00a0 una candidata opositora, sola, sin acompa\u00f1amiento comprometido, mas all\u00e1 de la ret\u00f3rica de sus lideres partidista \u00a0 y quien\u00a0 deber\u00e1 superar \u00a0 todo tipo de escollos en su participaci\u00f3n, ya no con chistoretes, sino con un aut\u00e9nticas propuestas, \u00a0 con inmejorable como hacer para superar las condiciones que en materia de seguridad, migraci\u00f3n, delincuencia organizada, proporci\u00f3n econ\u00f3mica del pa\u00eds,\u00a0 el tema &#8220;Pemex&#8221; &#8211; barril sin fondo-, desarrollo agropecuario, \u00a0 salud, educaci\u00f3n, seguridad, infraestructura, cultura, ciencia y dem\u00e1s etc,. etc,.  que est\u00e1n\u00a0 pendientes\u00a0 y otros\u00a0 \u00a0 en vilo sobre las cabezas de miles de mexicanos inmersos en las problem\u00e1ticas que no se atienden a fondo, periodos, como estamos, en la distracci\u00f3n que electr\u00f3nicamente se difunde en\u00a0 horario matutino, a trav\u00e9s de la denominada &#8220;caja idiota&#8221; -es decir,\u00a0 con el debido respeto-, la &#8220;Ma\u00f1anera&#8221;, que sustituye con\u00a0 bla, bla, bla, modo de gobierno alguno, dise\u00f1ando e incluso imponiendo\u00a0 en ya\u00a0 muchos\u00a0 grupos de la poblaci\u00f3n, la gestaci\u00f3n de una realidad alterna, esa que vive en ama de casa, cuando acude\u00a0 surtir\u00a0 la canasta b\u00e1sica,\u00a0 y registra que la inflaci\u00f3n, que\u00a0 exhibe el gobierno,\u00a0 en nada se aparece a la que su bolsillo registra, esa que padecen\u00a0 individuos y pueblos asolados bajo la f\u00e9rula de las organizaciones criminales,\u00a0 a trav\u00e9s del cobro de piso, de la extorsi\u00f3n, cuando no la muerte y de la que ya vemos, la rebeli\u00f3n la insurgencia\u00a0 de los afectados, haciendo o tratando de hacer justicia por su propia mano ante la indiferencia previa de la autoridad,, pero, hay un tema \u00a0 m\u00e1s grave, que muchos mexicanos registran, pero no se atreven aun a se\u00f1alar, es decir, la creciente militarizaci\u00f3n de lo que fuera\u00a0 el \u00e1mbito c\u00edvico, que fija las leyes que no\u00a0 se crearon por\u00a0 milagro o generaci\u00f3n espont\u00e1nea alguna, sino\u00a0 como\u00a0 resultado, producto de muchos,\u00a0 muchos a\u00f1os, y muchas luchas, muchas derrotas y muchos h\u00e9roes.<\/p>\n\n\n\n<p>Cierto es que\u00a0 las fuerzas militares fueron sacados de sus cuarteles, por parte del nada recordable Felipe Calder\u00f3n, primero\u00a0 para protagonizar una guerra contra el narcotr\u00e1fico, que fue fallida para\u00a0 la poblaci\u00f3n, pues la violencia criminal sobrevivi\u00f3 a esa estrategia y a un costo humano memorable, pero\u00a0 la puerta abierta y la voluntad pol\u00edtica que lo hizo posible, se prolong\u00f3\u00a0 para \u00a0asignarles\u00a0 en\u00a0 acciones de seguridad p\u00fablica, sigui\u00f3 con los mismos resultados a lo largo del\u00a0 fr\u00edvolo, vacuo\u00a0 r\u00e9gimen pe\u00f1ista.<\/p>\n\n\n\n<p>El costo de tal participaci\u00f3n resultaba ya muy alta, tanto que el entonces candidato a la presidencia de la rep\u00fablica, el opositor Andr\u00e9s Manuel L\u00f3pez Obrador, promet\u00eda regresar a tales fuerzas a sus cu\u00e1rteles. Promesa fallida,y hoy se ve, no sin preocupaci\u00f3n la creciente, imparable asignaci\u00f3n de nuevas funciones de \u00a0 quienes portan verdes uniformes, no solo de funciones que tienen que ver con la seguridad p\u00fablica -que tampoco les corresponde-, sino otras de car\u00e1cter estrictamente civil  y que van desde la construcci\u00f3n y administraci\u00f3n de las inconclusas obras fara\u00f3nicas en el sureste del pa\u00eds,\u00a0 hasta la operaci\u00f3n de una resucitada l\u00ednea a\u00e9rea,\u00a0 y mas a\u00fan, la recientemente agregada, la\u00a0 guarda y distribuci\u00f3n de medicamentos, entre oras m\u00e1s.<\/p>\n\n\n\n<p>Quiz\u00e1s\u00a0 el resto, que tengan que enfrentar las pr\u00f3ximas generaciones de mexicanos, no resulte ser el solo regresar a los cuarteles a nuestros servidores de verde, sino que las funciones\u00a0 que la\u00a0 Constituci\u00f3n no les asigna -a\u00fan- , queden en manos de\u00a0 civiles. Sin duda, las fuerzas armadas en nuestro pa\u00eds, han sido a la fecha, mas all\u00e1 de\u00a0 las condiciones que se le han impuesto por el nuevo estilo de gobernar de AMLO, un historia casi impecable -mas all\u00e1 del 2 de octubre de 1968-,\u00a0 sujetos, con total lealtad\u00a0 bajo\u00a0 al mando del presidente en turno, \u00a0con reconocida aceptaci\u00f3n y reconocimiento\u00a0 por el pueblo de M\u00e9xico,\u00a0 por sus\u00a0 conocidas intervenciones\u00a0 de apoyo\u00a0 en casos de emergencia impuestas por el clima\u00a0 u otras fatalidades, que les gan\u00f3 un profundo y prolongado respeto\u00a0 que hoy se espera\u00a0 contin\u00fae.<\/p>\n\n\n\n<p>Y ya vemos, que el tiempo, ese misrno\u00a0que alcanza ya el paso del primer mes de gobierno estatal a cargo de nuevo gobernante Manolo Jim\u00e9nez Salinas,\u00a0 que asume diligente, las complejas tareas que tal cargo\u00a0 incluye\u00a0 y que para empezar, se\u00f1ala\u00a0 el de la seguridad p\u00fablica como eje central de la acci\u00f3n gubernamental, en \u00e9ste pa\u00eds, el factor sobre el que\u00a0 estar\u00e1 girando como lo es a la fecha en Coahuila, \u00a0 sobre el que se\u00a0 ejerza el resto de\u00a0 la acci\u00f3n gubernamental\u00a0 en todos su \u00e1mbitos.<\/p>\n\n\n\n<p>En este lapso es notable el\u00a0 estilo que\u00a0 ha seleccionado el joven gobernador\u00a0 en la\u00a0 compleja relaci\u00f3n con el Presidente Andr\u00e9s L\u00f3pez Obrador, visible, pues de eso se trata en la \u00faltima visita que registra \u00a0 el personaje central de la vida mexicana a las tierras\u00a0 laguneras\u00a0 y poner en marcha su \u00fanico y magno proyecto denominado &#8220;Agua Saludable para la Laguna&#8221;, el cual debe de ser,\u00a0 solo\u00a0se ha realizado a la fecha un tramo y faltan muchos m\u00e1s, por lo que\u00a0 va para largo, si se\u00a0 recuerda que\u00a0 el objetivo del mismo, es aportar\u00a0 los caudales procedentes de la Presa El Palmito -L\u00e1zaro\u00a0 C\u00e1rdenas-, aguas que previa potabilizaci\u00f3n, deber\u00e1n llegar por lo menos a su almacenaje, a los megatanques receptores\u00a0 ubicados en la cabecera de cada uno de los nueve municipios\u00a0 participantes de los Estados de Coahuila y Durango, afectados desde hace a\u00f1os de\u00a0 arsenicismo,\u00a0 cuyo impacto\u00a0 negativo, en la salud de sus\u00a0 habitantes\u00a0 no se ha contabilizado\u00a0 puntualmente, de ah\u00ed que finalmente corresponder a los Gobernadores de ambos entidades y obvio, los \u00a0 municipios, algunos por dem\u00e1s pauperizados.<\/p>\n\n\n\n<p>En tanto muchos comentarios desata la realizaci\u00f3n, a distancia -sin pandemia, de por medio, solo al parecer, flojera-, de la ultima Sesi\u00f3n del Cabildo de Torre\u00f3n, apenas ayer, por lo que ahora se espera que\u00a0 el pago de su dieta quincenal, tambi\u00e9n sea de car\u00e1cter\u00a0 virtual&#8230;<\/p>\n\n\n\n<p>Y\u00a0 solo resta este d\u00eda, desear\u00a0 con sinceridad que\u00a0 para todos,\u00a0 la vida\u00a0 que nos resta y nos espera por\u00a0 transitar a juntos, este llena de paz y de realizaciones en compa\u00f1\u00eda de\u00a0 los suyos. \u00a1\u00a1Feliz A\u00f1o Nuevo!!<\/p>\n","protected":false},"excerpt":{"rendered":"<p>\u00a1Felicidades!\u00a0Hemos llegado, con la voluntad de Dios, a ver el fin de ese\u00a0 complejo 2023, no diverso, del resto que nos ha tocado vivir en esta patria nuestra,\u00a0 pues la cauda que se deja, incluye avances, s\u00ed, pero tambi\u00e9n hist\u00f3ricos rezagos, que siguen constituyendo, de cara ya al 2024,\u00a0 el pr\u00f3ximo\u00a0 cat\u00e1logo de promesas, de proyectos que \u00a0 habremos de escuchar en boca de si no todos, de casi todos&#8230;<\/p>\n","protected":false},"author":2,"featured_media":0,"comment_status":"closed","ping_status":"","sticky":false,"template":"","format":"standard","meta":{"footnotes":""},"categories":[8],"tags":[],"class_list":["post-18734","post","type-post","status-publish","format-standard","hentry","category-aqui-laguna","wpcat-8-id"],"_links":{"self":[{"href":"https:\/\/www.aquilaguna.com\/index.php\/wp-json\/wp\/v2\/posts\/18734","targetHints":{"allow":["GET"]}}],"collection":[{"href":"https:\/\/www.aquilaguna.com\/index.php\/wp-json\/wp\/v2\/posts"}],"about":[{"href":"https:\/\/www.aquilaguna.com\/index.php\/wp-json\/wp\/v2\/types\/post"}],"author":[{"embeddable":true,"href":"https:\/\/www.aquilaguna.com\/index.php\/wp-json\/wp\/v2\/users\/2"}],"replies":[{"embeddable":true,"href":"https:\/\/www.aquilaguna.com\/index.php\/wp-json\/wp\/v2\/comments?post=18734"}],"version-history":[{"count":1,"href":"https:\/\/www.aquilaguna.com\/index.php\/wp-json\/wp\/v2\/posts\/18734\/revisions"}],"predecessor-version":[{"id":18735,"href":"https:\/\/www.aquilaguna.com\/index.php\/wp-json\/wp\/v2\/posts\/18734\/revisions\/18735"}],"wp:attachment":[{"href":"https:\/\/www.aquilaguna.com\/index.php\/wp-json\/wp\/v2\/media?parent=18734"}],"wp:term":[{"taxonomy":"category","embeddable":true,"href":"https:\/\/www.aquilaguna.com\/index.php\/wp-json\/wp\/v2\/categories?post=18734"},{"taxonomy":"post_tag","embeddable":true,"href":"https:\/\/www.aquilaguna.com\/index.php\/wp-json\/wp\/v2\/tags?post=18734"}],"curies":[{"name":"wp","href":"https:\/\/api.w.org\/{rel}","templated":true}]}}