{"id":18859,"date":"2024-01-11T17:39:51","date_gmt":"2024-01-11T23:39:51","guid":{"rendered":"https:\/\/www.aquilaguna.com\/?p=18859"},"modified":"2024-01-11T17:39:51","modified_gmt":"2024-01-11T23:39:51","slug":"se-gradua-la-generacion-xxxiii-de-bachilleres-de-la-preparatoria-numero-uno-de-la-uadec","status":"publish","type":"post","link":"https:\/\/www.aquilaguna.com\/index.php\/2024\/01\/11\/se-gradua-la-generacion-xxxiii-de-bachilleres-de-la-preparatoria-numero-uno-de-la-uadec\/","title":{"rendered":"Se Grad\u00faa la Generaci\u00f3n XXXIII de Bachilleres de la Preparatoria N\u00famero Uno de la UAdeC."},"content":{"rendered":"\n<p>SALTILLO, Coahuila. 11 de enero de 2024. Para celebrar la conclusi\u00f3n de su<br>Educaci\u00f3n Media Superior, este jueves, se llev\u00f3 a cabo la ceremonia de<br>graduaci\u00f3n de la generaci\u00f3n XXXIII de la Preparatoria N\u00famero Uno de la<br>Universidad Aut\u00f3noma de Coahuila, en la que 45 alumnos recibieron la constancia<br>que los acredita como bachilleres graduados.<\/p>\n\n\n\n<p>En la ceremonia realizada en la Sala de Seminarios \u201cEmilio J. Talam\u00e1s\u201d, asisti\u00f3 en<br>representaci\u00f3n del rector de la UAdeC, Salvador Hern\u00e1ndez V\u00e9lez, la jefa del<br>Departamento de Asuntos Acad\u00e9micos de la Coordinaci\u00f3n de Unidad Saltillo,<br>Hayde\u00e9 de la Garza Rodr\u00edguez.<\/p>\n\n\n\n<p>Qui\u00e9n en su mensaje, la jefa del Departamento de Asuntos Acad\u00e9micos de la<br>CUS, agradeci\u00f3 la invitaci\u00f3n y felicit\u00f3 a los j\u00f3venes graduados por culminar su<br>bachillerato y les dese\u00f3 \u00e9xito en sus futuros proyectos de vida.<\/p>\n\n\n\n<p>Tambi\u00e9n reconoci\u00f3 la labor de los padres de familia, inst\u00e1ndolos a seguir<br>apoyando a sus hijos para que se conviertan en personas de bien y contin\u00faen sus<br>estudios profesionales en la m\u00e1xima casa de estudios en alguna licenciatura o<br>ingenier\u00eda.<\/p>\n\n\n\n<p>Por su parte la coordinadora de la Prepa Uno, Mar\u00eda de los \u00c1ngeles Magallanes<br>Monreal se congratul\u00f3 por la presencia de familiares y amigos de los graduados, a<br>la vez que reconoci\u00f3 la contribuci\u00f3n de docentes en este proceso de conclusi\u00f3n de<br>sus estudios gracias a responsabilidad, esfuerzo y desaf\u00edos librados.<\/p>\n\n\n\n<p>En representaci\u00f3n de las y los graduados, las alumnas Valeria Michelle Garc\u00eda<br>V\u00e1zquez y F\u00e1tima Estefan\u00eda Gonz\u00e1lez Lozano dijeron que han culminado con<br>\u00e9xito su etapa de bachillerato, despidi\u00e9ndose con nostalgia de amigos, maestros y<br>de la instituci\u00f3n que les brind\u00f3 valiosos conocimientos.<\/p>\n\n\n\n<p>Agradecieron a los amigos que siempre las respaldaron, a los familiares que las<br>motivaron y, en especial, a los maestros que las guiaron con dedicaci\u00f3n que les<br>permitir\u00e1 enfrentar al desaf\u00edo de continuar con su camino universitario con<br>determinaci\u00f3n.<\/p>\n\n\n\n<p>Durante el evento se entreg\u00f3 el diploma de aprovechamiento al mejor promedio de<br>la generaci\u00f3n al estudiante Jes\u00fas Israel Carre\u00f3n Segovia, de igual forma, se<br>reconoci\u00f3 a docentes de la Preparatoria por su labor educativa en sus a\u00f1os de<br>servicio, recibi\u00f3 en representaci\u00f3n del Lic. Humberto Pulgar\u00edn Rivera, su hijo<br>Marco Antonio Pulgar\u00edn S\u00e1nchez.<\/p>\n\n\n\n<p>As\u00ed como a la MC. Yolanda S\u00e1nchez Garc\u00eda; el Ing. Aurelio Ibarra Reyes, La QFB.<br>Francisca Franco Magallanes y el Ing. Jes\u00fas Balderas Reyes y se entreg\u00f3<br>reconocimiento en memoria a los familiares del Lic. Edmundo Francisco Berlanga.<\/p>\n","protected":false},"excerpt":{"rendered":"<p>SALTILLO, Coahuila. 11 de enero de 2024. Para celebrar la conclusi\u00f3n de suEducaci\u00f3n Media Superior, este jueves, se llev\u00f3 a cabo la ceremonia degraduaci\u00f3n de la generaci\u00f3n XXXIII de la Preparatoria N\u00famero Uno de laUniversidad Aut\u00f3noma de Coahuila, en la que 45 alumnos recibieron la constanciaque los acredita como bachilleres graduados. En la ceremonia realizada en la Sala de Seminarios \u201cEmilio J. Talam\u00e1s\u201d, asisti\u00f3 enrepresentaci\u00f3n del rector de la UAdeC,&#8230;<\/p>\n","protected":false},"author":1,"featured_media":18860,"comment_status":"closed","ping_status":"closed","sticky":false,"template":"","format":"standard","meta":{"footnotes":""},"categories":[2],"tags":[],"class_list":["post-18859","post","type-post","status-publish","format-standard","has-post-thumbnail","hentry","category-uadec","wpcat-2-id"],"_links":{"self":[{"href":"https:\/\/www.aquilaguna.com\/index.php\/wp-json\/wp\/v2\/posts\/18859","targetHints":{"allow":["GET"]}}],"collection":[{"href":"https:\/\/www.aquilaguna.com\/index.php\/wp-json\/wp\/v2\/posts"}],"about":[{"href":"https:\/\/www.aquilaguna.com\/index.php\/wp-json\/wp\/v2\/types\/post"}],"author":[{"embeddable":true,"href":"https:\/\/www.aquilaguna.com\/index.php\/wp-json\/wp\/v2\/users\/1"}],"replies":[{"embeddable":true,"href":"https:\/\/www.aquilaguna.com\/index.php\/wp-json\/wp\/v2\/comments?post=18859"}],"version-history":[{"count":1,"href":"https:\/\/www.aquilaguna.com\/index.php\/wp-json\/wp\/v2\/posts\/18859\/revisions"}],"predecessor-version":[{"id":18861,"href":"https:\/\/www.aquilaguna.com\/index.php\/wp-json\/wp\/v2\/posts\/18859\/revisions\/18861"}],"wp:featuredmedia":[{"embeddable":true,"href":"https:\/\/www.aquilaguna.com\/index.php\/wp-json\/wp\/v2\/media\/18860"}],"wp:attachment":[{"href":"https:\/\/www.aquilaguna.com\/index.php\/wp-json\/wp\/v2\/media?parent=18859"}],"wp:term":[{"taxonomy":"category","embeddable":true,"href":"https:\/\/www.aquilaguna.com\/index.php\/wp-json\/wp\/v2\/categories?post=18859"},{"taxonomy":"post_tag","embeddable":true,"href":"https:\/\/www.aquilaguna.com\/index.php\/wp-json\/wp\/v2\/tags?post=18859"}],"curies":[{"name":"wp","href":"https:\/\/api.w.org\/{rel}","templated":true}]}}