{"id":18869,"date":"2024-01-11T19:06:15","date_gmt":"2024-01-12T01:06:15","guid":{"rendered":"https:\/\/www.aquilaguna.com\/?p=18869"},"modified":"2024-01-11T19:06:15","modified_gmt":"2024-01-12T01:06:15","slug":"roman-alberto-cepeda-redisenara-estrategias-despues-de-rompimiento-del-pan-con-alianza","status":"publish","type":"post","link":"https:\/\/www.aquilaguna.com\/index.php\/2024\/01\/11\/roman-alberto-cepeda-redisenara-estrategias-despues-de-rompimiento-del-pan-con-alianza\/","title":{"rendered":"Rom\u00e1n Alberto Cepeda redise\u00f1ar\u00e1 estrategias despu\u00e9s de rompimiento del PAN con Alianza."},"content":{"rendered":"\n<p>Torre\u00f3n, Coahuila.- Reconoce el alcalde Rom\u00e1n Alberto Cepeda Gonz\u00e1lez,\u00a0 el mejor posicionado\u00a0 de los aspirantes a figurar como  candidato\u00a0 -en su caso a una reelecci\u00f3n-, a la alcald\u00eda de Torre\u00f3n, que hoy mismo ocupa, luego del\u00a0 abrupto\u00a0 rompimiento\u00a0 del\u00a0 PAN, como parte\u00a0 de la \u00a0 Alianza Fuerza y Coraz\u00f3n\u00a0 por M\u00e9xico\u00a0 y que\u00a0 lo obliga, al igual que al resto de los pretendientes  por tal cargo a\u00a0 redise\u00f1ar,\u00a0 sus estrategias para lograr el citado objetivo.\u00a0<\/p>\n\n\n\n<p>Se tendr\u00e1n, dijo, &#8220;que reorientar mecanismos, pero\u00a0 mi postura sigue firme&#8221;.<\/p>\n\n\n\n<p>Agreg\u00f3 que,\u00a0 &#8220;lo que yo si s\u00e9, es que hay mucho camino por recorrer, hay\u00a0 mucho trabajo por hacer, en el orden de las decisiones, federal, que es un tema que les toca a ellos, hacerlo&#8221;.<\/p>\n\n\n\n<p>Nosotros, afirm\u00f3,\u00a0&#8220;vamos a seguir, y en su momento que se tengan las reglas claras, habremos de tomar la decisi\u00f3n&#8221;.<\/p>\n\n\n\n<p>&#8220;Yo lo dije y lo ratifico; estoy ocupado y preocupado por Torre\u00f3n. A mi me eligieron\u00a0 el 2021 y cada d\u00eda de mi gobierno ha sido en ese sentido,\u00a0 mi compromiso\u00a0 de una profunda responsabilidad\u00a0 y trabajo y de escuchar a la gente, a los torreonenses, todos los d\u00edas&#8221;.<\/p>\n\n\n\n<p>&#8220;En el momento que est\u00e9 definido,\u00a0 yo estar\u00e9 listo. Yo lo dije, estoy listo con o sin,\u00a0 yo lo dije, tengo grandes amigos de esos institutos\u00a0 y de todas las ideolog\u00edas pol\u00edticas y bueno habremos de construir en la firma como se tenga planeado hacerlo. Sin duda, se tienen que definir mecanismos, tiempos. Yo soy profundamente respetuoso en esos sentidos, pero hoy, yo soy alcalde y seguir siendo alcalde todo el 2024&#8221;.<\/p>\n\n\n\n<p>Entonces, agreg\u00f3 que,\u00a0 &#8220;hoy la ciudadan\u00eda no\u00a0 puede estar a expensas de una orden desde la Ciudad de M\u00e9xico. Tenemos que seguir trabajando&#8221;.<\/p>\n\n\n\n<p>Dijo luego haber sido junto con el Gobernador Manolo Jim\u00e9nez Salinas, el principal promotor de la instalaci\u00f3n de la denominada\u00a0 Mesa\u00a0 Ciudadana de Seguridad y Desarrollo Regional, que habr\u00e1 de poner en marcha en unos cuantos d\u00edas m\u00e1s\u00a0 en esta ciudad.<\/p>\n\n\n\n<p>&#8220;Este es un tema que me toc\u00f3 a mi,\u00a0 iniciar bajo\u00a0 un tema grav\u00edsimo: el Covid-19, \u00a0 y que hoy continuar\u00e1 bajo otro orden de estrategia, de foros,\u00a0 que tienen que ver con estrategias regionales, y que al final d\u00eda, me congratulo de que el Gobernador\u00a0 haya aprobado \u00e9sta estrategia, a la cual yo estoy sumado,\u00a0 y que tiene que ver con respuestas a\u00a0 asuntos de car\u00e1cter regional y evidentemente de Torre\u00f3n&#8221;.<\/p>\n\n\n\n<p>En cuanto a\u00a0 los saldos que le dej\u00f3 la\u00a0 reuni\u00f3n con los integrantes del CLIP,\u00a0 estim\u00f3 que,\u00a0 &#8220;son los que tendr\u00e1n\u00a0 que ver\u00a0 con este 2024,\u00a0 y que fueron todos, trabajo conjunto y\u00a0 coordinado\u00a0 desde el 2023, y este 2024, para seguir fortaleciendo una estrategia de desarrollo en materia de infraestructura \u00a0 de materia econ\u00f3mica y principalmente\u00a0 de seguridad y que Torre\u00f3n siga creciendo,\u00a0 siga avanzando&#8221;.<\/p>\n","protected":false},"excerpt":{"rendered":"<p>Torre\u00f3n, Coahuila.- Reconoce el alcalde Rom\u00e1n Alberto Cepeda Gonz\u00e1lez,\u00a0 el mejor posicionado\u00a0 de los aspirantes a figurar como candidato\u00a0 -en su caso a una reelecci\u00f3n-, a la alcald\u00eda de Torre\u00f3n, que hoy mismo ocupa, luego del\u00a0 abrupto\u00a0 rompimiento\u00a0 del\u00a0 PAN, como parte\u00a0 de la \u00a0 Alianza Fuerza y Coraz\u00f3n\u00a0 por M\u00e9xico\u00a0 y que\u00a0 lo obliga, al igual que al resto de los pretendientes por tal cargo a\u00a0 redise\u00f1ar,\u00a0 sus estrategias&#8230;<\/p>\n","protected":false},"author":2,"featured_media":0,"comment_status":"closed","ping_status":"","sticky":false,"template":"","format":"standard","meta":{"footnotes":""},"categories":[5,42,28,7],"tags":[],"class_list":["post-18869","post","type-post","status-publish","format-standard","hentry","category-coahuila","category-elecciones","category-la-laguna","category-torreon","wpcat-5-id","wpcat-42-id","wpcat-28-id","wpcat-7-id"],"_links":{"self":[{"href":"https:\/\/www.aquilaguna.com\/index.php\/wp-json\/wp\/v2\/posts\/18869","targetHints":{"allow":["GET"]}}],"collection":[{"href":"https:\/\/www.aquilaguna.com\/index.php\/wp-json\/wp\/v2\/posts"}],"about":[{"href":"https:\/\/www.aquilaguna.com\/index.php\/wp-json\/wp\/v2\/types\/post"}],"author":[{"embeddable":true,"href":"https:\/\/www.aquilaguna.com\/index.php\/wp-json\/wp\/v2\/users\/2"}],"replies":[{"embeddable":true,"href":"https:\/\/www.aquilaguna.com\/index.php\/wp-json\/wp\/v2\/comments?post=18869"}],"version-history":[{"count":1,"href":"https:\/\/www.aquilaguna.com\/index.php\/wp-json\/wp\/v2\/posts\/18869\/revisions"}],"predecessor-version":[{"id":18870,"href":"https:\/\/www.aquilaguna.com\/index.php\/wp-json\/wp\/v2\/posts\/18869\/revisions\/18870"}],"wp:attachment":[{"href":"https:\/\/www.aquilaguna.com\/index.php\/wp-json\/wp\/v2\/media?parent=18869"}],"wp:term":[{"taxonomy":"category","embeddable":true,"href":"https:\/\/www.aquilaguna.com\/index.php\/wp-json\/wp\/v2\/categories?post=18869"},{"taxonomy":"post_tag","embeddable":true,"href":"https:\/\/www.aquilaguna.com\/index.php\/wp-json\/wp\/v2\/tags?post=18869"}],"curies":[{"name":"wp","href":"https:\/\/api.w.org\/{rel}","templated":true}]}}