{"id":18914,"date":"2024-01-16T11:08:26","date_gmt":"2024-01-16T17:08:26","guid":{"rendered":"https:\/\/www.aquilaguna.com\/?p=18914"},"modified":"2024-01-16T11:08:27","modified_gmt":"2024-01-16T17:08:27","slug":"la-ua-de-c-es-un-gran-orgullo-para-coahuila-manolo","status":"publish","type":"post","link":"https:\/\/www.aquilaguna.com\/index.php\/2024\/01\/16\/la-ua-de-c-es-un-gran-orgullo-para-coahuila-manolo\/","title":{"rendered":"La UA de C es un gran orgullo para Coahuila: Manolo."},"content":{"rendered":"\n<p>\u00b7&nbsp;&nbsp;&nbsp;&nbsp;&nbsp;&nbsp;<strong><em>Acompa\u00f1a Gobernador del Estado al rector Salvador Hern\u00e1ndez en su tercer informe de resultados<\/em><\/strong><\/p>\n\n\n\n<p>\u00b7&nbsp;&nbsp;&nbsp;&nbsp;&nbsp;&nbsp;<strong><em>Es una gran Universidad con mucha competitividad que debemos cuidar: Manolo<\/em><\/strong><\/p>\n\n\n\n<p>Arteaga, Coahuila de Zaragoza; a 15 de enero de 2023.- Al acompa\u00f1ar al rector Jes\u00fas Salvador Hern\u00e1ndez V\u00e9lez en la presentaci\u00f3n de su tercer informe de resultados al frente de la Universidad Aut\u00f3noma de Coahuila, el gobernador Manolo Jim\u00e9nez Salinas reiter\u00f3 su apoyo y respaldo a la comunidad universitaria para seguir consolidando a la UAdeC como una gran instituci\u00f3n.<\/p>\n\n\n\n<p>\u201cHoy quiero reiterarles mi apoyo; quiero decirles que cuentan conmigo al 100 por ciento para desarrollar los proyectos, programas, las obras que ustedes crean que son importantes para su Universidad\u201d, mencion\u00f3.<\/p>\n\n\n\n<p>Jim\u00e9nez Salinas se\u00f1al\u00f3 que la UAdeC es una de las mejores instituciones que tenemos en Coahuila, y que es grande porque fue construida por todas y todos los universitarios, por lo que es muy importante que, en equipo, la cuidemos y la fortalezcamos.<\/p>\n\n\n\n<p>\u201cSi tenemos una universidad fuerte, tenemos un estado fuerte\u201d, indic\u00f3, al tiempo de comentar que la competitividad y el desarrollo de Coahuila est\u00e1n ligados completamente a que la universidad vaya avanzando por un buen rumbo.<\/p>\n\n\n\n<p>\u201cEl que Coahuila sea un estado desarrollado, con oportunidades, tiene que ver directamente con el trabajo de todas y todos ustedes de esta gran comunidad\u201d, expres\u00f3.<\/p>\n\n\n\n<p>El gobernador del Estado dijo que el mayor tesoro que tiene una ciudad, un estado o un Pa\u00eds son sus ni\u00f1as, ni\u00f1as, adolescentes y j\u00f3venes, \u201cpor eso, les quiero pedir de favor que nos ayuden a seguir fortaleciendo la formaci\u00f3n de las y los j\u00f3venes coahuilenses, que se sigan preparando, porque si tenemos j\u00f3venes preparados, somos un estado que nos fortalecemos en la competitividad\u201d, expuso.<\/p>\n\n\n\n<p>Manolo Jim\u00e9nez felicit\u00f3 al rector salvador Hern\u00e1ndez V\u00e9lez por sus seis a\u00f1os de trabajo al frente de la universidad, y lo invit\u00f3 a formar parte de su equipo de trabajo, para apoyar en el tema de educaci\u00f3n, una vez que finalice de manera formal su gesti\u00f3n universitaria.<\/p>\n\n\n\n<p>Record\u00f3 que su administraci\u00f3n tiene un plan ejecutivo para los primeros cien d\u00edas, donde se est\u00e1n enfocando en los temas m\u00e1s importantes para las y los coahuilenses como lo es la seguridad, el desarrollo social, el desarrollo econ\u00f3mico, y de esa manera, trabajando todos en equipo, asegur\u00f3 que se seguir\u00e1 consolidando a la UAdeC como uno de los mejores lugares para estudiar en M\u00e9xico, \u201cy estaremos consolidando a Coahuila como uno de los mejores lugares para vivir con nuestras familias en este Pa\u00eds\u201d.<\/p>\n\n\n\n<p>Resalt\u00f3 que hay un punto de encuentro entre todos, y es que le vaya bien a la UAdeC.<\/p>\n\n\n\n<p>\u201cCuenta con nosotros, vamos juntos pa\u2019delante a pasos de gigante\u201d, enfatiz\u00f3 el gobernador Manolo Jim\u00e9nez.<\/p>\n\n\n\n<p>Por su parte, el rector Salvador Hern\u00e1ndez V\u00e9lez agradeci\u00f3 a Manolo Jim\u00e9nez por su apoyo brindado desde sus diferentes instancias como servidor p\u00fablico.<\/p>\n\n\n\n<p>Destac\u00f3 el trabajo coordinado de toda la comunidad universitaria para poder alcanzar las metas y objetivos trazados.<\/p>\n\n\n\n<p>\u201cJuntos logramos una transformaci\u00f3n sin precedentes para la Universidad Aut\u00f3noma de Coahuila, misma que ha tenido un crecimiento palpable en casi todos los indicadores\u201d, resalt\u00f3 Hern\u00e1ndez V\u00e9lez.<\/p>\n","protected":false},"excerpt":{"rendered":"<p>\u00b7&nbsp;&nbsp;&nbsp;&nbsp;&nbsp;&nbsp;Acompa\u00f1a Gobernador del Estado al rector Salvador Hern\u00e1ndez en su tercer informe de resultados \u00b7&nbsp;&nbsp;&nbsp;&nbsp;&nbsp;&nbsp;Es una gran Universidad con mucha competitividad que debemos cuidar: Manolo Arteaga, Coahuila de Zaragoza; a 15 de enero de 2023.- Al acompa\u00f1ar al rector Jes\u00fas Salvador Hern\u00e1ndez V\u00e9lez en la presentaci\u00f3n de su tercer informe de resultados al frente de la Universidad Aut\u00f3noma de Coahuila, el gobernador Manolo Jim\u00e9nez Salinas reiter\u00f3 su apoyo y respaldo&#8230;<\/p>\n","protected":false},"author":1,"featured_media":18915,"comment_status":"closed","ping_status":"closed","sticky":false,"template":"","format":"standard","meta":{"footnotes":""},"categories":[2],"tags":[],"class_list":["post-18914","post","type-post","status-publish","format-standard","has-post-thumbnail","hentry","category-uadec","wpcat-2-id"],"_links":{"self":[{"href":"https:\/\/www.aquilaguna.com\/index.php\/wp-json\/wp\/v2\/posts\/18914","targetHints":{"allow":["GET"]}}],"collection":[{"href":"https:\/\/www.aquilaguna.com\/index.php\/wp-json\/wp\/v2\/posts"}],"about":[{"href":"https:\/\/www.aquilaguna.com\/index.php\/wp-json\/wp\/v2\/types\/post"}],"author":[{"embeddable":true,"href":"https:\/\/www.aquilaguna.com\/index.php\/wp-json\/wp\/v2\/users\/1"}],"replies":[{"embeddable":true,"href":"https:\/\/www.aquilaguna.com\/index.php\/wp-json\/wp\/v2\/comments?post=18914"}],"version-history":[{"count":1,"href":"https:\/\/www.aquilaguna.com\/index.php\/wp-json\/wp\/v2\/posts\/18914\/revisions"}],"predecessor-version":[{"id":18916,"href":"https:\/\/www.aquilaguna.com\/index.php\/wp-json\/wp\/v2\/posts\/18914\/revisions\/18916"}],"wp:featuredmedia":[{"embeddable":true,"href":"https:\/\/www.aquilaguna.com\/index.php\/wp-json\/wp\/v2\/media\/18915"}],"wp:attachment":[{"href":"https:\/\/www.aquilaguna.com\/index.php\/wp-json\/wp\/v2\/media?parent=18914"}],"wp:term":[{"taxonomy":"category","embeddable":true,"href":"https:\/\/www.aquilaguna.com\/index.php\/wp-json\/wp\/v2\/categories?post=18914"},{"taxonomy":"post_tag","embeddable":true,"href":"https:\/\/www.aquilaguna.com\/index.php\/wp-json\/wp\/v2\/tags?post=18914"}],"curies":[{"name":"wp","href":"https:\/\/api.w.org\/{rel}","templated":true}]}}