{"id":18937,"date":"2024-01-16T20:07:15","date_gmt":"2024-01-17T02:07:15","guid":{"rendered":"https:\/\/www.aquilaguna.com\/?p=18937"},"modified":"2024-01-16T20:09:04","modified_gmt":"2024-01-17T02:09:04","slug":"trasciende-version-que-miguel-riquelme-sera-candidato-a-senado-por-coahuila","status":"publish","type":"post","link":"https:\/\/www.aquilaguna.com\/index.php\/2024\/01\/16\/trasciende-version-que-miguel-riquelme-sera-candidato-a-senado-por-coahuila\/","title":{"rendered":"Trasciende versi\u00f3n que Miguel Riquelme ser\u00e1 candidato a Senado por Coahuila."},"content":{"rendered":"\n<p>Torre\u00f3n, Coahuila.-&nbsp; Solo&nbsp; como&nbsp; trascendido, corri\u00f3 este d\u00eda,&nbsp; la versi\u00f3n de que ser\u00e1 este&nbsp; mi\u00e9rcoles 17 de enero, cuando&nbsp; el ex gobernador Miguel Angel Riquelme Solis,&nbsp; registre&nbsp; su pretensi\u00f3n de figurar como&nbsp; el candidato de la denominada Alianza &#8220;Fuerza y Coraz\u00f3n por M\u00e9xico&#8221;&nbsp; para encabezar la f\u00f3rmula&nbsp; por la&nbsp; candidatura&nbsp; de mayor\u00eda al Senado de la Rep\u00fablica, teniendo como compa\u00f1era en esta intenci\u00f3n&nbsp; a &nbsp; B\u00e1rbara Cepeda Boehringer.&nbsp;<\/p>\n\n\n\n<p>&nbsp;Se &nbsp; indico tambi\u00e9n que &nbsp; la se\u00f1ora Cepeda Boheringer era hasta este d\u00eda&nbsp; diputada local &nbsp; miembro de la&nbsp; nueva Legislatura&nbsp; estatal, y estar\u00eda renunciando para estar en&nbsp; la condici\u00f3n que marca la ley electoral&nbsp; para competir en la&nbsp; nueva elecci\u00f3n federal&nbsp; en puerta y que estar\u00e1 culminando &nbsp; el pr\u00f3ximo primer domingo de junio del presente.&nbsp;<\/p>\n\n\n\n<p>De consumarse tal versi\u00f3n este d\u00eda, se confirmar\u00eda&nbsp; una de las versiones que&nbsp; corren y se comentan en&nbsp; los mentideros pol\u00edticos del Estado y la regi\u00f3n, sobre el futuro&nbsp; en este \u00e1mbito que pueda construir el ex gobernador Riquelme Solis, quien dejara&nbsp; el cargo el pasado 30 de&nbsp; noviembre, bajo&nbsp; notable aprobaci\u00f3n de los coahuilenses a su gesti\u00f3n al frente del Gobierno de Coahuila,&nbsp; &nbsp; y que se ha evidenciado como uno de los factores que hizo posible que el nuevo Gobernador&nbsp; Manolo Jim\u00e9nez&nbsp; Salinas, &nbsp; haya alcanzado la hist\u00f3rica votaci\u00f3n&nbsp; con la que&nbsp; el Partido Revolucionario Institucional haya retenido &nbsp; bajo su&nbsp; bandera el  Gobierno&nbsp; estatal&nbsp; a lo largo del sexenio iniciado el pasado primero de diciembre del 2023.&nbsp;<\/p>\n\n\n\n<p>Con este trascendido, qued\u00f3 tambi\u00e9n desechada la versi\u00f3n de que ser\u00eda Jeric\u00f3 Abramo Masso,\u00a0 quien encabezara la f\u00f3rmula a cargo del\u00a0 PRI, \u00a0 para el cargo senatorial de mayor\u00eda,\u00a0 que tambi\u00e9n se dijo \u00a0 pretend\u00eda. Sin embargo, ya figura como candidato a diputado federal, repetidor en su Distrito.<\/p>\n\n\n\n<p>Se recuerda que\u00a0 el\u00a0 PRI\u00a0 desde hace \u00a0 30 a\u00f1os, no logra ganar un Senador de Mayor\u00eda, amen de que en la historia pol\u00edtica de Coahuila solo dos ex gobernadores de Coahuila, han logrado\u00a0 luego de desempe\u00f1arse como tales\u00a0 y al t\u00e9rmino de sus mandatos,  alcanzar el cargo de Senadores, siendo estos Nazario Ortiz Garza y\u00a0 Don Braulio\u00a0 Fern\u00e1ndez Aguirre.<\/p>\n\n\n\n<p>Se ha desvelado ya que ser\u00e1n&nbsp; Hugo D\u00e1vila y Ver\u00f3nica Mart\u00ednez, quienes ser\u00e1n postulados para&nbsp; la elecci\u00f3n de nuevos diputados federales en los Distritos V y VI, luego de que el primero como diputado local y la segunda como Senadora, quienes estar\u00e1n&nbsp; solicitando licencia en ambos cargos, para proceder al nuevo registro mencionado.<\/p>\n\n\n\n<p><strong>ELECCI\u00d3N EN LA UAC.<\/strong><\/p>\n\n\n\n<p>Luego&nbsp;de haberse alcanzado &nbsp;un &#8220;Candidato de Unidad&#8221; para el cargo de&nbsp; nuevo Rector en la sucesi\u00f3n del Ingeniero Salvador Hern\u00e1ndez Velez, en la persona&nbsp; del Licenciado Alfonso Octavio Pimentel Mart\u00ednez, quien esta ma\u00f1ana realiz\u00f3 su registro ante la Comisi\u00f3n&nbsp; Electoral,&nbsp;acci\u00f3n que &#8220;jal\u00f3&#8221; a decenas de universitarios laguneros hacia la capital del Estado y no perderse  de tal momento.&nbsp;&nbsp;<\/p>\n\n\n\n<p>Con&nbsp; campa\u00f1a electoral&nbsp; ya en marcha este mismo mi\u00e9rcoles&nbsp; y que tendr\u00e1&nbsp; como t\u00e9rmino el d\u00eda \u00faltimo del presente mes, proceso al que est\u00e1n llamados a participar m\u00e1s&nbsp; de 40 mil universitarios, incluidos los docentes.&nbsp;<\/p>\n","protected":false},"excerpt":{"rendered":"<p>Torre\u00f3n, Coahuila.-&nbsp; Solo&nbsp; como&nbsp; trascendido, corri\u00f3 este d\u00eda,&nbsp; la versi\u00f3n de que ser\u00e1 este&nbsp; mi\u00e9rcoles 17 de enero, cuando&nbsp; el ex gobernador Miguel Angel Riquelme Solis,&nbsp; registre&nbsp; su pretensi\u00f3n de figurar como&nbsp; el candidato de la denominada Alianza &#8220;Fuerza y Coraz\u00f3n por M\u00e9xico&#8221;&nbsp; para encabezar la f\u00f3rmula&nbsp; por la&nbsp; candidatura&nbsp; de mayor\u00eda al Senado de la Rep\u00fablica, teniendo como compa\u00f1era en esta intenci\u00f3n&nbsp; a &nbsp; B\u00e1rbara Cepeda Boehringer.&nbsp; &nbsp;Se &nbsp;&#8230;<\/p>\n","protected":false},"author":2,"featured_media":0,"comment_status":"closed","ping_status":"","sticky":false,"template":"","format":"standard","meta":{"footnotes":""},"categories":[5,16],"tags":[],"class_list":["post-18937","post","type-post","status-publish","format-standard","hentry","category-coahuila","category-pri","wpcat-5-id","wpcat-16-id"],"_links":{"self":[{"href":"https:\/\/www.aquilaguna.com\/index.php\/wp-json\/wp\/v2\/posts\/18937","targetHints":{"allow":["GET"]}}],"collection":[{"href":"https:\/\/www.aquilaguna.com\/index.php\/wp-json\/wp\/v2\/posts"}],"about":[{"href":"https:\/\/www.aquilaguna.com\/index.php\/wp-json\/wp\/v2\/types\/post"}],"author":[{"embeddable":true,"href":"https:\/\/www.aquilaguna.com\/index.php\/wp-json\/wp\/v2\/users\/2"}],"replies":[{"embeddable":true,"href":"https:\/\/www.aquilaguna.com\/index.php\/wp-json\/wp\/v2\/comments?post=18937"}],"version-history":[{"count":2,"href":"https:\/\/www.aquilaguna.com\/index.php\/wp-json\/wp\/v2\/posts\/18937\/revisions"}],"predecessor-version":[{"id":18939,"href":"https:\/\/www.aquilaguna.com\/index.php\/wp-json\/wp\/v2\/posts\/18937\/revisions\/18939"}],"wp:attachment":[{"href":"https:\/\/www.aquilaguna.com\/index.php\/wp-json\/wp\/v2\/media?parent=18937"}],"wp:term":[{"taxonomy":"category","embeddable":true,"href":"https:\/\/www.aquilaguna.com\/index.php\/wp-json\/wp\/v2\/categories?post=18937"},{"taxonomy":"post_tag","embeddable":true,"href":"https:\/\/www.aquilaguna.com\/index.php\/wp-json\/wp\/v2\/tags?post=18937"}],"curies":[{"name":"wp","href":"https:\/\/api.w.org\/{rel}","templated":true}]}}