{"id":19078,"date":"2024-01-24T19:19:15","date_gmt":"2024-01-25T01:19:15","guid":{"rendered":"https:\/\/www.aquilaguna.com\/?p=19078"},"modified":"2024-01-24T19:19:15","modified_gmt":"2024-01-25T01:19:15","slug":"se-suman-cuadrillas-de-activistas-de-xavier-herrera-a-brigadas-realizadas-del-municipio","status":"publish","type":"post","link":"https:\/\/www.aquilaguna.com\/index.php\/2024\/01\/24\/se-suman-cuadrillas-de-activistas-de-xavier-herrera-a-brigadas-realizadas-del-municipio\/","title":{"rendered":"Se suman &#8220;cuadrillas de activistas&#8221; de Xavier Herrera a brigadas realizadas del municipio."},"content":{"rendered":"\n<p>Torre\u00f3n, Coahuila.- Con la asistencia de Eduardo L\u00f3pez\u00a0 &#8220;un representante&#8221; del ex\u00a0 subsecretario de Ingresos de la Secretar\u00eda de Finanzas\u00a0 de Coahuila Contador Xavier Herrera\u00a0 esta ma\u00f1ana\u00a0 sum\u00f3 simb\u00f3licamente\u00a0 &#8220;sus cuadrillas de activistas&#8221;, a la estrategia\u00a0 de las brigadas\u00a0 que lleva a cabo \u00a0 el gobierno municipal en coordinaci\u00f3n con el DIF-Torre\u00f3n para hacer llegar los p\u00fablicos de manera integral a los sectores m\u00e1s vulnerables de la poblaci\u00f3n.<\/p>\n\n\n\n<p>La presencia del &#8220;representante&#8221; citado, no pas\u00f3 desapercibida,\u00a0 incluso hizo\u00a0uso del micr\u00f3fono para\u00a0 dar a conocer el env\u00edo de los saludos del\u00a0 ex funcionario estatal mencionado\u00a0 y dirigir luego breves\u00a0palabras a los asistentes a\u00a0 la brigada celebrada bajo la\u00a0 techumbre de Nueva Zaragoza, pero\u00a0 se esperaba la presencia del ex funcionario estatal.<\/p>\n\n\n\n<p>Entrevistado\u00a0 el alcalde, no se meti\u00f3 en\u00a0 hondura alguna, diciendo sobre tal\u00a0 representante que, &#8220;todos\u00a0 somos Torre\u00f3n, todos somos importantes, no importa el orden de gobierno. Hay una coordinaci\u00f3n absoluta, la hemos tenido siempre, tanto en Campo Nuevo, Zaragoza,\u00a0 la Latino, el oriente en su conjunto no es ajeno a todas las brigadas multidisciplinarias que tienen que ver con la\u00a0 entrega de actas de nacimiento, de no\u00a0 antecedentes penales, posibilidades de \u00a0 acceder a un empleo, al autofinanciamiento,\u00a0 para poder\u00a0 abrir una peque\u00f1a empresa, de salud, a servicios\u00a0 del\u00a0 Instituto\u00a0 de la Mujer, etc&#8221;.<\/p>\n\n\n\n<p>Hoy, dijo, &#8220;ponemos en marcha\u00a0 actividades en esta parte del oriente, la verdad es que hay necesidades en todo Torre\u00f3n. Hemos avanzado mucho, pero hay que estar siempre&#8221;.<\/p>\n\n\n\n<p>&#8220;No voy a ser un alcalde\u00a0 del s\u00e9ptimo piso. No lo soy y nunca\u00a0 y lo he\u00a0 sido. Entiendo que las necesidades son grandes, la atenci\u00f3n ha sido de ese tama\u00f1o. Entendemos que hay mucho por hacer, pero que ya llevamos un buen\u00a0 camino recorrido&#8221;.\u00a0\u00a0<\/p>\n\n\n\n<p>Inform\u00f3 que estas brigadas interdisciplinarias, &#8220;no\u00a0 se suspender\u00e1n ante el periodo electoral en puerta, toda vez que atender a Torre\u00f3n es una obligaci\u00f3n&#8221;.<\/p>\n\n\n\n<p><strong>OBRAS.<\/strong><\/p>\n\n\n\n<p>En\u00a0 cuanto a inversi\u00f3n municipal en materia de obras de diverso calado y destino\u00a0 ubicadas en la zona sur\u00a0 y oriente de la ciudad. El alcalde\u00a0 dio a conocer que est\u00e1 proyectado\u00a0 \u00a0 una inversi\u00f3n de 40 millones de pesos para la construcci\u00f3n de un gran colector, que le dar\u00e1 respuesta a toda esta zona del oriente,\u00a0 en pocas semanas.\u00a0<\/p>\n\n\n\n<p>En segundo lugar, afirm\u00f3 que, &#8220;el DIF, siempre ha sido un factor importante\u00a0 en un eje de mi gobierno, en el eje transversal y es la parte que atiende a la parte m\u00e1s vulnerable de Torre\u00f3n. No podemos desestimarlo, tiene\u00a0 todo mi apoyo, mi respaldo, y el de todas las Direcciones y en este tipo de ejercicio de brigadas multidisciplinarias,\u00a0 tiene eso que ver, que no tengamos que hacer de manera aislada actuaci\u00f3n o visitas, sino en una sola\u00a0 podamos atender desde necesidades alimentarias,\u00a0 a quien necesite de una despensa, de una operaci\u00f3n de cataratas, hasta una silla de ruedas, o capital de inicio para una micro-empresa, etc&#8221;.<\/p>\n\n\n\n<p><strong>PAVIMENTACION.<\/strong><\/p>\n\n\n\n<p>En\u00a0 otro tema, revel\u00f3 que est\u00e1 por\u00a0 iniciar un ambicioso programa de repavimentaci\u00f3n, recarpeteo\u00a0 y bacheo, que sumar\u00e1 una inversi\u00f3n de\u00a0 200 millones de pesos, de manera conjunta\u00a0 con el Gobierno del Estado. &#8220;Se va ahacer en donde m\u00e1s se necesite&#8221;.\u00a0<\/p>\n\n\n\n<p>Revel\u00f3 que para ello, han&nbsp; sostenido encuentros desde que el actual gobernador andaba en campa\u00f1a y hoy, cuando ya es gobernador en funciones.<\/p>\n","protected":false},"excerpt":{"rendered":"<p>Torre\u00f3n, Coahuila.- Con la asistencia de Eduardo L\u00f3pez\u00a0 &#8220;un representante&#8221; del ex\u00a0 subsecretario de Ingresos de la Secretar\u00eda de Finanzas\u00a0 de Coahuila Contador Xavier Herrera\u00a0 esta ma\u00f1ana\u00a0 sum\u00f3 simb\u00f3licamente\u00a0 &#8220;sus cuadrillas de activistas&#8221;, a la estrategia\u00a0 de las brigadas\u00a0 que lleva a cabo \u00a0 el gobierno municipal en coordinaci\u00f3n con el DIF-Torre\u00f3n para hacer llegar los p\u00fablicos de manera integral a los sectores m\u00e1s vulnerables de la poblaci\u00f3n. La presencia&#8230;<\/p>\n","protected":false},"author":2,"featured_media":0,"comment_status":"closed","ping_status":"","sticky":false,"template":"","format":"standard","meta":{"footnotes":""},"categories":[5,28,7],"tags":[],"class_list":["post-19078","post","type-post","status-publish","format-standard","hentry","category-coahuila","category-la-laguna","category-torreon","wpcat-5-id","wpcat-28-id","wpcat-7-id"],"_links":{"self":[{"href":"https:\/\/www.aquilaguna.com\/index.php\/wp-json\/wp\/v2\/posts\/19078","targetHints":{"allow":["GET"]}}],"collection":[{"href":"https:\/\/www.aquilaguna.com\/index.php\/wp-json\/wp\/v2\/posts"}],"about":[{"href":"https:\/\/www.aquilaguna.com\/index.php\/wp-json\/wp\/v2\/types\/post"}],"author":[{"embeddable":true,"href":"https:\/\/www.aquilaguna.com\/index.php\/wp-json\/wp\/v2\/users\/2"}],"replies":[{"embeddable":true,"href":"https:\/\/www.aquilaguna.com\/index.php\/wp-json\/wp\/v2\/comments?post=19078"}],"version-history":[{"count":1,"href":"https:\/\/www.aquilaguna.com\/index.php\/wp-json\/wp\/v2\/posts\/19078\/revisions"}],"predecessor-version":[{"id":19079,"href":"https:\/\/www.aquilaguna.com\/index.php\/wp-json\/wp\/v2\/posts\/19078\/revisions\/19079"}],"wp:attachment":[{"href":"https:\/\/www.aquilaguna.com\/index.php\/wp-json\/wp\/v2\/media?parent=19078"}],"wp:term":[{"taxonomy":"category","embeddable":true,"href":"https:\/\/www.aquilaguna.com\/index.php\/wp-json\/wp\/v2\/categories?post=19078"},{"taxonomy":"post_tag","embeddable":true,"href":"https:\/\/www.aquilaguna.com\/index.php\/wp-json\/wp\/v2\/tags?post=19078"}],"curies":[{"name":"wp","href":"https:\/\/api.w.org\/{rel}","templated":true}]}}