{"id":1908,"date":"2021-04-30T18:28:42","date_gmt":"2021-04-30T23:28:42","guid":{"rendered":"https:\/\/www.aquilaguna.com\/?p=1908"},"modified":"2021-04-30T18:28:42","modified_gmt":"2021-04-30T23:28:42","slug":"arrancan-foros-de-consulta-para-la-integracion-de-la-oferta-politica-de-roman-alberto-cepeda-rumbo-al-plan-de-desarrollo-municipal-2022-2024","status":"publish","type":"post","link":"https:\/\/www.aquilaguna.com\/index.php\/2021\/04\/30\/arrancan-foros-de-consulta-para-la-integracion-de-la-oferta-politica-de-roman-alberto-cepeda-rumbo-al-plan-de-desarrollo-municipal-2022-2024\/","title":{"rendered":"ARRANCAN FOROS DE CONSULTA PARA LA INTEGRACI\u00d3N DE LA OFERTA POL\u00cdTICA, DE ROM\u00c1N ALBERTO CEPEDA, RUMBO AL PLAN DE DESARROLLO MUNICIPAL 2022-2024."},"content":{"rendered":"\n<p><strong>Se abord\u00f3 el primer Eje de Bienestar para Todos con los temas de Cultura, Deporte y<br>Atenci\u00f3n a poblaci\u00f3n Vulnerable.<\/strong><\/p>\n\n\n\n<p>Rom\u00e1n Alberto Cepeda Gonz\u00e1lez, Candidato a Alcalde de Torre\u00f3n por el PRI-PRD arranc\u00f3 los<br>Foros de Consulta para la Integraci\u00f3n de la Oferta Pol\u00edtica para lo que ser\u00e1 su administraci\u00f3n<br>municipal.<\/p>\n\n\n\n<p>Desde el inicio de su campa\u00f1a dej\u00f3 claro que \u00e9sta se centrar\u00eda en escuchar a las y los<br>torreonenses, que pondr\u00eda atenci\u00f3n en sus demandas pero tambi\u00e9n en sus propuestas.<\/p>\n\n\n\n<p>Por lo que ayer, recibi\u00f3 98 opiniones para enriquecer su Eje de Bienestar Ciudadano en los<br>t\u00f3picos de Atenci\u00f3n a Poblaci\u00f3n Vulnerable con 45, en el de Cultura con un total de 31 y en el<br>de Deporte que obtuvo 23.<\/p>\n\n\n\n<p>El foro encabezado por la se\u00f1ora Selina Bremer de Cepeda, logr\u00f3 la participaci\u00f3n de 62<br>ciudadanos de forma presencial, mientras que virtual fueron 187 los que se sumaron<br>activamente.<\/p>\n\n\n\n<p>Gracias a la participaci\u00f3n de expertos en las distintas \u00e1reas se lograron recabar una serie de<br>inquietudes y propuestas que integrar\u00e1n la oferta pol\u00edtica del candidato a la alcald\u00eda de Torre\u00f3n,<br>Rom\u00e1n Alberto Cepeda Gonz\u00e1lez, adem\u00e1s de las que se recibir\u00e1n de manera electr\u00f3nica a<br>trav\u00e9s del correo opolitica.cultura@gmail.com<\/p>\n\n\n\n<p><strong>Foro Bienestar Ciudadano.<\/strong><\/p>\n\n\n\n<p>Atenci\u00f3n a Poblaci\u00f3n Vulnerable:<br>Las principales propuestas se resumen en atenci\u00f3n en los distintos grupos y acciones:<br>personas con enfermedades mentales, adicciones, adultos mayores, mecanismos para recibir y<br>distribuir donativos, comedores comunitarios y padr\u00f3n de personas vulnerables.<\/p>\n\n\n\n<p>Cultura:<br>Desarrollo de talentos; premios, apoyos, becas y remuneraciones; Instituto descentralizado de<br>cultura; Infraestructura cultural y Centro Hist\u00f3rico y apoyo a la producci\u00f3n cinematogr\u00e1fica.<\/p>\n\n\n\n<p>Deporte:<br>M\u00e1s y mejores espacios deportivos, acceso a instalaciones deportivas para todos, capacitaci\u00f3n<br>y profesionalizaci\u00f3n deportiva, diversificaci\u00f3n deportiva, creaci\u00f3n de comit\u00e9s deportivos y<br>atenci\u00f3n al deporte adaptado.<\/p>\n\n\n\n<p>A nombre del candidato Rom\u00e1n Cepeda, Laura Reyes Retana Ramos representante de la<br>planilla, agradeci\u00f3 la participaci\u00f3n de todas y todos, al tiempo que ratific\u00f3 que ser\u00e1n tomadas<br>en cuenta sus propuestas para enriquecer el Plan de Gobierno.<\/p>\n\n\n\n<p>Las siguientes semanas se llevar\u00e1n a cabo otros Foros de consulta en los Ejes de: Impulso a la<br>Econom\u00eda y al Empleo; Obras, Servicios y Transporte P\u00fablico; Seguridad y Atenci\u00f3n Integral a<br>la Pandemia Covid-19.<\/p>\n\n\n\n<p>\u00a1SI VAMOS JUNTOS, GANAMOS TODOS!<\/p>\n","protected":false},"excerpt":{"rendered":"<p>Se abord\u00f3 el primer Eje de Bienestar para Todos con los temas de Cultura, Deporte yAtenci\u00f3n a poblaci\u00f3n Vulnerable. Rom\u00e1n Alberto Cepeda Gonz\u00e1lez, Candidato a Alcalde de Torre\u00f3n por el PRI-PRD arranc\u00f3 losForos de Consulta para la Integraci\u00f3n de la Oferta Pol\u00edtica para lo que ser\u00e1 su administraci\u00f3nmunicipal. Desde el inicio de su campa\u00f1a dej\u00f3 claro que \u00e9sta se centrar\u00eda en escuchar a las y lostorreonenses, que pondr\u00eda atenci\u00f3n en&#8230;<\/p>\n","protected":false},"author":1,"featured_media":0,"comment_status":"closed","ping_status":"closed","sticky":false,"template":"","format":"standard","meta":{"footnotes":""},"categories":[20,5,28,16,7],"tags":[],"class_list":["post-1908","post","type-post","status-publish","format-standard","hentry","category-campanas","category-coahuila","category-la-laguna","category-pri","category-torreon","wpcat-20-id","wpcat-5-id","wpcat-28-id","wpcat-16-id","wpcat-7-id"],"_links":{"self":[{"href":"https:\/\/www.aquilaguna.com\/index.php\/wp-json\/wp\/v2\/posts\/1908","targetHints":{"allow":["GET"]}}],"collection":[{"href":"https:\/\/www.aquilaguna.com\/index.php\/wp-json\/wp\/v2\/posts"}],"about":[{"href":"https:\/\/www.aquilaguna.com\/index.php\/wp-json\/wp\/v2\/types\/post"}],"author":[{"embeddable":true,"href":"https:\/\/www.aquilaguna.com\/index.php\/wp-json\/wp\/v2\/users\/1"}],"replies":[{"embeddable":true,"href":"https:\/\/www.aquilaguna.com\/index.php\/wp-json\/wp\/v2\/comments?post=1908"}],"version-history":[{"count":1,"href":"https:\/\/www.aquilaguna.com\/index.php\/wp-json\/wp\/v2\/posts\/1908\/revisions"}],"predecessor-version":[{"id":1909,"href":"https:\/\/www.aquilaguna.com\/index.php\/wp-json\/wp\/v2\/posts\/1908\/revisions\/1909"}],"wp:attachment":[{"href":"https:\/\/www.aquilaguna.com\/index.php\/wp-json\/wp\/v2\/media?parent=1908"}],"wp:term":[{"taxonomy":"category","embeddable":true,"href":"https:\/\/www.aquilaguna.com\/index.php\/wp-json\/wp\/v2\/categories?post=1908"},{"taxonomy":"post_tag","embeddable":true,"href":"https:\/\/www.aquilaguna.com\/index.php\/wp-json\/wp\/v2\/tags?post=1908"}],"curies":[{"name":"wp","href":"https:\/\/api.w.org\/{rel}","templated":true}]}}